{"id":13458,"date":"2022-09-15T09:23:31","date_gmt":"2022-09-15T09:23:31","guid":{"rendered":"https:\/\/www.k-w4w.org\/site_new\/?p=13458"},"modified":"2022-09-15T09:23:31","modified_gmt":"2022-09-15T09:23:31","slug":"njohja-e-vetes-dhe-aftesive-personale","status":"publish","type":"post","link":"https:\/\/www.k-w4w.org\/en\/njohja-e-vetes-dhe-aftesive-personale\/","title":{"rendered":"NJOHJA E VETES DHE AFT\u00cbSIVE PERSONALE"},"content":{"rendered":"<h3>NJOHJA E VETES DHE AFT\u00cbSIVE PERSONALE<\/h3>\n<p>Njohja e vetes dhe aft\u00ebsive personale ka shum\u00eb r\u00ebnd\u00ebsi n\u00eb procesin e gjetjes s\u00eb pun\u00ebs. Njohja e vetes nuk \u00ebsht\u00eb gj\u00eb e leht\u00eb si\u00e7 mund t\u00eb duket n\u00eb sip\u00ebrfaqe. Shum\u00eb njer\u00ebz nuk e njohin mir\u00eb veten dhe aft\u00ebsit\u00eb e tyre. Ka shum\u00eb individ\u00eb t\u00eb cil\u00ebt i shohin vet\u00ebm aspektet pozitive t\u00eb tyre, pa i par\u00eb, ose duke i injoruar aspektet negative. Kjo gj\u00eb ndodh\u00eb shum\u00eb shpesh, madje mund t\u00eb argumentojm\u00eb se secili nga ne p\u00ebrfshihet nga kjo m\u00ebnyr\u00eb e t\u00eb menduarit n\u00eb momente t\u00eb ndryshme t\u00eb jet\u00ebs son\u00eb.<\/p>\n<p>Tendencat e mbivler\u00ebsimit apo n\u00ebnvler\u00ebsimit t\u00eb vetes mund t\u00eb shkaktojn\u00eb probleme gjat\u00eb gjetjes s\u00eb pun\u00ebs apo edhe pas gjetjes s\u00eb saj. N\u00ebse ne besojm\u00eb se jemi shum\u00eb m\u00eb t\u00eb aft\u00eb n\u00eb ndonj\u00eb shkatht\u00ebsi se sa q\u00eb jemi realisht, ne mund t\u00eb frustrohemi kur n\u00eb pun\u00eb na jepet raporti p\u00ebr performanc\u00eb t\u00eb dob\u00ebt. Kjo mund t\u00eb na shtyj\u00eb t\u00eb faj\u00ebsojm\u00eb pun\u00ebdh\u00ebn\u00ebsin, kur n\u00eb realitet problemi q\u00ebndron te ne. N\u00eb an\u00ebn tjet\u00ebr, n\u00ebnvler\u00ebsimi i vetes mund t\u00eb na shtyj\u00eb t\u00eb mendojm\u00eb se ne nuk jemi t\u00eb aft\u00eb p\u00ebr ndonj\u00eb pun\u00eb, edhe n\u00eb qoft\u00eb se n\u00eb realitet ne do t\u00eb mund ta kryenim at\u00eb pun\u00eb me sukses. Ky mentalitet mund t\u00eb na pengoj\u00eb seriozisht n\u00eb procesin e gjetjes s\u00eb pun\u00ebs.<\/p>\n<p>Sa m\u00eb shum\u00eb q\u00eb njihni veten, aq m\u00eb shum\u00eb do t\u00eb keni mund\u00ebsi t\u00eb gjeni pun\u00ebn e p\u00ebrshtatshme p\u00ebr ju. N\u00ebse juve ju p\u00eblqen komunikimi dhe e gjeni veten shpesh duke folur me njer\u00ebz, at\u00ebher\u00eb do ta dini q\u00eb juve ju p\u00ebrshtatet nj\u00eb pun\u00eb n\u00eb t\u00eb cil\u00ebn komunikimi \u00ebsht\u00eb esencial. N\u00ebse ju p\u00eblqen t\u00eb i bindni njer\u00ebzit, juve mund t\u00eb ju p\u00ebrshtatet nj\u00eb pun\u00eb n\u00eb shitje.<\/p>\n<p>Sikurse p\u00ebr gjetje t\u00eb pun\u00ebs, njohja e vetes paraprakisht mund t\u00eb ju ndihmoj\u00eb edhe n\u00eb zgjedhjen e edukimit t\u00eb duhur. Besohet se shum\u00eb prirje (talente) te njer\u00ebzit jan\u00eb gjenetike. Kjo do t\u00eb thot\u00eb se jo t\u00eb gjith\u00eb jan\u00eb t\u00eb mir\u00eb n\u00eb m\u00ebnyr\u00eb t\u00eb barabart\u00eb me kalkulimin e numrave, apo n\u00eb k\u00ebndimin e nj\u00eb k\u00ebnge. N\u00ebse individi i njeh talentet e tij dhe fokusohet n\u00eb fisnik\u00ebrimin e tyre, gjasat e tij p\u00ebr sukses do t\u00eb jen\u00eb shum\u00eb m\u00eb t\u00eb m\u00ebdha.<\/p>\n<p>N\u00ebse e njihni veten mir\u00eb, ju do ta keni shum\u00eb m\u00eb leht\u00eb t\u00eb ambientoheni dhe t\u00eb shoq\u00ebroheni me koleg\u00ebt e pun\u00ebs. N\u00ebse i njihni an\u00ebt tuaja pozitive dhe negative dhe n\u00ebse i pranoni ato, ju do ta keni shum\u00eb m\u00eb leht\u00eb t\u00eb i pranoni edhe t\u00eb tjer\u00ebt ashtu si jan\u00eb. Kjo do t\u00eb rris\u00eb harmonin\u00eb n\u00eb vendin tuaj t\u00eb pun\u00ebs, do t\u00eb ul\u00eb nivelet tuaja t\u00eb stresit do t\u00eb ngris\u00eb nivelin e lumturis\u00eb n\u00eb pun\u00eb dhe jasht\u00eb saj.<\/p>","protected":false},"excerpt":{"rendered":"<p>NJOHJA E VETES DHE AFT\u00cbSIVE PERSONALE Njohja e vetes dhe aft\u00ebsive personale ka shum\u00eb r\u00ebnd\u00ebsi n\u00eb procesin e gjetjes s\u00eb pun\u00ebs. Njohja e vetes nuk \u00ebsht\u00eb gj\u00eb e leht\u00eb si\u00e7 mund t\u00eb duket n\u00eb sip\u00ebrfaqe. Shum\u00eb njer\u00ebz nuk e njohin mir\u00eb veten dhe aft\u00ebsit\u00eb e tyre. Ka shum\u00eb individ\u00eb t\u00eb cil\u00ebt i shohin vet\u00ebm aspektet [&hellip;]<\/p>\n","protected":false},"author":1,"featured_media":0,"comment_status":"open","ping_status":"open","sticky":false,"template":"","format":"standard","meta":{"footnotes":""},"categories":[57],"tags":[],"class_list":["post-13458","post","type-post","status-publish","format-standard","hentry","category-lexime-per-gra"],"yoast_head":"<!-- This site is optimized with the Yoast SEO plugin v27.0 - https:\/\/yoast.com\/product\/yoast-seo-wordpress\/ -->\n<title>NJOHJA E VETES DHE AFT\u00cbSIVE PERSONALE - KW4W<\/title>\n<meta name=\"robots\" content=\"index, follow, max-snippet:-1, max-image-preview:large, max-video-preview:-1\" \/>\n<link rel=\"canonical\" href=\"https:\/\/www.k-w4w.org\/en\/njohja-e-vetes-dhe-aftesive-personale\/\" \/>\n<meta property=\"og:locale\" content=\"en_US\" \/>\n<meta property=\"og:type\" content=\"article\" \/>\n<meta property=\"og:title\" content=\"NJOHJA E VETES DHE AFT\u00cbSIVE PERSONALE - KW4W\" \/>\n<meta property=\"og:description\" content=\"NJOHJA E VETES DHE AFT\u00cbSIVE PERSONALE Njohja e vetes dhe aft\u00ebsive personale ka shum\u00eb r\u00ebnd\u00ebsi n\u00eb procesin e gjetjes s\u00eb pun\u00ebs. Njohja e vetes nuk \u00ebsht\u00eb gj\u00eb e leht\u00eb si\u00e7 mund t\u00eb duket n\u00eb sip\u00ebrfaqe. Shum\u00eb njer\u00ebz nuk e njohin mir\u00eb veten dhe aft\u00ebsit\u00eb e tyre. Ka shum\u00eb individ\u00eb t\u00eb cil\u00ebt i shohin vet\u00ebm aspektet [&hellip;]\" \/>\n<meta property=\"og:url\" content=\"https:\/\/www.k-w4w.org\/en\/njohja-e-vetes-dhe-aftesive-personale\/\" \/>\n<meta property=\"og:site_name\" content=\"KW4W\" \/>\n<meta property=\"article:publisher\" content=\"https:\/\/www.facebook.com\/KosovaWomen4Women\" \/>\n<meta property=\"article:published_time\" content=\"2022-09-15T09:23:31+00:00\" \/>\n<meta name=\"author\" content=\"probit\" \/>\n<meta name=\"twitter:card\" content=\"summary_large_image\" \/>\n<meta name=\"twitter:label1\" content=\"Written by\" \/>\n\t<meta name=\"twitter:data1\" content=\"probit\" \/>\n\t<meta name=\"twitter:label2\" content=\"Est. reading time\" \/>\n\t<meta name=\"twitter:data2\" content=\"2 minutes\" \/>\n<script type=\"application\/ld+json\" class=\"yoast-schema-graph\">{\"@context\":\"https:\/\/schema.org\",\"@graph\":[{\"@type\":\"Article\",\"@id\":\"https:\/\/www.k-w4w.org\/njohja-e-vetes-dhe-aftesive-personale\/#article\",\"isPartOf\":{\"@id\":\"https:\/\/www.k-w4w.org\/njohja-e-vetes-dhe-aftesive-personale\/\"},\"author\":{\"name\":\"probit\",\"@id\":\"https:\/\/www.k-w4w.org\/en\/#\/schema\/person\/7d7af3b4add5da7f680e93ff45989ebc\"},\"headline\":\"NJOHJA E VETES DHE AFT\u00cbSIVE PERSONALE\",\"datePublished\":\"2022-09-15T09:23:31+00:00\",\"mainEntityOfPage\":{\"@id\":\"https:\/\/www.k-w4w.org\/njohja-e-vetes-dhe-aftesive-personale\/\"},\"wordCount\":506,\"commentCount\":0,\"publisher\":{\"@id\":\"https:\/\/www.k-w4w.org\/en\/#organization\"},\"articleSection\":[\"Lexime per gra\"],\"inLanguage\":\"en-US\",\"potentialAction\":[{\"@type\":\"CommentAction\",\"name\":\"Comment\",\"target\":[\"https:\/\/www.k-w4w.org\/njohja-e-vetes-dhe-aftesive-personale\/#respond\"]}]},{\"@type\":\"WebPage\",\"@id\":\"https:\/\/www.k-w4w.org\/njohja-e-vetes-dhe-aftesive-personale\/\",\"url\":\"https:\/\/www.k-w4w.org\/njohja-e-vetes-dhe-aftesive-personale\/\",\"name\":\"NJOHJA E VETES DHE AFT\u00cbSIVE PERSONALE - KW4W\",\"isPartOf\":{\"@id\":\"https:\/\/www.k-w4w.org\/en\/#website\"},\"datePublished\":\"2022-09-15T09:23:31+00:00\",\"breadcrumb\":{\"@id\":\"https:\/\/www.k-w4w.org\/njohja-e-vetes-dhe-aftesive-personale\/#breadcrumb\"},\"inLanguage\":\"en-US\",\"potentialAction\":[{\"@type\":\"ReadAction\",\"target\":[\"https:\/\/www.k-w4w.org\/njohja-e-vetes-dhe-aftesive-personale\/\"]}]},{\"@type\":\"BreadcrumbList\",\"@id\":\"https:\/\/www.k-w4w.org\/njohja-e-vetes-dhe-aftesive-personale\/#breadcrumb\",\"itemListElement\":[{\"@type\":\"ListItem\",\"position\":1,\"name\":\"Home\",\"item\":\"https:\/\/www.k-w4w.org\/\"},{\"@type\":\"ListItem\",\"position\":2,\"name\":\"NJOHJA E VETES DHE AFT\u00cbSIVE PERSONALE\"}]},{\"@type\":\"WebSite\",\"@id\":\"https:\/\/www.k-w4w.org\/en\/#website\",\"url\":\"https:\/\/www.k-w4w.org\/en\/\",\"name\":\"KW4W\",\"description\":\"\",\"publisher\":{\"@id\":\"https:\/\/www.k-w4w.org\/en\/#organization\"},\"potentialAction\":[{\"@type\":\"SearchAction\",\"target\":{\"@type\":\"EntryPoint\",\"urlTemplate\":\"https:\/\/www.k-w4w.org\/en\/?s={search_term_string}\"},\"query-input\":{\"@type\":\"PropertyValueSpecification\",\"valueRequired\":true,\"valueName\":\"search_term_string\"}}],\"inLanguage\":\"en-US\"},{\"@type\":\"Organization\",\"@id\":\"https:\/\/www.k-w4w.org\/en\/#organization\",\"name\":\"KW4W\",\"url\":\"https:\/\/www.k-w4w.org\/en\/\",\"logo\":{\"@type\":\"ImageObject\",\"inLanguage\":\"en-US\",\"@id\":\"https:\/\/www.k-w4w.org\/en\/#\/schema\/logo\/image\/\",\"url\":\"https:\/\/www.k-w4w.org\/wp-content\/uploads\/2023\/02\/cropped-wfwi_logo_color_gradient_cmyk.jpg\",\"contentUrl\":\"https:\/\/www.k-w4w.org\/wp-content\/uploads\/2023\/02\/cropped-wfwi_logo_color_gradient_cmyk.jpg\",\"width\":1243,\"height\":199,\"caption\":\"KW4W\"},\"image\":{\"@id\":\"https:\/\/www.k-w4w.org\/en\/#\/schema\/logo\/image\/\"},\"sameAs\":[\"https:\/\/www.facebook.com\/KosovaWomen4Women\",\"https:\/\/www.instagram.com\/womenforwomenkosova\/\"]},{\"@type\":\"Person\",\"@id\":\"https:\/\/www.k-w4w.org\/en\/#\/schema\/person\/7d7af3b4add5da7f680e93ff45989ebc\",\"name\":\"probit\",\"image\":{\"@type\":\"ImageObject\",\"inLanguage\":\"en-US\",\"@id\":\"https:\/\/www.k-w4w.org\/en\/#\/schema\/person\/image\/\",\"url\":\"https:\/\/secure.gravatar.com\/avatar\/ce7867571a6cc5a7f76a96db4814b3d0bd013b7ea280548474e47e5edb0fc871?s=96&d=mm&r=g\",\"contentUrl\":\"https:\/\/secure.gravatar.com\/avatar\/ce7867571a6cc5a7f76a96db4814b3d0bd013b7ea280548474e47e5edb0fc871?s=96&d=mm&r=g\",\"caption\":\"probit\"},\"sameAs\":[\"https:\/\/www.k-w4w.org\/site_new\"],\"url\":\"https:\/\/www.k-w4w.org\/en\/author\/probit\/\"}]}<\/script>\n<!-- \/ Yoast SEO plugin. -->","yoast_head_json":{"title":"NJOHJA E VETES DHE AFT\u00cbSIVE PERSONALE - KW4W","robots":{"index":"index","follow":"follow","max-snippet":"max-snippet:-1","max-image-preview":"max-image-preview:large","max-video-preview":"max-video-preview:-1"},"canonical":"https:\/\/www.k-w4w.org\/en\/njohja-e-vetes-dhe-aftesive-personale\/","og_locale":"en_US","og_type":"article","og_title":"NJOHJA E VETES DHE AFT\u00cbSIVE PERSONALE - KW4W","og_description":"NJOHJA E VETES DHE AFT\u00cbSIVE PERSONALE Njohja e vetes dhe aft\u00ebsive personale ka shum\u00eb r\u00ebnd\u00ebsi n\u00eb procesin e gjetjes s\u00eb pun\u00ebs. Njohja e vetes nuk \u00ebsht\u00eb gj\u00eb e leht\u00eb si\u00e7 mund t\u00eb duket n\u00eb sip\u00ebrfaqe. Shum\u00eb njer\u00ebz nuk e njohin mir\u00eb veten dhe aft\u00ebsit\u00eb e tyre. Ka shum\u00eb individ\u00eb t\u00eb cil\u00ebt i shohin vet\u00ebm aspektet [&hellip;]","og_url":"https:\/\/www.k-w4w.org\/en\/njohja-e-vetes-dhe-aftesive-personale\/","og_site_name":"KW4W","article_publisher":"https:\/\/www.facebook.com\/KosovaWomen4Women","article_published_time":"2022-09-15T09:23:31+00:00","author":"probit","twitter_card":"summary_large_image","twitter_misc":{"Written by":"probit","Est. reading time":"2 minutes"},"schema":{"@context":"https:\/\/schema.org","@graph":[{"@type":"Article","@id":"https:\/\/www.k-w4w.org\/njohja-e-vetes-dhe-aftesive-personale\/#article","isPartOf":{"@id":"https:\/\/www.k-w4w.org\/njohja-e-vetes-dhe-aftesive-personale\/"},"author":{"name":"probit","@id":"https:\/\/www.k-w4w.org\/en\/#\/schema\/person\/7d7af3b4add5da7f680e93ff45989ebc"},"headline":"NJOHJA E VETES DHE AFT\u00cbSIVE PERSONALE","datePublished":"2022-09-15T09:23:31+00:00","mainEntityOfPage":{"@id":"https:\/\/www.k-w4w.org\/njohja-e-vetes-dhe-aftesive-personale\/"},"wordCount":506,"commentCount":0,"publisher":{"@id":"https:\/\/www.k-w4w.org\/en\/#organization"},"articleSection":["Lexime per gra"],"inLanguage":"en-US","potentialAction":[{"@type":"CommentAction","name":"Comment","target":["https:\/\/www.k-w4w.org\/njohja-e-vetes-dhe-aftesive-personale\/#respond"]}]},{"@type":"WebPage","@id":"https:\/\/www.k-w4w.org\/njohja-e-vetes-dhe-aftesive-personale\/","url":"https:\/\/www.k-w4w.org\/njohja-e-vetes-dhe-aftesive-personale\/","name":"NJOHJA E VETES DHE AFT\u00cbSIVE PERSONALE - KW4W","isPartOf":{"@id":"https:\/\/www.k-w4w.org\/en\/#website"},"datePublished":"2022-09-15T09:23:31+00:00","breadcrumb":{"@id":"https:\/\/www.k-w4w.org\/njohja-e-vetes-dhe-aftesive-personale\/#breadcrumb"},"inLanguage":"en-US","potentialAction":[{"@type":"ReadAction","target":["https:\/\/www.k-w4w.org\/njohja-e-vetes-dhe-aftesive-personale\/"]}]},{"@type":"BreadcrumbList","@id":"https:\/\/www.k-w4w.org\/njohja-e-vetes-dhe-aftesive-personale\/#breadcrumb","itemListElement":[{"@type":"ListItem","position":1,"name":"Home","item":"https:\/\/www.k-w4w.org\/"},{"@type":"ListItem","position":2,"name":"NJOHJA E VETES DHE AFT\u00cbSIVE PERSONALE"}]},{"@type":"WebSite","@id":"https:\/\/www.k-w4w.org\/en\/#website","url":"https:\/\/www.k-w4w.org\/en\/","name":"KW4W","description":"","publisher":{"@id":"https:\/\/www.k-w4w.org\/en\/#organization"},"potentialAction":[{"@type":"SearchAction","target":{"@type":"EntryPoint","urlTemplate":"https:\/\/www.k-w4w.org\/en\/?s={search_term_string}"},"query-input":{"@type":"PropertyValueSpecification","valueRequired":true,"valueName":"search_term_string"}}],"inLanguage":"en-US"},{"@type":"Organization","@id":"https:\/\/www.k-w4w.org\/en\/#organization","name":"KW4W","url":"https:\/\/www.k-w4w.org\/en\/","logo":{"@type":"ImageObject","inLanguage":"en-US","@id":"https:\/\/www.k-w4w.org\/en\/#\/schema\/logo\/image\/","url":"https:\/\/www.k-w4w.org\/wp-content\/uploads\/2023\/02\/cropped-wfwi_logo_color_gradient_cmyk.jpg","contentUrl":"https:\/\/www.k-w4w.org\/wp-content\/uploads\/2023\/02\/cropped-wfwi_logo_color_gradient_cmyk.jpg","width":1243,"height":199,"caption":"KW4W"},"image":{"@id":"https:\/\/www.k-w4w.org\/en\/#\/schema\/logo\/image\/"},"sameAs":["https:\/\/www.facebook.com\/KosovaWomen4Women","https:\/\/www.instagram.com\/womenforwomenkosova\/"]},{"@type":"Person","@id":"https:\/\/www.k-w4w.org\/en\/#\/schema\/person\/7d7af3b4add5da7f680e93ff45989ebc","name":"probit","image":{"@type":"ImageObject","inLanguage":"en-US","@id":"https:\/\/www.k-w4w.org\/en\/#\/schema\/person\/image\/","url":"https:\/\/secure.gravatar.com\/avatar\/ce7867571a6cc5a7f76a96db4814b3d0bd013b7ea280548474e47e5edb0fc871?s=96&d=mm&r=g","contentUrl":"https:\/\/secure.gravatar.com\/avatar\/ce7867571a6cc5a7f76a96db4814b3d0bd013b7ea280548474e47e5edb0fc871?s=96&d=mm&r=g","caption":"probit"},"sameAs":["https:\/\/www.k-w4w.org\/site_new"],"url":"https:\/\/www.k-w4w.org\/en\/author\/probit\/"}]}},"_links":{"self":[{"href":"https:\/\/www.k-w4w.org\/en\/wp-json\/wp\/v2\/posts\/13458","targetHints":{"allow":["GET"]}}],"collection":[{"href":"https:\/\/www.k-w4w.org\/en\/wp-json\/wp\/v2\/posts"}],"about":[{"href":"https:\/\/www.k-w4w.org\/en\/wp-json\/wp\/v2\/types\/post"}],"author":[{"embeddable":true,"href":"https:\/\/www.k-w4w.org\/en\/wp-json\/wp\/v2\/users\/1"}],"replies":[{"embeddable":true,"href":"https:\/\/www.k-w4w.org\/en\/wp-json\/wp\/v2\/comments?post=13458"}],"version-history":[{"count":1,"href":"https:\/\/www.k-w4w.org\/en\/wp-json\/wp\/v2\/posts\/13458\/revisions"}],"predecessor-version":[{"id":13460,"href":"https:\/\/www.k-w4w.org\/en\/wp-json\/wp\/v2\/posts\/13458\/revisions\/13460"}],"wp:attachment":[{"href":"https:\/\/www.k-w4w.org\/en\/wp-json\/wp\/v2\/media?parent=13458"}],"wp:term":[{"taxonomy":"category","embeddable":true,"href":"https:\/\/www.k-w4w.org\/en\/wp-json\/wp\/v2\/categories?post=13458"},{"taxonomy":"post_tag","embeddable":true,"href":"https:\/\/www.k-w4w.org\/en\/wp-json\/wp\/v2\/tags?post=13458"}],"curies":[{"name":"wp","href":"https:\/\/api.w.org\/{rel}","templated":true}]}}