{"id":14060,"date":"2020-07-29T13:31:19","date_gmt":"2020-07-29T13:31:19","guid":{"rendered":"https:\/\/www.k-w4w.org\/site_new\/?p=14060"},"modified":"2022-10-11T12:46:23","modified_gmt":"2022-10-11T12:46:23","slug":"trajnim-rreth-perdorimit-te-mediave-sociale-per-bizneset-start-up-te-projektit-women","status":"publish","type":"post","link":"https:\/\/www.k-w4w.org\/en\/trajnim-rreth-perdorimit-te-mediave-sociale-per-bizneset-start-up-te-projektit-women\/","title":{"rendered":"TRAINING ON THE USE OF SOCIAL MEDIA FOR START-UP BUSINESSES OF THE 'WOMEN' PROJECT"},"content":{"rendered":"<p>March 10, 2020: Kosovo - Women 4 Women are continuing to support women in business, following the awarding of grants to 50 Start-Up businesses, this time helping them build capacity in various fields. On March 9 and 10, businesses were able to learn more about the usage of social media.<br \/>\nThis training is organized by\u00a0<a href=\"https:\/\/www.facebook.com\/hashtag\/kw4w?__eep__=6&amp;source=feed_text&amp;epa=HASHTAG&amp;__xts__%5B0%5D=68.ARCBWAAmpJJN1S6PcxDUKOZDG89QhneQEL0m9rDvVEp8oKcXAiUmpv0kM7GcrtxC_8vXMFBmWrwPLcPYps86dGmR299UAidU4xdyM14lNVaNgpLu-v6EpXQZmICUeybFdqcMPp2K0KwPWNt-gIhr6hbrNJK3R8-qEZnPALAt0eSq4gFET9t0kqkyWOKbqpyhD7BdlnZcds164H6aYz8cuFzXYUIjgONyaKm203i-HGUwVVzQvGMUATA9GYRqADtRTgc7PrVWG41hbKp6hnA7Xex3AOPD1JiYIsh7EuRn1kQf98F-_Zdq4uSz5X5TpcRQlhY0ffADIwDDWtRSf-X44RADfw&amp;__tn__=%2ANK-R\">#KW4W<\/a>\u00a0nd Diell Grazhdani for the Start-UP businesses of the project \u2018Women's Opportunities in Market, Economy and Networking\u2019 -WOMEN. This project is funded by the German Government through\u00a0<a href=\"https:\/\/www.facebook.com\/gizpristina\/?__tn__=K-R&amp;eid=ARDOFystSrCU90zhcJXLWyIdeyHDVJ_FOipY-44CghijKZC8YnuuLr0FAJnNk4P7RPz0dNGzcqP84PwT&amp;fref=mentions&amp;__xts__%5B0%5D=68.ARCBWAAmpJJN1S6PcxDUKOZDG89QhneQEL0m9rDvVEp8oKcXAiUmpv0kM7GcrtxC_8vXMFBmWrwPLcPYps86dGmR299UAidU4xdyM14lNVaNgpLu-v6EpXQZmICUeybFdqcMPp2K0KwPWNt-gIhr6hbrNJK3R8-qEZnPALAt0eSq4gFET9t0kqkyWOKbqpyhD7BdlnZcds164H6aYz8cuFzXYUIjgONyaKm203i-HGUwVVzQvGMUATA9GYRqADtRTgc7PrVWG41hbKp6hnA7Xex3AOPD1JiYIsh7EuRn1kQf98F-_Zdq4uSz5X5TpcRQlhY0ffADIwDDWtRSf-X44RADfw\">GIZ Kosovo<\/a>\u00a0in the framework of the project 'Creating Employment through Export Promotion'- CETEP, while is being implemented by Kosova- Women 4 Women.<\/p>","protected":false},"excerpt":{"rendered":"<p>10 Mars 2020: Kosova &#8211; Women 4 Women po vazhdon t\u00eb p\u00ebrkrah grat\u00eb n\u00eb biznes, pas ndarjes s\u00eb granteve p\u00ebr 50 biznese Start-Up, k\u00ebsaj rradhe duke i ndihmuar p\u00ebr ngritjen e kapaciteve n\u00eb fusha t\u00eb ndryshme. Me dat\u00ebn 9 dhe 10 Mars, bizneset kishin mund\u00ebsi t\u00eb m\u00ebsojn\u00eb m\u00eb shum\u00eb rreth p\u00ebrdorimit t\u00eb mediave sociale. Ky [&hellip;]<\/p>\n","protected":false},"author":1,"featured_media":14061,"comment_status":"open","ping_status":"open","sticky":false,"template":"","format":"standard","meta":{"footnotes":""},"categories":[59],"tags":[],"class_list":["post-14060","post","type-post","status-publish","format-standard","has-post-thumbnail","hentry","category-lajme"],"yoast_head":"<!-- This site is optimized with the Yoast SEO plugin v27.0 - https:\/\/yoast.com\/product\/yoast-seo-wordpress\/ -->\n<title>TRAJNIM RRETH P\u00cbRDORIMIT T\u00cb MEDIAVE SOCIALE P\u00cbR BIZNESET START-UP T\u00cb PROJEKTIT &#039;WOMEN&#039; - KW4W<\/title>\n<meta name=\"robots\" content=\"index, follow, max-snippet:-1, max-image-preview:large, max-video-preview:-1\" \/>\n<link rel=\"canonical\" href=\"https:\/\/www.k-w4w.org\/en\/trajnim-rreth-perdorimit-te-mediave-sociale-per-bizneset-start-up-te-projektit-women\/\" \/>\n<meta property=\"og:locale\" content=\"en_US\" \/>\n<meta property=\"og:type\" content=\"article\" \/>\n<meta property=\"og:title\" content=\"TRAJNIM RRETH P\u00cbRDORIMIT T\u00cb MEDIAVE SOCIALE P\u00cbR BIZNESET START-UP T\u00cb PROJEKTIT &#039;WOMEN&#039; - KW4W\" \/>\n<meta property=\"og:description\" content=\"10 Mars 2020: Kosova &#8211; Women 4 Women po vazhdon t\u00eb p\u00ebrkrah grat\u00eb n\u00eb biznes, pas ndarjes s\u00eb granteve p\u00ebr 50 biznese Start-Up, k\u00ebsaj rradhe duke i ndihmuar p\u00ebr ngritjen e kapaciteve n\u00eb fusha t\u00eb ndryshme. Me dat\u00ebn 9 dhe 10 Mars, bizneset kishin mund\u00ebsi t\u00eb m\u00ebsojn\u00eb m\u00eb shum\u00eb rreth p\u00ebrdorimit t\u00eb mediave sociale. Ky [&hellip;]\" \/>\n<meta property=\"og:url\" content=\"https:\/\/www.k-w4w.org\/en\/trajnim-rreth-perdorimit-te-mediave-sociale-per-bizneset-start-up-te-projektit-women\/\" \/>\n<meta property=\"og:site_name\" content=\"KW4W\" \/>\n<meta property=\"article:publisher\" content=\"https:\/\/www.facebook.com\/KosovaWomen4Women\" \/>\n<meta property=\"article:published_time\" content=\"2020-07-29T13:31:19+00:00\" \/>\n<meta property=\"article:modified_time\" content=\"2022-10-11T12:46:23+00:00\" \/>\n<meta property=\"og:image\" content=\"https:\/\/www.k-w4w.org\/wp-content\/uploads\/2022\/09\/88423297_2978293258901950_786647501057818624_o.380x265.jpg\" \/>\n\t<meta property=\"og:image:width\" content=\"380\" \/>\n\t<meta property=\"og:image:height\" content=\"265\" \/>\n\t<meta property=\"og:image:type\" content=\"image\/jpeg\" \/>\n<meta name=\"author\" content=\"probit\" \/>\n<meta name=\"twitter:card\" content=\"summary_large_image\" \/>\n<meta name=\"twitter:label1\" content=\"Written by\" \/>\n\t<meta name=\"twitter:data1\" content=\"probit\" \/>\n\t<meta name=\"twitter:label2\" content=\"Est. reading time\" \/>\n\t<meta name=\"twitter:data2\" content=\"1 minute\" \/>\n<script type=\"application\/ld+json\" class=\"yoast-schema-graph\">{\"@context\":\"https:\/\/schema.org\",\"@graph\":[{\"@type\":\"Article\",\"@id\":\"https:\/\/www.k-w4w.org\/trajnim-rreth-perdorimit-te-mediave-sociale-per-bizneset-start-up-te-projektit-women\/#article\",\"isPartOf\":{\"@id\":\"https:\/\/www.k-w4w.org\/trajnim-rreth-perdorimit-te-mediave-sociale-per-bizneset-start-up-te-projektit-women\/\"},\"author\":{\"name\":\"probit\",\"@id\":\"https:\/\/www.k-w4w.org\/en\/#\/schema\/person\/7d7af3b4add5da7f680e93ff45989ebc\"},\"headline\":\"TRAJNIM RRETH P\u00cbRDORIMIT T\u00cb MEDIAVE SOCIALE P\u00cbR BIZNESET START-UP T\u00cb PROJEKTIT &#8216;WOMEN&#8217;\",\"datePublished\":\"2020-07-29T13:31:19+00:00\",\"dateModified\":\"2022-10-11T12:46:23+00:00\",\"mainEntityOfPage\":{\"@id\":\"https:\/\/www.k-w4w.org\/trajnim-rreth-perdorimit-te-mediave-sociale-per-bizneset-start-up-te-projektit-women\/\"},\"wordCount\":129,\"commentCount\":0,\"publisher\":{\"@id\":\"https:\/\/www.k-w4w.org\/en\/#organization\"},\"image\":{\"@id\":\"https:\/\/www.k-w4w.org\/trajnim-rreth-perdorimit-te-mediave-sociale-per-bizneset-start-up-te-projektit-women\/#primaryimage\"},\"thumbnailUrl\":\"https:\/\/www.k-w4w.org\/wp-content\/uploads\/2022\/09\/88423297_2978293258901950_786647501057818624_o.380x265.jpg\",\"articleSection\":[\"Lajme\"],\"inLanguage\":\"en-US\",\"potentialAction\":[{\"@type\":\"CommentAction\",\"name\":\"Comment\",\"target\":[\"https:\/\/www.k-w4w.org\/trajnim-rreth-perdorimit-te-mediave-sociale-per-bizneset-start-up-te-projektit-women\/#respond\"]}]},{\"@type\":\"WebPage\",\"@id\":\"https:\/\/www.k-w4w.org\/trajnim-rreth-perdorimit-te-mediave-sociale-per-bizneset-start-up-te-projektit-women\/\",\"url\":\"https:\/\/www.k-w4w.org\/trajnim-rreth-perdorimit-te-mediave-sociale-per-bizneset-start-up-te-projektit-women\/\",\"name\":\"TRAJNIM RRETH P\u00cbRDORIMIT T\u00cb MEDIAVE SOCIALE P\u00cbR BIZNESET START-UP T\u00cb PROJEKTIT 'WOMEN' - KW4W\",\"isPartOf\":{\"@id\":\"https:\/\/www.k-w4w.org\/en\/#website\"},\"primaryImageOfPage\":{\"@id\":\"https:\/\/www.k-w4w.org\/trajnim-rreth-perdorimit-te-mediave-sociale-per-bizneset-start-up-te-projektit-women\/#primaryimage\"},\"image\":{\"@id\":\"https:\/\/www.k-w4w.org\/trajnim-rreth-perdorimit-te-mediave-sociale-per-bizneset-start-up-te-projektit-women\/#primaryimage\"},\"thumbnailUrl\":\"https:\/\/www.k-w4w.org\/wp-content\/uploads\/2022\/09\/88423297_2978293258901950_786647501057818624_o.380x265.jpg\",\"datePublished\":\"2020-07-29T13:31:19+00:00\",\"dateModified\":\"2022-10-11T12:46:23+00:00\",\"breadcrumb\":{\"@id\":\"https:\/\/www.k-w4w.org\/trajnim-rreth-perdorimit-te-mediave-sociale-per-bizneset-start-up-te-projektit-women\/#breadcrumb\"},\"inLanguage\":\"en-US\",\"potentialAction\":[{\"@type\":\"ReadAction\",\"target\":[\"https:\/\/www.k-w4w.org\/trajnim-rreth-perdorimit-te-mediave-sociale-per-bizneset-start-up-te-projektit-women\/\"]}]},{\"@type\":\"ImageObject\",\"inLanguage\":\"en-US\",\"@id\":\"https:\/\/www.k-w4w.org\/trajnim-rreth-perdorimit-te-mediave-sociale-per-bizneset-start-up-te-projektit-women\/#primaryimage\",\"url\":\"https:\/\/www.k-w4w.org\/wp-content\/uploads\/2022\/09\/88423297_2978293258901950_786647501057818624_o.380x265.jpg\",\"contentUrl\":\"https:\/\/www.k-w4w.org\/wp-content\/uploads\/2022\/09\/88423297_2978293258901950_786647501057818624_o.380x265.jpg\",\"width\":380,\"height\":265},{\"@type\":\"BreadcrumbList\",\"@id\":\"https:\/\/www.k-w4w.org\/trajnim-rreth-perdorimit-te-mediave-sociale-per-bizneset-start-up-te-projektit-women\/#breadcrumb\",\"itemListElement\":[{\"@type\":\"ListItem\",\"position\":1,\"name\":\"Home\",\"item\":\"https:\/\/www.k-w4w.org\/\"},{\"@type\":\"ListItem\",\"position\":2,\"name\":\"TRAJNIM RRETH P\u00cbRDORIMIT T\u00cb MEDIAVE SOCIALE P\u00cbR BIZNESET START-UP T\u00cb PROJEKTIT &#8216;WOMEN&#8217;\"}]},{\"@type\":\"WebSite\",\"@id\":\"https:\/\/www.k-w4w.org\/en\/#website\",\"url\":\"https:\/\/www.k-w4w.org\/en\/\",\"name\":\"KW4W\",\"description\":\"\",\"publisher\":{\"@id\":\"https:\/\/www.k-w4w.org\/en\/#organization\"},\"potentialAction\":[{\"@type\":\"SearchAction\",\"target\":{\"@type\":\"EntryPoint\",\"urlTemplate\":\"https:\/\/www.k-w4w.org\/en\/?s={search_term_string}\"},\"query-input\":{\"@type\":\"PropertyValueSpecification\",\"valueRequired\":true,\"valueName\":\"search_term_string\"}}],\"inLanguage\":\"en-US\"},{\"@type\":\"Organization\",\"@id\":\"https:\/\/www.k-w4w.org\/en\/#organization\",\"name\":\"KW4W\",\"url\":\"https:\/\/www.k-w4w.org\/en\/\",\"logo\":{\"@type\":\"ImageObject\",\"inLanguage\":\"en-US\",\"@id\":\"https:\/\/www.k-w4w.org\/en\/#\/schema\/logo\/image\/\",\"url\":\"https:\/\/www.k-w4w.org\/wp-content\/uploads\/2023\/02\/cropped-wfwi_logo_color_gradient_cmyk.jpg\",\"contentUrl\":\"https:\/\/www.k-w4w.org\/wp-content\/uploads\/2023\/02\/cropped-wfwi_logo_color_gradient_cmyk.jpg\",\"width\":1243,\"height\":199,\"caption\":\"KW4W\"},\"image\":{\"@id\":\"https:\/\/www.k-w4w.org\/en\/#\/schema\/logo\/image\/\"},\"sameAs\":[\"https:\/\/www.facebook.com\/KosovaWomen4Women\",\"https:\/\/www.instagram.com\/womenforwomenkosova\/\"]},{\"@type\":\"Person\",\"@id\":\"https:\/\/www.k-w4w.org\/en\/#\/schema\/person\/7d7af3b4add5da7f680e93ff45989ebc\",\"name\":\"probit\",\"image\":{\"@type\":\"ImageObject\",\"inLanguage\":\"en-US\",\"@id\":\"https:\/\/www.k-w4w.org\/en\/#\/schema\/person\/image\/\",\"url\":\"https:\/\/secure.gravatar.com\/avatar\/ce7867571a6cc5a7f76a96db4814b3d0bd013b7ea280548474e47e5edb0fc871?s=96&d=mm&r=g\",\"contentUrl\":\"https:\/\/secure.gravatar.com\/avatar\/ce7867571a6cc5a7f76a96db4814b3d0bd013b7ea280548474e47e5edb0fc871?s=96&d=mm&r=g\",\"caption\":\"probit\"},\"sameAs\":[\"https:\/\/www.k-w4w.org\/site_new\"],\"url\":\"https:\/\/www.k-w4w.org\/en\/author\/probit\/\"}]}<\/script>\n<!-- \/ Yoast SEO plugin. -->","yoast_head_json":{"title":"TRAJNIM RRETH P\u00cbRDORIMIT T\u00cb MEDIAVE SOCIALE P\u00cbR BIZNESET START-UP T\u00cb PROJEKTIT 'WOMEN' - KW4W","robots":{"index":"index","follow":"follow","max-snippet":"max-snippet:-1","max-image-preview":"max-image-preview:large","max-video-preview":"max-video-preview:-1"},"canonical":"https:\/\/www.k-w4w.org\/en\/trajnim-rreth-perdorimit-te-mediave-sociale-per-bizneset-start-up-te-projektit-women\/","og_locale":"en_US","og_type":"article","og_title":"TRAJNIM RRETH P\u00cbRDORIMIT T\u00cb MEDIAVE SOCIALE P\u00cbR BIZNESET START-UP T\u00cb PROJEKTIT 'WOMEN' - KW4W","og_description":"10 Mars 2020: Kosova &#8211; Women 4 Women po vazhdon t\u00eb p\u00ebrkrah grat\u00eb n\u00eb biznes, pas ndarjes s\u00eb granteve p\u00ebr 50 biznese Start-Up, k\u00ebsaj rradhe duke i ndihmuar p\u00ebr ngritjen e kapaciteve n\u00eb fusha t\u00eb ndryshme. Me dat\u00ebn 9 dhe 10 Mars, bizneset kishin mund\u00ebsi t\u00eb m\u00ebsojn\u00eb m\u00eb shum\u00eb rreth p\u00ebrdorimit t\u00eb mediave sociale. Ky [&hellip;]","og_url":"https:\/\/www.k-w4w.org\/en\/trajnim-rreth-perdorimit-te-mediave-sociale-per-bizneset-start-up-te-projektit-women\/","og_site_name":"KW4W","article_publisher":"https:\/\/www.facebook.com\/KosovaWomen4Women","article_published_time":"2020-07-29T13:31:19+00:00","article_modified_time":"2022-10-11T12:46:23+00:00","og_image":[{"width":380,"height":265,"url":"https:\/\/www.k-w4w.org\/wp-content\/uploads\/2022\/09\/88423297_2978293258901950_786647501057818624_o.380x265.jpg","type":"image\/jpeg"}],"author":"probit","twitter_card":"summary_large_image","twitter_misc":{"Written by":"probit","Est. reading time":"1 minute"},"schema":{"@context":"https:\/\/schema.org","@graph":[{"@type":"Article","@id":"https:\/\/www.k-w4w.org\/trajnim-rreth-perdorimit-te-mediave-sociale-per-bizneset-start-up-te-projektit-women\/#article","isPartOf":{"@id":"https:\/\/www.k-w4w.org\/trajnim-rreth-perdorimit-te-mediave-sociale-per-bizneset-start-up-te-projektit-women\/"},"author":{"name":"probit","@id":"https:\/\/www.k-w4w.org\/en\/#\/schema\/person\/7d7af3b4add5da7f680e93ff45989ebc"},"headline":"TRAJNIM RRETH P\u00cbRDORIMIT T\u00cb MEDIAVE SOCIALE P\u00cbR BIZNESET START-UP T\u00cb PROJEKTIT &#8216;WOMEN&#8217;","datePublished":"2020-07-29T13:31:19+00:00","dateModified":"2022-10-11T12:46:23+00:00","mainEntityOfPage":{"@id":"https:\/\/www.k-w4w.org\/trajnim-rreth-perdorimit-te-mediave-sociale-per-bizneset-start-up-te-projektit-women\/"},"wordCount":129,"commentCount":0,"publisher":{"@id":"https:\/\/www.k-w4w.org\/en\/#organization"},"image":{"@id":"https:\/\/www.k-w4w.org\/trajnim-rreth-perdorimit-te-mediave-sociale-per-bizneset-start-up-te-projektit-women\/#primaryimage"},"thumbnailUrl":"https:\/\/www.k-w4w.org\/wp-content\/uploads\/2022\/09\/88423297_2978293258901950_786647501057818624_o.380x265.jpg","articleSection":["Lajme"],"inLanguage":"en-US","potentialAction":[{"@type":"CommentAction","name":"Comment","target":["https:\/\/www.k-w4w.org\/trajnim-rreth-perdorimit-te-mediave-sociale-per-bizneset-start-up-te-projektit-women\/#respond"]}]},{"@type":"WebPage","@id":"https:\/\/www.k-w4w.org\/trajnim-rreth-perdorimit-te-mediave-sociale-per-bizneset-start-up-te-projektit-women\/","url":"https:\/\/www.k-w4w.org\/trajnim-rreth-perdorimit-te-mediave-sociale-per-bizneset-start-up-te-projektit-women\/","name":"TRAJNIM RRETH P\u00cbRDORIMIT T\u00cb MEDIAVE SOCIALE P\u00cbR BIZNESET START-UP T\u00cb PROJEKTIT 'WOMEN' - KW4W","isPartOf":{"@id":"https:\/\/www.k-w4w.org\/en\/#website"},"primaryImageOfPage":{"@id":"https:\/\/www.k-w4w.org\/trajnim-rreth-perdorimit-te-mediave-sociale-per-bizneset-start-up-te-projektit-women\/#primaryimage"},"image":{"@id":"https:\/\/www.k-w4w.org\/trajnim-rreth-perdorimit-te-mediave-sociale-per-bizneset-start-up-te-projektit-women\/#primaryimage"},"thumbnailUrl":"https:\/\/www.k-w4w.org\/wp-content\/uploads\/2022\/09\/88423297_2978293258901950_786647501057818624_o.380x265.jpg","datePublished":"2020-07-29T13:31:19+00:00","dateModified":"2022-10-11T12:46:23+00:00","breadcrumb":{"@id":"https:\/\/www.k-w4w.org\/trajnim-rreth-perdorimit-te-mediave-sociale-per-bizneset-start-up-te-projektit-women\/#breadcrumb"},"inLanguage":"en-US","potentialAction":[{"@type":"ReadAction","target":["https:\/\/www.k-w4w.org\/trajnim-rreth-perdorimit-te-mediave-sociale-per-bizneset-start-up-te-projektit-women\/"]}]},{"@type":"ImageObject","inLanguage":"en-US","@id":"https:\/\/www.k-w4w.org\/trajnim-rreth-perdorimit-te-mediave-sociale-per-bizneset-start-up-te-projektit-women\/#primaryimage","url":"https:\/\/www.k-w4w.org\/wp-content\/uploads\/2022\/09\/88423297_2978293258901950_786647501057818624_o.380x265.jpg","contentUrl":"https:\/\/www.k-w4w.org\/wp-content\/uploads\/2022\/09\/88423297_2978293258901950_786647501057818624_o.380x265.jpg","width":380,"height":265},{"@type":"BreadcrumbList","@id":"https:\/\/www.k-w4w.org\/trajnim-rreth-perdorimit-te-mediave-sociale-per-bizneset-start-up-te-projektit-women\/#breadcrumb","itemListElement":[{"@type":"ListItem","position":1,"name":"Home","item":"https:\/\/www.k-w4w.org\/"},{"@type":"ListItem","position":2,"name":"TRAJNIM RRETH P\u00cbRDORIMIT T\u00cb MEDIAVE SOCIALE P\u00cbR BIZNESET START-UP T\u00cb PROJEKTIT &#8216;WOMEN&#8217;"}]},{"@type":"WebSite","@id":"https:\/\/www.k-w4w.org\/en\/#website","url":"https:\/\/www.k-w4w.org\/en\/","name":"KW4W","description":"","publisher":{"@id":"https:\/\/www.k-w4w.org\/en\/#organization"},"potentialAction":[{"@type":"SearchAction","target":{"@type":"EntryPoint","urlTemplate":"https:\/\/www.k-w4w.org\/en\/?s={search_term_string}"},"query-input":{"@type":"PropertyValueSpecification","valueRequired":true,"valueName":"search_term_string"}}],"inLanguage":"en-US"},{"@type":"Organization","@id":"https:\/\/www.k-w4w.org\/en\/#organization","name":"KW4W","url":"https:\/\/www.k-w4w.org\/en\/","logo":{"@type":"ImageObject","inLanguage":"en-US","@id":"https:\/\/www.k-w4w.org\/en\/#\/schema\/logo\/image\/","url":"https:\/\/www.k-w4w.org\/wp-content\/uploads\/2023\/02\/cropped-wfwi_logo_color_gradient_cmyk.jpg","contentUrl":"https:\/\/www.k-w4w.org\/wp-content\/uploads\/2023\/02\/cropped-wfwi_logo_color_gradient_cmyk.jpg","width":1243,"height":199,"caption":"KW4W"},"image":{"@id":"https:\/\/www.k-w4w.org\/en\/#\/schema\/logo\/image\/"},"sameAs":["https:\/\/www.facebook.com\/KosovaWomen4Women","https:\/\/www.instagram.com\/womenforwomenkosova\/"]},{"@type":"Person","@id":"https:\/\/www.k-w4w.org\/en\/#\/schema\/person\/7d7af3b4add5da7f680e93ff45989ebc","name":"probit","image":{"@type":"ImageObject","inLanguage":"en-US","@id":"https:\/\/www.k-w4w.org\/en\/#\/schema\/person\/image\/","url":"https:\/\/secure.gravatar.com\/avatar\/ce7867571a6cc5a7f76a96db4814b3d0bd013b7ea280548474e47e5edb0fc871?s=96&d=mm&r=g","contentUrl":"https:\/\/secure.gravatar.com\/avatar\/ce7867571a6cc5a7f76a96db4814b3d0bd013b7ea280548474e47e5edb0fc871?s=96&d=mm&r=g","caption":"probit"},"sameAs":["https:\/\/www.k-w4w.org\/site_new"],"url":"https:\/\/www.k-w4w.org\/en\/author\/probit\/"}]}},"_links":{"self":[{"href":"https:\/\/www.k-w4w.org\/en\/wp-json\/wp\/v2\/posts\/14060","targetHints":{"allow":["GET"]}}],"collection":[{"href":"https:\/\/www.k-w4w.org\/en\/wp-json\/wp\/v2\/posts"}],"about":[{"href":"https:\/\/www.k-w4w.org\/en\/wp-json\/wp\/v2\/types\/post"}],"author":[{"embeddable":true,"href":"https:\/\/www.k-w4w.org\/en\/wp-json\/wp\/v2\/users\/1"}],"replies":[{"embeddable":true,"href":"https:\/\/www.k-w4w.org\/en\/wp-json\/wp\/v2\/comments?post=14060"}],"version-history":[{"count":1,"href":"https:\/\/www.k-w4w.org\/en\/wp-json\/wp\/v2\/posts\/14060\/revisions"}],"predecessor-version":[{"id":14062,"href":"https:\/\/www.k-w4w.org\/en\/wp-json\/wp\/v2\/posts\/14060\/revisions\/14062"}],"wp:featuredmedia":[{"embeddable":true,"href":"https:\/\/www.k-w4w.org\/en\/wp-json\/wp\/v2\/media\/14061"}],"wp:attachment":[{"href":"https:\/\/www.k-w4w.org\/en\/wp-json\/wp\/v2\/media?parent=14060"}],"wp:term":[{"taxonomy":"category","embeddable":true,"href":"https:\/\/www.k-w4w.org\/en\/wp-json\/wp\/v2\/categories?post=14060"},{"taxonomy":"post_tag","embeddable":true,"href":"https:\/\/www.k-w4w.org\/en\/wp-json\/wp\/v2\/tags?post=14060"}],"curies":[{"name":"wp","href":"https:\/\/api.w.org\/{rel}","templated":true}]}}