{"id":14382,"date":"2020-12-12T08:44:05","date_gmt":"2020-12-12T08:44:05","guid":{"rendered":"https:\/\/www.k-w4w.org\/site_new\/?p=14382"},"modified":"2022-10-12T07:38:46","modified_gmt":"2022-10-12T07:38:46","slug":"kw4w-pjese-e-konferences-online-te-organizuar-nga-keshilli-i-evropes-dhe-misioni-i-osbe-se-ne-kosove-ne-lidhje-me-diskutimin-mbi-konventen-e-stambollit","status":"publish","type":"post","link":"https:\/\/www.k-w4w.org\/en\/kw4w-pjese-e-konferences-online-te-organizuar-nga-keshilli-i-evropes-dhe-misioni-i-osbe-se-ne-kosove-ne-lidhje-me-diskutimin-mbi-konventen-e-stambollit\/","title":{"rendered":"KW4W PART OF THE ONLINE CONFERENCE ORGANIZED BY THE COUNCIL OF EUROPE AND THE OSCE MISSION IN KOSOVO REGARDING THE DISCUSSION ON THE ISTANBUL CONVENTION"},"content":{"rendered":"<p>Kosova-Women 4 Women part of the High Level Online Conference organized by the Council of Europe and the OSCE Mission in Kosovo regarding the discussion of the Istanbul Convention.<\/p>\n<p>Present at this conference were the Head of the Council of Europe Office, Mr. Frank Power, OSCE Ambassador Jan Braathu, Prime Minister of the Republic of Kosovo, Mr. Hoti and the Deputy Speaker of the Assembly of Kosovo, Mrs. Nagavci, members of the Law Enforcement Institutions against domestic violence on the basis of gender and members of Civil Society.<\/p>","protected":false},"excerpt":{"rendered":"<p>Kosova-Women 4 Women pjes\u00eb e Konferenc\u00ebs online t\u00eb nivelit t\u00eb lart\u00eb t\u00eb organizuar nga K\u00ebshilli i Evrop\u00ebs dhe Misioni i OSBE-s\u00eb n\u00eb Kosov\u00eb n\u00eb lidhje me diskutimin mbi Konvent\u00ebn e Stambollit. T\u00eb pranish\u00ebm n\u00eb k\u00ebt\u00eb konference ishin Shefi i Zyr\u00ebs s\u00eb K\u00ebshillit t\u00eb Evrop\u00ebs z. Frank Power, Ambasadori i OSBE-s\u00eb z. Jan Braathu, kryeministri i [&hellip;]<\/p>\n","protected":false},"author":1,"featured_media":14383,"comment_status":"open","ping_status":"open","sticky":false,"template":"","format":"standard","meta":{"footnotes":""},"categories":[59],"tags":[],"class_list":["post-14382","post","type-post","status-publish","format-standard","has-post-thumbnail","hentry","category-lajme"],"yoast_head":"<!-- This site is optimized with the Yoast SEO plugin v27.0 - https:\/\/yoast.com\/product\/yoast-seo-wordpress\/ -->\n<title>KW4W PJES\u00cb E KONFERENC\u00cbS ONLINE T\u00cb ORGANIZUAR NGA K\u00cbSHILLI I EVROP\u00cbS DHE MISIONI I OSBE-S\u00cb N\u00cb KOSOV\u00cb N\u00cb LIDHJE ME DISKUTIMIN MBI KONVENT\u00cbN E STAMBOLLIT - KW4W<\/title>\n<meta name=\"robots\" content=\"index, follow, max-snippet:-1, max-image-preview:large, max-video-preview:-1\" \/>\n<link rel=\"canonical\" href=\"https:\/\/www.k-w4w.org\/en\/kw4w-pjese-e-konferences-online-te-organizuar-nga-keshilli-i-evropes-dhe-misioni-i-osbe-se-ne-kosove-ne-lidhje-me-diskutimin-mbi-konventen-e-stambollit\/\" \/>\n<meta property=\"og:locale\" content=\"en_US\" \/>\n<meta property=\"og:type\" content=\"article\" \/>\n<meta property=\"og:title\" content=\"KW4W PJES\u00cb E KONFERENC\u00cbS ONLINE T\u00cb ORGANIZUAR NGA K\u00cbSHILLI I EVROP\u00cbS DHE MISIONI I OSBE-S\u00cb N\u00cb KOSOV\u00cb N\u00cb LIDHJE ME DISKUTIMIN MBI KONVENT\u00cbN E STAMBOLLIT - KW4W\" \/>\n<meta property=\"og:description\" content=\"Kosova-Women 4 Women pjes\u00eb e Konferenc\u00ebs online t\u00eb nivelit t\u00eb lart\u00eb t\u00eb organizuar nga K\u00ebshilli i Evrop\u00ebs dhe Misioni i OSBE-s\u00eb n\u00eb Kosov\u00eb n\u00eb lidhje me diskutimin mbi Konvent\u00ebn e Stambollit. T\u00eb pranish\u00ebm n\u00eb k\u00ebt\u00eb konference ishin Shefi i Zyr\u00ebs s\u00eb K\u00ebshillit t\u00eb Evrop\u00ebs z. Frank Power, Ambasadori i OSBE-s\u00eb z. Jan Braathu, kryeministri i [&hellip;]\" \/>\n<meta property=\"og:url\" content=\"https:\/\/www.k-w4w.org\/en\/kw4w-pjese-e-konferences-online-te-organizuar-nga-keshilli-i-evropes-dhe-misioni-i-osbe-se-ne-kosove-ne-lidhje-me-diskutimin-mbi-konventen-e-stambollit\/\" \/>\n<meta property=\"og:site_name\" content=\"KW4W\" \/>\n<meta property=\"article:publisher\" content=\"https:\/\/www.facebook.com\/KosovaWomen4Women\" \/>\n<meta property=\"article:published_time\" content=\"2020-12-12T08:44:05+00:00\" \/>\n<meta property=\"article:modified_time\" content=\"2022-10-12T07:38:46+00:00\" \/>\n<meta property=\"og:image\" content=\"https:\/\/www.k-w4w.org\/wp-content\/uploads\/2022\/09\/130738334_3724025324328736_1436339548215334277_n.380x265.png\" \/>\n\t<meta property=\"og:image:width\" content=\"380\" \/>\n\t<meta property=\"og:image:height\" content=\"265\" \/>\n\t<meta property=\"og:image:type\" content=\"image\/png\" \/>\n<meta name=\"author\" content=\"probit\" \/>\n<meta name=\"twitter:card\" content=\"summary_large_image\" \/>\n<meta name=\"twitter:label1\" content=\"Written by\" \/>\n\t<meta name=\"twitter:data1\" content=\"probit\" \/>\n\t<meta name=\"twitter:label2\" content=\"Est. reading time\" \/>\n\t<meta name=\"twitter:data2\" content=\"1 minute\" \/>\n<script type=\"application\/ld+json\" class=\"yoast-schema-graph\">{\"@context\":\"https:\/\/schema.org\",\"@graph\":[{\"@type\":\"Article\",\"@id\":\"https:\/\/www.k-w4w.org\/kw4w-pjese-e-konferences-online-te-organizuar-nga-keshilli-i-evropes-dhe-misioni-i-osbe-se-ne-kosove-ne-lidhje-me-diskutimin-mbi-konventen-e-stambollit\/#article\",\"isPartOf\":{\"@id\":\"https:\/\/www.k-w4w.org\/kw4w-pjese-e-konferences-online-te-organizuar-nga-keshilli-i-evropes-dhe-misioni-i-osbe-se-ne-kosove-ne-lidhje-me-diskutimin-mbi-konventen-e-stambollit\/\"},\"author\":{\"name\":\"probit\",\"@id\":\"https:\/\/www.k-w4w.org\/en\/#\/schema\/person\/7d7af3b4add5da7f680e93ff45989ebc\"},\"headline\":\"KW4W PJES\u00cb E KONFERENC\u00cbS ONLINE T\u00cb ORGANIZUAR NGA K\u00cbSHILLI I EVROP\u00cbS DHE MISIONI I OSBE-S\u00cb N\u00cb KOSOV\u00cb N\u00cb LIDHJE ME DISKUTIMIN MBI KONVENT\u00cbN E STAMBOLLIT\",\"datePublished\":\"2020-12-12T08:44:05+00:00\",\"dateModified\":\"2022-10-12T07:38:46+00:00\",\"mainEntityOfPage\":{\"@id\":\"https:\/\/www.k-w4w.org\/kw4w-pjese-e-konferences-online-te-organizuar-nga-keshilli-i-evropes-dhe-misioni-i-osbe-se-ne-kosove-ne-lidhje-me-diskutimin-mbi-konventen-e-stambollit\/\"},\"wordCount\":134,\"commentCount\":0,\"publisher\":{\"@id\":\"https:\/\/www.k-w4w.org\/en\/#organization\"},\"image\":{\"@id\":\"https:\/\/www.k-w4w.org\/kw4w-pjese-e-konferences-online-te-organizuar-nga-keshilli-i-evropes-dhe-misioni-i-osbe-se-ne-kosove-ne-lidhje-me-diskutimin-mbi-konventen-e-stambollit\/#primaryimage\"},\"thumbnailUrl\":\"https:\/\/www.k-w4w.org\/wp-content\/uploads\/2022\/09\/130738334_3724025324328736_1436339548215334277_n.380x265.png\",\"articleSection\":[\"Lajme\"],\"inLanguage\":\"en-US\",\"potentialAction\":[{\"@type\":\"CommentAction\",\"name\":\"Comment\",\"target\":[\"https:\/\/www.k-w4w.org\/kw4w-pjese-e-konferences-online-te-organizuar-nga-keshilli-i-evropes-dhe-misioni-i-osbe-se-ne-kosove-ne-lidhje-me-diskutimin-mbi-konventen-e-stambollit\/#respond\"]}]},{\"@type\":\"WebPage\",\"@id\":\"https:\/\/www.k-w4w.org\/kw4w-pjese-e-konferences-online-te-organizuar-nga-keshilli-i-evropes-dhe-misioni-i-osbe-se-ne-kosove-ne-lidhje-me-diskutimin-mbi-konventen-e-stambollit\/\",\"url\":\"https:\/\/www.k-w4w.org\/kw4w-pjese-e-konferences-online-te-organizuar-nga-keshilli-i-evropes-dhe-misioni-i-osbe-se-ne-kosove-ne-lidhje-me-diskutimin-mbi-konventen-e-stambollit\/\",\"name\":\"KW4W PJES\u00cb E KONFERENC\u00cbS ONLINE T\u00cb ORGANIZUAR NGA K\u00cbSHILLI I EVROP\u00cbS DHE MISIONI I OSBE-S\u00cb N\u00cb KOSOV\u00cb N\u00cb LIDHJE ME DISKUTIMIN MBI KONVENT\u00cbN E STAMBOLLIT - KW4W\",\"isPartOf\":{\"@id\":\"https:\/\/www.k-w4w.org\/en\/#website\"},\"primaryImageOfPage\":{\"@id\":\"https:\/\/www.k-w4w.org\/kw4w-pjese-e-konferences-online-te-organizuar-nga-keshilli-i-evropes-dhe-misioni-i-osbe-se-ne-kosove-ne-lidhje-me-diskutimin-mbi-konventen-e-stambollit\/#primaryimage\"},\"image\":{\"@id\":\"https:\/\/www.k-w4w.org\/kw4w-pjese-e-konferences-online-te-organizuar-nga-keshilli-i-evropes-dhe-misioni-i-osbe-se-ne-kosove-ne-lidhje-me-diskutimin-mbi-konventen-e-stambollit\/#primaryimage\"},\"thumbnailUrl\":\"https:\/\/www.k-w4w.org\/wp-content\/uploads\/2022\/09\/130738334_3724025324328736_1436339548215334277_n.380x265.png\",\"datePublished\":\"2020-12-12T08:44:05+00:00\",\"dateModified\":\"2022-10-12T07:38:46+00:00\",\"breadcrumb\":{\"@id\":\"https:\/\/www.k-w4w.org\/kw4w-pjese-e-konferences-online-te-organizuar-nga-keshilli-i-evropes-dhe-misioni-i-osbe-se-ne-kosove-ne-lidhje-me-diskutimin-mbi-konventen-e-stambollit\/#breadcrumb\"},\"inLanguage\":\"en-US\",\"potentialAction\":[{\"@type\":\"ReadAction\",\"target\":[\"https:\/\/www.k-w4w.org\/kw4w-pjese-e-konferences-online-te-organizuar-nga-keshilli-i-evropes-dhe-misioni-i-osbe-se-ne-kosove-ne-lidhje-me-diskutimin-mbi-konventen-e-stambollit\/\"]}]},{\"@type\":\"ImageObject\",\"inLanguage\":\"en-US\",\"@id\":\"https:\/\/www.k-w4w.org\/kw4w-pjese-e-konferences-online-te-organizuar-nga-keshilli-i-evropes-dhe-misioni-i-osbe-se-ne-kosove-ne-lidhje-me-diskutimin-mbi-konventen-e-stambollit\/#primaryimage\",\"url\":\"https:\/\/www.k-w4w.org\/wp-content\/uploads\/2022\/09\/130738334_3724025324328736_1436339548215334277_n.380x265.png\",\"contentUrl\":\"https:\/\/www.k-w4w.org\/wp-content\/uploads\/2022\/09\/130738334_3724025324328736_1436339548215334277_n.380x265.png\",\"width\":380,\"height\":265},{\"@type\":\"BreadcrumbList\",\"@id\":\"https:\/\/www.k-w4w.org\/kw4w-pjese-e-konferences-online-te-organizuar-nga-keshilli-i-evropes-dhe-misioni-i-osbe-se-ne-kosove-ne-lidhje-me-diskutimin-mbi-konventen-e-stambollit\/#breadcrumb\",\"itemListElement\":[{\"@type\":\"ListItem\",\"position\":1,\"name\":\"Home\",\"item\":\"https:\/\/www.k-w4w.org\/\"},{\"@type\":\"ListItem\",\"position\":2,\"name\":\"KW4W PJES\u00cb E KONFERENC\u00cbS ONLINE T\u00cb ORGANIZUAR NGA K\u00cbSHILLI I EVROP\u00cbS DHE MISIONI I OSBE-S\u00cb N\u00cb KOSOV\u00cb N\u00cb LIDHJE ME DISKUTIMIN MBI KONVENT\u00cbN E STAMBOLLIT\"}]},{\"@type\":\"WebSite\",\"@id\":\"https:\/\/www.k-w4w.org\/en\/#website\",\"url\":\"https:\/\/www.k-w4w.org\/en\/\",\"name\":\"KW4W\",\"description\":\"\",\"publisher\":{\"@id\":\"https:\/\/www.k-w4w.org\/en\/#organization\"},\"potentialAction\":[{\"@type\":\"SearchAction\",\"target\":{\"@type\":\"EntryPoint\",\"urlTemplate\":\"https:\/\/www.k-w4w.org\/en\/?s={search_term_string}\"},\"query-input\":{\"@type\":\"PropertyValueSpecification\",\"valueRequired\":true,\"valueName\":\"search_term_string\"}}],\"inLanguage\":\"en-US\"},{\"@type\":\"Organization\",\"@id\":\"https:\/\/www.k-w4w.org\/en\/#organization\",\"name\":\"KW4W\",\"url\":\"https:\/\/www.k-w4w.org\/en\/\",\"logo\":{\"@type\":\"ImageObject\",\"inLanguage\":\"en-US\",\"@id\":\"https:\/\/www.k-w4w.org\/en\/#\/schema\/logo\/image\/\",\"url\":\"https:\/\/www.k-w4w.org\/wp-content\/uploads\/2023\/02\/cropped-wfwi_logo_color_gradient_cmyk.jpg\",\"contentUrl\":\"https:\/\/www.k-w4w.org\/wp-content\/uploads\/2023\/02\/cropped-wfwi_logo_color_gradient_cmyk.jpg\",\"width\":1243,\"height\":199,\"caption\":\"KW4W\"},\"image\":{\"@id\":\"https:\/\/www.k-w4w.org\/en\/#\/schema\/logo\/image\/\"},\"sameAs\":[\"https:\/\/www.facebook.com\/KosovaWomen4Women\",\"https:\/\/www.instagram.com\/womenforwomenkosova\/\"]},{\"@type\":\"Person\",\"@id\":\"https:\/\/www.k-w4w.org\/en\/#\/schema\/person\/7d7af3b4add5da7f680e93ff45989ebc\",\"name\":\"probit\",\"image\":{\"@type\":\"ImageObject\",\"inLanguage\":\"en-US\",\"@id\":\"https:\/\/www.k-w4w.org\/en\/#\/schema\/person\/image\/\",\"url\":\"https:\/\/secure.gravatar.com\/avatar\/ce7867571a6cc5a7f76a96db4814b3d0bd013b7ea280548474e47e5edb0fc871?s=96&d=mm&r=g\",\"contentUrl\":\"https:\/\/secure.gravatar.com\/avatar\/ce7867571a6cc5a7f76a96db4814b3d0bd013b7ea280548474e47e5edb0fc871?s=96&d=mm&r=g\",\"caption\":\"probit\"},\"sameAs\":[\"https:\/\/www.k-w4w.org\/site_new\"],\"url\":\"https:\/\/www.k-w4w.org\/en\/author\/probit\/\"}]}<\/script>\n<!-- \/ Yoast SEO plugin. -->","yoast_head_json":{"title":"KW4W PJES\u00cb E KONFERENC\u00cbS ONLINE T\u00cb ORGANIZUAR NGA K\u00cbSHILLI I EVROP\u00cbS DHE MISIONI I OSBE-S\u00cb N\u00cb KOSOV\u00cb N\u00cb LIDHJE ME DISKUTIMIN MBI KONVENT\u00cbN E STAMBOLLIT - KW4W","robots":{"index":"index","follow":"follow","max-snippet":"max-snippet:-1","max-image-preview":"max-image-preview:large","max-video-preview":"max-video-preview:-1"},"canonical":"https:\/\/www.k-w4w.org\/en\/kw4w-pjese-e-konferences-online-te-organizuar-nga-keshilli-i-evropes-dhe-misioni-i-osbe-se-ne-kosove-ne-lidhje-me-diskutimin-mbi-konventen-e-stambollit\/","og_locale":"en_US","og_type":"article","og_title":"KW4W PJES\u00cb E KONFERENC\u00cbS ONLINE T\u00cb ORGANIZUAR NGA K\u00cbSHILLI I EVROP\u00cbS DHE MISIONI I OSBE-S\u00cb N\u00cb KOSOV\u00cb N\u00cb LIDHJE ME DISKUTIMIN MBI KONVENT\u00cbN E STAMBOLLIT - KW4W","og_description":"Kosova-Women 4 Women pjes\u00eb e Konferenc\u00ebs online t\u00eb nivelit t\u00eb lart\u00eb t\u00eb organizuar nga K\u00ebshilli i Evrop\u00ebs dhe Misioni i OSBE-s\u00eb n\u00eb Kosov\u00eb n\u00eb lidhje me diskutimin mbi Konvent\u00ebn e Stambollit. T\u00eb pranish\u00ebm n\u00eb k\u00ebt\u00eb konference ishin Shefi i Zyr\u00ebs s\u00eb K\u00ebshillit t\u00eb Evrop\u00ebs z. Frank Power, Ambasadori i OSBE-s\u00eb z. Jan Braathu, kryeministri i [&hellip;]","og_url":"https:\/\/www.k-w4w.org\/en\/kw4w-pjese-e-konferences-online-te-organizuar-nga-keshilli-i-evropes-dhe-misioni-i-osbe-se-ne-kosove-ne-lidhje-me-diskutimin-mbi-konventen-e-stambollit\/","og_site_name":"KW4W","article_publisher":"https:\/\/www.facebook.com\/KosovaWomen4Women","article_published_time":"2020-12-12T08:44:05+00:00","article_modified_time":"2022-10-12T07:38:46+00:00","og_image":[{"width":380,"height":265,"url":"https:\/\/www.k-w4w.org\/wp-content\/uploads\/2022\/09\/130738334_3724025324328736_1436339548215334277_n.380x265.png","type":"image\/png"}],"author":"probit","twitter_card":"summary_large_image","twitter_misc":{"Written by":"probit","Est. reading time":"1 minute"},"schema":{"@context":"https:\/\/schema.org","@graph":[{"@type":"Article","@id":"https:\/\/www.k-w4w.org\/kw4w-pjese-e-konferences-online-te-organizuar-nga-keshilli-i-evropes-dhe-misioni-i-osbe-se-ne-kosove-ne-lidhje-me-diskutimin-mbi-konventen-e-stambollit\/#article","isPartOf":{"@id":"https:\/\/www.k-w4w.org\/kw4w-pjese-e-konferences-online-te-organizuar-nga-keshilli-i-evropes-dhe-misioni-i-osbe-se-ne-kosove-ne-lidhje-me-diskutimin-mbi-konventen-e-stambollit\/"},"author":{"name":"probit","@id":"https:\/\/www.k-w4w.org\/en\/#\/schema\/person\/7d7af3b4add5da7f680e93ff45989ebc"},"headline":"KW4W PJES\u00cb E KONFERENC\u00cbS ONLINE T\u00cb ORGANIZUAR NGA K\u00cbSHILLI I EVROP\u00cbS DHE MISIONI I OSBE-S\u00cb N\u00cb KOSOV\u00cb N\u00cb LIDHJE ME DISKUTIMIN MBI KONVENT\u00cbN E STAMBOLLIT","datePublished":"2020-12-12T08:44:05+00:00","dateModified":"2022-10-12T07:38:46+00:00","mainEntityOfPage":{"@id":"https:\/\/www.k-w4w.org\/kw4w-pjese-e-konferences-online-te-organizuar-nga-keshilli-i-evropes-dhe-misioni-i-osbe-se-ne-kosove-ne-lidhje-me-diskutimin-mbi-konventen-e-stambollit\/"},"wordCount":134,"commentCount":0,"publisher":{"@id":"https:\/\/www.k-w4w.org\/en\/#organization"},"image":{"@id":"https:\/\/www.k-w4w.org\/kw4w-pjese-e-konferences-online-te-organizuar-nga-keshilli-i-evropes-dhe-misioni-i-osbe-se-ne-kosove-ne-lidhje-me-diskutimin-mbi-konventen-e-stambollit\/#primaryimage"},"thumbnailUrl":"https:\/\/www.k-w4w.org\/wp-content\/uploads\/2022\/09\/130738334_3724025324328736_1436339548215334277_n.380x265.png","articleSection":["Lajme"],"inLanguage":"en-US","potentialAction":[{"@type":"CommentAction","name":"Comment","target":["https:\/\/www.k-w4w.org\/kw4w-pjese-e-konferences-online-te-organizuar-nga-keshilli-i-evropes-dhe-misioni-i-osbe-se-ne-kosove-ne-lidhje-me-diskutimin-mbi-konventen-e-stambollit\/#respond"]}]},{"@type":"WebPage","@id":"https:\/\/www.k-w4w.org\/kw4w-pjese-e-konferences-online-te-organizuar-nga-keshilli-i-evropes-dhe-misioni-i-osbe-se-ne-kosove-ne-lidhje-me-diskutimin-mbi-konventen-e-stambollit\/","url":"https:\/\/www.k-w4w.org\/kw4w-pjese-e-konferences-online-te-organizuar-nga-keshilli-i-evropes-dhe-misioni-i-osbe-se-ne-kosove-ne-lidhje-me-diskutimin-mbi-konventen-e-stambollit\/","name":"KW4W PJES\u00cb E KONFERENC\u00cbS ONLINE T\u00cb ORGANIZUAR NGA K\u00cbSHILLI I EVROP\u00cbS DHE MISIONI I OSBE-S\u00cb N\u00cb KOSOV\u00cb N\u00cb LIDHJE ME DISKUTIMIN MBI KONVENT\u00cbN E STAMBOLLIT - KW4W","isPartOf":{"@id":"https:\/\/www.k-w4w.org\/en\/#website"},"primaryImageOfPage":{"@id":"https:\/\/www.k-w4w.org\/kw4w-pjese-e-konferences-online-te-organizuar-nga-keshilli-i-evropes-dhe-misioni-i-osbe-se-ne-kosove-ne-lidhje-me-diskutimin-mbi-konventen-e-stambollit\/#primaryimage"},"image":{"@id":"https:\/\/www.k-w4w.org\/kw4w-pjese-e-konferences-online-te-organizuar-nga-keshilli-i-evropes-dhe-misioni-i-osbe-se-ne-kosove-ne-lidhje-me-diskutimin-mbi-konventen-e-stambollit\/#primaryimage"},"thumbnailUrl":"https:\/\/www.k-w4w.org\/wp-content\/uploads\/2022\/09\/130738334_3724025324328736_1436339548215334277_n.380x265.png","datePublished":"2020-12-12T08:44:05+00:00","dateModified":"2022-10-12T07:38:46+00:00","breadcrumb":{"@id":"https:\/\/www.k-w4w.org\/kw4w-pjese-e-konferences-online-te-organizuar-nga-keshilli-i-evropes-dhe-misioni-i-osbe-se-ne-kosove-ne-lidhje-me-diskutimin-mbi-konventen-e-stambollit\/#breadcrumb"},"inLanguage":"en-US","potentialAction":[{"@type":"ReadAction","target":["https:\/\/www.k-w4w.org\/kw4w-pjese-e-konferences-online-te-organizuar-nga-keshilli-i-evropes-dhe-misioni-i-osbe-se-ne-kosove-ne-lidhje-me-diskutimin-mbi-konventen-e-stambollit\/"]}]},{"@type":"ImageObject","inLanguage":"en-US","@id":"https:\/\/www.k-w4w.org\/kw4w-pjese-e-konferences-online-te-organizuar-nga-keshilli-i-evropes-dhe-misioni-i-osbe-se-ne-kosove-ne-lidhje-me-diskutimin-mbi-konventen-e-stambollit\/#primaryimage","url":"https:\/\/www.k-w4w.org\/wp-content\/uploads\/2022\/09\/130738334_3724025324328736_1436339548215334277_n.380x265.png","contentUrl":"https:\/\/www.k-w4w.org\/wp-content\/uploads\/2022\/09\/130738334_3724025324328736_1436339548215334277_n.380x265.png","width":380,"height":265},{"@type":"BreadcrumbList","@id":"https:\/\/www.k-w4w.org\/kw4w-pjese-e-konferences-online-te-organizuar-nga-keshilli-i-evropes-dhe-misioni-i-osbe-se-ne-kosove-ne-lidhje-me-diskutimin-mbi-konventen-e-stambollit\/#breadcrumb","itemListElement":[{"@type":"ListItem","position":1,"name":"Home","item":"https:\/\/www.k-w4w.org\/"},{"@type":"ListItem","position":2,"name":"KW4W PJES\u00cb E KONFERENC\u00cbS ONLINE T\u00cb ORGANIZUAR NGA K\u00cbSHILLI I EVROP\u00cbS DHE MISIONI I OSBE-S\u00cb N\u00cb KOSOV\u00cb N\u00cb LIDHJE ME DISKUTIMIN MBI KONVENT\u00cbN E STAMBOLLIT"}]},{"@type":"WebSite","@id":"https:\/\/www.k-w4w.org\/en\/#website","url":"https:\/\/www.k-w4w.org\/en\/","name":"KW4W","description":"","publisher":{"@id":"https:\/\/www.k-w4w.org\/en\/#organization"},"potentialAction":[{"@type":"SearchAction","target":{"@type":"EntryPoint","urlTemplate":"https:\/\/www.k-w4w.org\/en\/?s={search_term_string}"},"query-input":{"@type":"PropertyValueSpecification","valueRequired":true,"valueName":"search_term_string"}}],"inLanguage":"en-US"},{"@type":"Organization","@id":"https:\/\/www.k-w4w.org\/en\/#organization","name":"KW4W","url":"https:\/\/www.k-w4w.org\/en\/","logo":{"@type":"ImageObject","inLanguage":"en-US","@id":"https:\/\/www.k-w4w.org\/en\/#\/schema\/logo\/image\/","url":"https:\/\/www.k-w4w.org\/wp-content\/uploads\/2023\/02\/cropped-wfwi_logo_color_gradient_cmyk.jpg","contentUrl":"https:\/\/www.k-w4w.org\/wp-content\/uploads\/2023\/02\/cropped-wfwi_logo_color_gradient_cmyk.jpg","width":1243,"height":199,"caption":"KW4W"},"image":{"@id":"https:\/\/www.k-w4w.org\/en\/#\/schema\/logo\/image\/"},"sameAs":["https:\/\/www.facebook.com\/KosovaWomen4Women","https:\/\/www.instagram.com\/womenforwomenkosova\/"]},{"@type":"Person","@id":"https:\/\/www.k-w4w.org\/en\/#\/schema\/person\/7d7af3b4add5da7f680e93ff45989ebc","name":"probit","image":{"@type":"ImageObject","inLanguage":"en-US","@id":"https:\/\/www.k-w4w.org\/en\/#\/schema\/person\/image\/","url":"https:\/\/secure.gravatar.com\/avatar\/ce7867571a6cc5a7f76a96db4814b3d0bd013b7ea280548474e47e5edb0fc871?s=96&d=mm&r=g","contentUrl":"https:\/\/secure.gravatar.com\/avatar\/ce7867571a6cc5a7f76a96db4814b3d0bd013b7ea280548474e47e5edb0fc871?s=96&d=mm&r=g","caption":"probit"},"sameAs":["https:\/\/www.k-w4w.org\/site_new"],"url":"https:\/\/www.k-w4w.org\/en\/author\/probit\/"}]}},"_links":{"self":[{"href":"https:\/\/www.k-w4w.org\/en\/wp-json\/wp\/v2\/posts\/14382","targetHints":{"allow":["GET"]}}],"collection":[{"href":"https:\/\/www.k-w4w.org\/en\/wp-json\/wp\/v2\/posts"}],"about":[{"href":"https:\/\/www.k-w4w.org\/en\/wp-json\/wp\/v2\/types\/post"}],"author":[{"embeddable":true,"href":"https:\/\/www.k-w4w.org\/en\/wp-json\/wp\/v2\/users\/1"}],"replies":[{"embeddable":true,"href":"https:\/\/www.k-w4w.org\/en\/wp-json\/wp\/v2\/comments?post=14382"}],"version-history":[{"count":1,"href":"https:\/\/www.k-w4w.org\/en\/wp-json\/wp\/v2\/posts\/14382\/revisions"}],"predecessor-version":[{"id":14384,"href":"https:\/\/www.k-w4w.org\/en\/wp-json\/wp\/v2\/posts\/14382\/revisions\/14384"}],"wp:featuredmedia":[{"embeddable":true,"href":"https:\/\/www.k-w4w.org\/en\/wp-json\/wp\/v2\/media\/14383"}],"wp:attachment":[{"href":"https:\/\/www.k-w4w.org\/en\/wp-json\/wp\/v2\/media?parent=14382"}],"wp:term":[{"taxonomy":"category","embeddable":true,"href":"https:\/\/www.k-w4w.org\/en\/wp-json\/wp\/v2\/categories?post=14382"},{"taxonomy":"post_tag","embeddable":true,"href":"https:\/\/www.k-w4w.org\/en\/wp-json\/wp\/v2\/tags?post=14382"}],"curies":[{"name":"wp","href":"https:\/\/api.w.org\/{rel}","templated":true}]}}