{"id":14393,"date":"2021-03-30T08:49:16","date_gmt":"2021-03-30T08:49:16","guid":{"rendered":"https:\/\/www.k-w4w.org\/site_new\/?p=14393"},"modified":"2022-10-12T07:48:31","modified_gmt":"2022-10-12T07:48:31","slug":"kw4w-ndan-pervojen-ne-ngjarjen-e-tajvanit-per-muajin-e-historise-se-grave","status":"publish","type":"post","link":"https:\/\/www.k-w4w.org\/en\/kw4w-ndan-pervojen-ne-ngjarjen-e-tajvanit-per-muajin-e-historise-se-grave\/","title":{"rendered":"KW4W SHARES EXPERIENCE AT TAIWAN\u2019S EVENT FOR WOMEN\u2019S HISTORY MONTH"},"content":{"rendered":"<p>In observance of Women\u2019s History Month, Taiwan\u2019s Foundation of Women's Rights Promotion and Development (FWRPD) is coordinating a series of activities in March, including ACCELERATING WOMEN\u2019S ECONOMIC EMPOWERMENT webinar organized by the Foundation and the Ministry of Foreign Affairs on March 18.<\/p>\n<p>Taiwan\u2019s Minister without Portfolio Audrey Tang, State Secretary to Minister for Gender Equality of Sweden, Karin Strand\u00e5s, Taiwan\u2019s Ambassador at Large Lin Ching-Yi and Dr. liriana Gashi, the Executive Director of Kosova Women for Women (K-W4W) participated in the dialogue.<\/p>\n<p>Gashi, who had been to #Taiwan, shared her experiences in advancing women\u2019s economic rights and independence in Kosovo. She indicated high unemployment of women in #Kosovo. In Kosovo, only 20% of women are registered active participants in the labor market, compared to 65.7% of men. Furthermore, only 13% of working age women are employed in comparison with 47% of men. Her organization has been helping the social and economic empowerment of women since 1999, around 35,000 have received social and economic empowerment trainings. As a result of their work, over 10 businesses and 50 associations have been established by women who graduated from their programs. Gashi also expressed her gratitude to Taiwan\u2019s Ministry of Foreign Affairs funding for K-W4W computers and printers in need.<\/p>\n<p>Due to the pandemic impact, the government and parliament of Kosovo have special programs directly support to businesses owned by women. Gashi said, however, women in Kosovo have<br \/>\nsuffered jobs lost in the informal sector, such as child care, maintaining of the houses. K-W4W has organized the payment of a minimal salary for women who have lost their jobs.<br \/>\nK-W4W also welcome the local businesses to use its business incubator in its own building. In addition, K-W4W has cooperated with multinational companies. The cooperation with Body Shop in their campaign \u201cCome Together, Act Together\u201d has given an opportunity for funds to one of its members. This is a recently great example of investing in women\u2019s empowerment and supporting marginalized women to earn. Giving the rights to women and more economic power in women\u2019s hand is good for men as well, Gashi said.<\/p>\n<p>The 65th session of #UN #CSW runs from March 15-26. Held as part of the non-government organization forum to the UN\u2019s Commission on the Status of Women (NGO-CSW), there will be another 26 parallel sessions organized by Taiwanese NGOs. The active participation of Taiwan\u2019s civil society organizations in the NGO-CSW forum is an indication of the advances Taiwan has made toward gender equality in recent years.<\/p>\n<p>Due to #COVID-19, NGO-CSW65 will largely be a virtual event. Despite the restrictions, the enthusiastic participation of Taiwan\u2019s NGOs shows that Taiwan is ready to hit the road running in the post-pandemic race for gender equality.<\/p>","protected":false},"excerpt":{"rendered":"<p>N\u00eb respekt t\u00eb Muajit t\u00eb Historis\u00eb s\u00eb Grave, Fondacioni i Tajvanit p\u00ebr Promovimin dhe Zhvillimin e t\u00eb Drejtave t\u00eb Grave (FWRPD) po koordinon nj\u00eb seri aktivitetesh n\u00eb Mars, duke p\u00ebrfshir\u00eb edhe webinarin PERSHPEJTIMIN E FUQIZIMIT EKONOMIK TE GRAVE , organizuar nga Fondacioni dhe Ministria e Pun\u00ebve t\u00eb Jashtme m\u00eb 18 Mars. Ministrja e Tajvanit pa [&hellip;]<\/p>\n","protected":false},"author":1,"featured_media":13483,"comment_status":"open","ping_status":"open","sticky":false,"template":"","format":"standard","meta":{"footnotes":""},"categories":[59],"tags":[],"class_list":["post-14393","post","type-post","status-publish","format-standard","has-post-thumbnail","hentry","category-lajme"],"yoast_head":"<!-- This site is optimized with the Yoast SEO plugin v27.0 - https:\/\/yoast.com\/product\/yoast-seo-wordpress\/ -->\n<title>KW4W NDAN P\u00cbRVOJ\u00cbN N\u00cb NGJARJEN E TAJVANIT P\u00cbR MUAJIN E HISTORIS\u00cb S\u00cb GRAVE - KW4W<\/title>\n<meta name=\"robots\" content=\"index, follow, max-snippet:-1, max-image-preview:large, max-video-preview:-1\" \/>\n<link rel=\"canonical\" href=\"https:\/\/www.k-w4w.org\/en\/kw4w-ndan-pervojen-ne-ngjarjen-e-tajvanit-per-muajin-e-historise-se-grave\/\" \/>\n<meta property=\"og:locale\" content=\"en_US\" \/>\n<meta property=\"og:type\" content=\"article\" \/>\n<meta property=\"og:title\" content=\"KW4W NDAN P\u00cbRVOJ\u00cbN N\u00cb NGJARJEN E TAJVANIT P\u00cbR MUAJIN E HISTORIS\u00cb S\u00cb GRAVE - KW4W\" \/>\n<meta property=\"og:description\" content=\"N\u00eb respekt t\u00eb Muajit t\u00eb Historis\u00eb s\u00eb Grave, Fondacioni i Tajvanit p\u00ebr Promovimin dhe Zhvillimin e t\u00eb Drejtave t\u00eb Grave (FWRPD) po koordinon nj\u00eb seri aktivitetesh n\u00eb Mars, duke p\u00ebrfshir\u00eb edhe webinarin PERSHPEJTIMIN E FUQIZIMIT EKONOMIK TE GRAVE , organizuar nga Fondacioni dhe Ministria e Pun\u00ebve t\u00eb Jashtme m\u00eb 18 Mars. Ministrja e Tajvanit pa [&hellip;]\" \/>\n<meta property=\"og:url\" content=\"https:\/\/www.k-w4w.org\/en\/kw4w-ndan-pervojen-ne-ngjarjen-e-tajvanit-per-muajin-e-historise-se-grave\/\" \/>\n<meta property=\"og:site_name\" content=\"KW4W\" \/>\n<meta property=\"article:publisher\" content=\"https:\/\/www.facebook.com\/KosovaWomen4Women\" \/>\n<meta property=\"article:published_time\" content=\"2021-03-30T08:49:16+00:00\" \/>\n<meta property=\"article:modified_time\" content=\"2022-10-12T07:48:31+00:00\" \/>\n<meta property=\"og:image\" content=\"https:\/\/www.k-w4w.org\/wp-content\/uploads\/2022\/09\/162464860_4381148338579630_9074272086039814013_n.380x265.jpg\" \/>\n\t<meta property=\"og:image:width\" content=\"380\" \/>\n\t<meta property=\"og:image:height\" content=\"265\" \/>\n\t<meta property=\"og:image:type\" content=\"image\/jpeg\" \/>\n<meta name=\"author\" content=\"probit\" \/>\n<meta name=\"twitter:card\" content=\"summary_large_image\" \/>\n<meta name=\"twitter:label1\" content=\"Written by\" \/>\n\t<meta name=\"twitter:data1\" content=\"probit\" \/>\n\t<meta name=\"twitter:label2\" content=\"Est. reading time\" \/>\n\t<meta name=\"twitter:data2\" content=\"3 minutes\" \/>\n<script type=\"application\/ld+json\" class=\"yoast-schema-graph\">{\"@context\":\"https:\/\/schema.org\",\"@graph\":[{\"@type\":\"Article\",\"@id\":\"https:\/\/www.k-w4w.org\/kw4w-ndan-pervojen-ne-ngjarjen-e-tajvanit-per-muajin-e-historise-se-grave\/#article\",\"isPartOf\":{\"@id\":\"https:\/\/www.k-w4w.org\/kw4w-ndan-pervojen-ne-ngjarjen-e-tajvanit-per-muajin-e-historise-se-grave\/\"},\"author\":{\"name\":\"probit\",\"@id\":\"https:\/\/www.k-w4w.org\/en\/#\/schema\/person\/7d7af3b4add5da7f680e93ff45989ebc\"},\"headline\":\"KW4W NDAN P\u00cbRVOJ\u00cbN N\u00cb NGJARJEN E TAJVANIT P\u00cbR MUAJIN E HISTORIS\u00cb S\u00cb GRAVE\",\"datePublished\":\"2021-03-30T08:49:16+00:00\",\"dateModified\":\"2022-10-12T07:48:31+00:00\",\"mainEntityOfPage\":{\"@id\":\"https:\/\/www.k-w4w.org\/kw4w-ndan-pervojen-ne-ngjarjen-e-tajvanit-per-muajin-e-historise-se-grave\/\"},\"wordCount\":583,\"commentCount\":0,\"publisher\":{\"@id\":\"https:\/\/www.k-w4w.org\/en\/#organization\"},\"image\":{\"@id\":\"https:\/\/www.k-w4w.org\/kw4w-ndan-pervojen-ne-ngjarjen-e-tajvanit-per-muajin-e-historise-se-grave\/#primaryimage\"},\"thumbnailUrl\":\"https:\/\/www.k-w4w.org\/wp-content\/uploads\/2022\/09\/162464860_4381148338579630_9074272086039814013_n.380x265.jpg\",\"articleSection\":[\"Lajme\"],\"inLanguage\":\"en-US\",\"potentialAction\":[{\"@type\":\"CommentAction\",\"name\":\"Comment\",\"target\":[\"https:\/\/www.k-w4w.org\/kw4w-ndan-pervojen-ne-ngjarjen-e-tajvanit-per-muajin-e-historise-se-grave\/#respond\"]}]},{\"@type\":\"WebPage\",\"@id\":\"https:\/\/www.k-w4w.org\/kw4w-ndan-pervojen-ne-ngjarjen-e-tajvanit-per-muajin-e-historise-se-grave\/\",\"url\":\"https:\/\/www.k-w4w.org\/kw4w-ndan-pervojen-ne-ngjarjen-e-tajvanit-per-muajin-e-historise-se-grave\/\",\"name\":\"KW4W NDAN P\u00cbRVOJ\u00cbN N\u00cb NGJARJEN E TAJVANIT P\u00cbR MUAJIN E HISTORIS\u00cb S\u00cb GRAVE - KW4W\",\"isPartOf\":{\"@id\":\"https:\/\/www.k-w4w.org\/en\/#website\"},\"primaryImageOfPage\":{\"@id\":\"https:\/\/www.k-w4w.org\/kw4w-ndan-pervojen-ne-ngjarjen-e-tajvanit-per-muajin-e-historise-se-grave\/#primaryimage\"},\"image\":{\"@id\":\"https:\/\/www.k-w4w.org\/kw4w-ndan-pervojen-ne-ngjarjen-e-tajvanit-per-muajin-e-historise-se-grave\/#primaryimage\"},\"thumbnailUrl\":\"https:\/\/www.k-w4w.org\/wp-content\/uploads\/2022\/09\/162464860_4381148338579630_9074272086039814013_n.380x265.jpg\",\"datePublished\":\"2021-03-30T08:49:16+00:00\",\"dateModified\":\"2022-10-12T07:48:31+00:00\",\"breadcrumb\":{\"@id\":\"https:\/\/www.k-w4w.org\/kw4w-ndan-pervojen-ne-ngjarjen-e-tajvanit-per-muajin-e-historise-se-grave\/#breadcrumb\"},\"inLanguage\":\"en-US\",\"potentialAction\":[{\"@type\":\"ReadAction\",\"target\":[\"https:\/\/www.k-w4w.org\/kw4w-ndan-pervojen-ne-ngjarjen-e-tajvanit-per-muajin-e-historise-se-grave\/\"]}]},{\"@type\":\"ImageObject\",\"inLanguage\":\"en-US\",\"@id\":\"https:\/\/www.k-w4w.org\/kw4w-ndan-pervojen-ne-ngjarjen-e-tajvanit-per-muajin-e-historise-se-grave\/#primaryimage\",\"url\":\"https:\/\/www.k-w4w.org\/wp-content\/uploads\/2022\/09\/162464860_4381148338579630_9074272086039814013_n.380x265.jpg\",\"contentUrl\":\"https:\/\/www.k-w4w.org\/wp-content\/uploads\/2022\/09\/162464860_4381148338579630_9074272086039814013_n.380x265.jpg\",\"width\":380,\"height\":265},{\"@type\":\"BreadcrumbList\",\"@id\":\"https:\/\/www.k-w4w.org\/kw4w-ndan-pervojen-ne-ngjarjen-e-tajvanit-per-muajin-e-historise-se-grave\/#breadcrumb\",\"itemListElement\":[{\"@type\":\"ListItem\",\"position\":1,\"name\":\"Home\",\"item\":\"https:\/\/www.k-w4w.org\/\"},{\"@type\":\"ListItem\",\"position\":2,\"name\":\"KW4W NDAN P\u00cbRVOJ\u00cbN N\u00cb NGJARJEN E TAJVANIT P\u00cbR MUAJIN E HISTORIS\u00cb S\u00cb GRAVE\"}]},{\"@type\":\"WebSite\",\"@id\":\"https:\/\/www.k-w4w.org\/en\/#website\",\"url\":\"https:\/\/www.k-w4w.org\/en\/\",\"name\":\"KW4W\",\"description\":\"\",\"publisher\":{\"@id\":\"https:\/\/www.k-w4w.org\/en\/#organization\"},\"potentialAction\":[{\"@type\":\"SearchAction\",\"target\":{\"@type\":\"EntryPoint\",\"urlTemplate\":\"https:\/\/www.k-w4w.org\/en\/?s={search_term_string}\"},\"query-input\":{\"@type\":\"PropertyValueSpecification\",\"valueRequired\":true,\"valueName\":\"search_term_string\"}}],\"inLanguage\":\"en-US\"},{\"@type\":\"Organization\",\"@id\":\"https:\/\/www.k-w4w.org\/en\/#organization\",\"name\":\"KW4W\",\"url\":\"https:\/\/www.k-w4w.org\/en\/\",\"logo\":{\"@type\":\"ImageObject\",\"inLanguage\":\"en-US\",\"@id\":\"https:\/\/www.k-w4w.org\/en\/#\/schema\/logo\/image\/\",\"url\":\"https:\/\/www.k-w4w.org\/wp-content\/uploads\/2023\/02\/cropped-wfwi_logo_color_gradient_cmyk.jpg\",\"contentUrl\":\"https:\/\/www.k-w4w.org\/wp-content\/uploads\/2023\/02\/cropped-wfwi_logo_color_gradient_cmyk.jpg\",\"width\":1243,\"height\":199,\"caption\":\"KW4W\"},\"image\":{\"@id\":\"https:\/\/www.k-w4w.org\/en\/#\/schema\/logo\/image\/\"},\"sameAs\":[\"https:\/\/www.facebook.com\/KosovaWomen4Women\",\"https:\/\/www.instagram.com\/womenforwomenkosova\/\"]},{\"@type\":\"Person\",\"@id\":\"https:\/\/www.k-w4w.org\/en\/#\/schema\/person\/7d7af3b4add5da7f680e93ff45989ebc\",\"name\":\"probit\",\"image\":{\"@type\":\"ImageObject\",\"inLanguage\":\"en-US\",\"@id\":\"https:\/\/www.k-w4w.org\/en\/#\/schema\/person\/image\/\",\"url\":\"https:\/\/secure.gravatar.com\/avatar\/ce7867571a6cc5a7f76a96db4814b3d0bd013b7ea280548474e47e5edb0fc871?s=96&d=mm&r=g\",\"contentUrl\":\"https:\/\/secure.gravatar.com\/avatar\/ce7867571a6cc5a7f76a96db4814b3d0bd013b7ea280548474e47e5edb0fc871?s=96&d=mm&r=g\",\"caption\":\"probit\"},\"sameAs\":[\"https:\/\/www.k-w4w.org\/site_new\"],\"url\":\"https:\/\/www.k-w4w.org\/en\/author\/probit\/\"}]}<\/script>\n<!-- \/ Yoast SEO plugin. -->","yoast_head_json":{"title":"KW4W NDAN P\u00cbRVOJ\u00cbN N\u00cb NGJARJEN E TAJVANIT P\u00cbR MUAJIN E HISTORIS\u00cb S\u00cb GRAVE - KW4W","robots":{"index":"index","follow":"follow","max-snippet":"max-snippet:-1","max-image-preview":"max-image-preview:large","max-video-preview":"max-video-preview:-1"},"canonical":"https:\/\/www.k-w4w.org\/en\/kw4w-ndan-pervojen-ne-ngjarjen-e-tajvanit-per-muajin-e-historise-se-grave\/","og_locale":"en_US","og_type":"article","og_title":"KW4W NDAN P\u00cbRVOJ\u00cbN N\u00cb NGJARJEN E TAJVANIT P\u00cbR MUAJIN E HISTORIS\u00cb S\u00cb GRAVE - KW4W","og_description":"N\u00eb respekt t\u00eb Muajit t\u00eb Historis\u00eb s\u00eb Grave, Fondacioni i Tajvanit p\u00ebr Promovimin dhe Zhvillimin e t\u00eb Drejtave t\u00eb Grave (FWRPD) po koordinon nj\u00eb seri aktivitetesh n\u00eb Mars, duke p\u00ebrfshir\u00eb edhe webinarin PERSHPEJTIMIN E FUQIZIMIT EKONOMIK TE GRAVE , organizuar nga Fondacioni dhe Ministria e Pun\u00ebve t\u00eb Jashtme m\u00eb 18 Mars. Ministrja e Tajvanit pa [&hellip;]","og_url":"https:\/\/www.k-w4w.org\/en\/kw4w-ndan-pervojen-ne-ngjarjen-e-tajvanit-per-muajin-e-historise-se-grave\/","og_site_name":"KW4W","article_publisher":"https:\/\/www.facebook.com\/KosovaWomen4Women","article_published_time":"2021-03-30T08:49:16+00:00","article_modified_time":"2022-10-12T07:48:31+00:00","og_image":[{"width":380,"height":265,"url":"https:\/\/www.k-w4w.org\/wp-content\/uploads\/2022\/09\/162464860_4381148338579630_9074272086039814013_n.380x265.jpg","type":"image\/jpeg"}],"author":"probit","twitter_card":"summary_large_image","twitter_misc":{"Written by":"probit","Est. reading time":"3 minutes"},"schema":{"@context":"https:\/\/schema.org","@graph":[{"@type":"Article","@id":"https:\/\/www.k-w4w.org\/kw4w-ndan-pervojen-ne-ngjarjen-e-tajvanit-per-muajin-e-historise-se-grave\/#article","isPartOf":{"@id":"https:\/\/www.k-w4w.org\/kw4w-ndan-pervojen-ne-ngjarjen-e-tajvanit-per-muajin-e-historise-se-grave\/"},"author":{"name":"probit","@id":"https:\/\/www.k-w4w.org\/en\/#\/schema\/person\/7d7af3b4add5da7f680e93ff45989ebc"},"headline":"KW4W NDAN P\u00cbRVOJ\u00cbN N\u00cb NGJARJEN E TAJVANIT P\u00cbR MUAJIN E HISTORIS\u00cb S\u00cb GRAVE","datePublished":"2021-03-30T08:49:16+00:00","dateModified":"2022-10-12T07:48:31+00:00","mainEntityOfPage":{"@id":"https:\/\/www.k-w4w.org\/kw4w-ndan-pervojen-ne-ngjarjen-e-tajvanit-per-muajin-e-historise-se-grave\/"},"wordCount":583,"commentCount":0,"publisher":{"@id":"https:\/\/www.k-w4w.org\/en\/#organization"},"image":{"@id":"https:\/\/www.k-w4w.org\/kw4w-ndan-pervojen-ne-ngjarjen-e-tajvanit-per-muajin-e-historise-se-grave\/#primaryimage"},"thumbnailUrl":"https:\/\/www.k-w4w.org\/wp-content\/uploads\/2022\/09\/162464860_4381148338579630_9074272086039814013_n.380x265.jpg","articleSection":["Lajme"],"inLanguage":"en-US","potentialAction":[{"@type":"CommentAction","name":"Comment","target":["https:\/\/www.k-w4w.org\/kw4w-ndan-pervojen-ne-ngjarjen-e-tajvanit-per-muajin-e-historise-se-grave\/#respond"]}]},{"@type":"WebPage","@id":"https:\/\/www.k-w4w.org\/kw4w-ndan-pervojen-ne-ngjarjen-e-tajvanit-per-muajin-e-historise-se-grave\/","url":"https:\/\/www.k-w4w.org\/kw4w-ndan-pervojen-ne-ngjarjen-e-tajvanit-per-muajin-e-historise-se-grave\/","name":"KW4W NDAN P\u00cbRVOJ\u00cbN N\u00cb NGJARJEN E TAJVANIT P\u00cbR MUAJIN E HISTORIS\u00cb S\u00cb GRAVE - KW4W","isPartOf":{"@id":"https:\/\/www.k-w4w.org\/en\/#website"},"primaryImageOfPage":{"@id":"https:\/\/www.k-w4w.org\/kw4w-ndan-pervojen-ne-ngjarjen-e-tajvanit-per-muajin-e-historise-se-grave\/#primaryimage"},"image":{"@id":"https:\/\/www.k-w4w.org\/kw4w-ndan-pervojen-ne-ngjarjen-e-tajvanit-per-muajin-e-historise-se-grave\/#primaryimage"},"thumbnailUrl":"https:\/\/www.k-w4w.org\/wp-content\/uploads\/2022\/09\/162464860_4381148338579630_9074272086039814013_n.380x265.jpg","datePublished":"2021-03-30T08:49:16+00:00","dateModified":"2022-10-12T07:48:31+00:00","breadcrumb":{"@id":"https:\/\/www.k-w4w.org\/kw4w-ndan-pervojen-ne-ngjarjen-e-tajvanit-per-muajin-e-historise-se-grave\/#breadcrumb"},"inLanguage":"en-US","potentialAction":[{"@type":"ReadAction","target":["https:\/\/www.k-w4w.org\/kw4w-ndan-pervojen-ne-ngjarjen-e-tajvanit-per-muajin-e-historise-se-grave\/"]}]},{"@type":"ImageObject","inLanguage":"en-US","@id":"https:\/\/www.k-w4w.org\/kw4w-ndan-pervojen-ne-ngjarjen-e-tajvanit-per-muajin-e-historise-se-grave\/#primaryimage","url":"https:\/\/www.k-w4w.org\/wp-content\/uploads\/2022\/09\/162464860_4381148338579630_9074272086039814013_n.380x265.jpg","contentUrl":"https:\/\/www.k-w4w.org\/wp-content\/uploads\/2022\/09\/162464860_4381148338579630_9074272086039814013_n.380x265.jpg","width":380,"height":265},{"@type":"BreadcrumbList","@id":"https:\/\/www.k-w4w.org\/kw4w-ndan-pervojen-ne-ngjarjen-e-tajvanit-per-muajin-e-historise-se-grave\/#breadcrumb","itemListElement":[{"@type":"ListItem","position":1,"name":"Home","item":"https:\/\/www.k-w4w.org\/"},{"@type":"ListItem","position":2,"name":"KW4W NDAN P\u00cbRVOJ\u00cbN N\u00cb NGJARJEN E TAJVANIT P\u00cbR MUAJIN E HISTORIS\u00cb S\u00cb GRAVE"}]},{"@type":"WebSite","@id":"https:\/\/www.k-w4w.org\/en\/#website","url":"https:\/\/www.k-w4w.org\/en\/","name":"KW4W","description":"","publisher":{"@id":"https:\/\/www.k-w4w.org\/en\/#organization"},"potentialAction":[{"@type":"SearchAction","target":{"@type":"EntryPoint","urlTemplate":"https:\/\/www.k-w4w.org\/en\/?s={search_term_string}"},"query-input":{"@type":"PropertyValueSpecification","valueRequired":true,"valueName":"search_term_string"}}],"inLanguage":"en-US"},{"@type":"Organization","@id":"https:\/\/www.k-w4w.org\/en\/#organization","name":"KW4W","url":"https:\/\/www.k-w4w.org\/en\/","logo":{"@type":"ImageObject","inLanguage":"en-US","@id":"https:\/\/www.k-w4w.org\/en\/#\/schema\/logo\/image\/","url":"https:\/\/www.k-w4w.org\/wp-content\/uploads\/2023\/02\/cropped-wfwi_logo_color_gradient_cmyk.jpg","contentUrl":"https:\/\/www.k-w4w.org\/wp-content\/uploads\/2023\/02\/cropped-wfwi_logo_color_gradient_cmyk.jpg","width":1243,"height":199,"caption":"KW4W"},"image":{"@id":"https:\/\/www.k-w4w.org\/en\/#\/schema\/logo\/image\/"},"sameAs":["https:\/\/www.facebook.com\/KosovaWomen4Women","https:\/\/www.instagram.com\/womenforwomenkosova\/"]},{"@type":"Person","@id":"https:\/\/www.k-w4w.org\/en\/#\/schema\/person\/7d7af3b4add5da7f680e93ff45989ebc","name":"probit","image":{"@type":"ImageObject","inLanguage":"en-US","@id":"https:\/\/www.k-w4w.org\/en\/#\/schema\/person\/image\/","url":"https:\/\/secure.gravatar.com\/avatar\/ce7867571a6cc5a7f76a96db4814b3d0bd013b7ea280548474e47e5edb0fc871?s=96&d=mm&r=g","contentUrl":"https:\/\/secure.gravatar.com\/avatar\/ce7867571a6cc5a7f76a96db4814b3d0bd013b7ea280548474e47e5edb0fc871?s=96&d=mm&r=g","caption":"probit"},"sameAs":["https:\/\/www.k-w4w.org\/site_new"],"url":"https:\/\/www.k-w4w.org\/en\/author\/probit\/"}]}},"_links":{"self":[{"href":"https:\/\/www.k-w4w.org\/en\/wp-json\/wp\/v2\/posts\/14393","targetHints":{"allow":["GET"]}}],"collection":[{"href":"https:\/\/www.k-w4w.org\/en\/wp-json\/wp\/v2\/posts"}],"about":[{"href":"https:\/\/www.k-w4w.org\/en\/wp-json\/wp\/v2\/types\/post"}],"author":[{"embeddable":true,"href":"https:\/\/www.k-w4w.org\/en\/wp-json\/wp\/v2\/users\/1"}],"replies":[{"embeddable":true,"href":"https:\/\/www.k-w4w.org\/en\/wp-json\/wp\/v2\/comments?post=14393"}],"version-history":[{"count":2,"href":"https:\/\/www.k-w4w.org\/en\/wp-json\/wp\/v2\/posts\/14393\/revisions"}],"predecessor-version":[{"id":15185,"href":"https:\/\/www.k-w4w.org\/en\/wp-json\/wp\/v2\/posts\/14393\/revisions\/15185"}],"wp:featuredmedia":[{"embeddable":true,"href":"https:\/\/www.k-w4w.org\/en\/wp-json\/wp\/v2\/media\/13483"}],"wp:attachment":[{"href":"https:\/\/www.k-w4w.org\/en\/wp-json\/wp\/v2\/media?parent=14393"}],"wp:term":[{"taxonomy":"category","embeddable":true,"href":"https:\/\/www.k-w4w.org\/en\/wp-json\/wp\/v2\/categories?post=14393"},{"taxonomy":"post_tag","embeddable":true,"href":"https:\/\/www.k-w4w.org\/en\/wp-json\/wp\/v2\/tags?post=14393"}],"curies":[{"name":"wp","href":"https:\/\/api.w.org\/{rel}","templated":true}]}}