{"id":15778,"date":"2022-03-08T10:16:18","date_gmt":"2022-03-08T10:16:18","guid":{"rendered":"https:\/\/www.k-w4w.org\/?p=15778"},"modified":"2023-02-21T10:31:17","modified_gmt":"2023-02-21T10:31:17","slug":"kosova-women-4-women-kw4w-si-cdo-vit-edhe-sivjet-iu-bashkua-marshit-marshojme-sfestojme","status":"publish","type":"post","link":"https:\/\/www.k-w4w.org\/en\/kosova-women-4-women-kw4w-si-cdo-vit-edhe-sivjet-iu-bashkua-marshit-marshojme-sfestojme\/","title":{"rendered":"Kosova Women 4 Women (KW4W) si \u00e7do vit, edhe sivjet iu bashkua marshit &#8220;Marshojm\u00eb S&#8217;Festojm\u00eb&#8221;"},"content":{"rendered":"<div dir=\"auto\">Kosova Women 4 Women (KW4W) si \u00e7do vit, edhe sivjet iu bashkua marshit &#8220;Marshojm\u00eb S&#8217;Festojm\u00eb&#8221;.<\/div>\n<div dir=\"auto\">Para marshit, stafi tregoi aryset pse marshojn\u00eb k\u00ebt\u00eb vit.<\/div>\n<div dir=\"auto\">Marshojm\u00eb kund\u00ebr femicidit, marshojm\u00eb kund\u00ebr pabarazis\u00eb, marshojm\u00eb p\u00ebr nj\u00eb t\u00eb ardhme m\u00eb t\u00eb mir\u00eb dhe t\u00eb barabart\u00eb!<\/div>","protected":false},"excerpt":{"rendered":"<p>Kosova Women 4 Women (KW4W) si \u00e7do vit, edhe sivjet iu bashkua marshit &#8220;Marshojm\u00eb S&#8217;Festojm\u00eb&#8221;. Para marshit, stafi tregoi aryset pse marshojn\u00eb k\u00ebt\u00eb vit. Marshojm\u00eb kund\u00ebr femicidit, marshojm\u00eb kund\u00ebr pabarazis\u00eb, marshojm\u00eb p\u00ebr nj\u00eb t\u00eb ardhme m\u00eb t\u00eb mir\u00eb dhe t\u00eb barabart\u00eb!<\/p>","protected":false},"author":2,"featured_media":15779,"comment_status":"open","ping_status":"open","sticky":false,"template":"","format":"standard","meta":{"footnotes":""},"categories":[59],"tags":[],"class_list":["post-15778","post","type-post","status-publish","format-standard","has-post-thumbnail","hentry","category-lajme"],"yoast_head":"<!-- This site is optimized with the Yoast SEO plugin v27.0 - https:\/\/yoast.com\/product\/yoast-seo-wordpress\/ -->\n<title>Kosova Women 4 Women (KW4W) si \u00e7do vit, edhe sivjet iu bashkua marshit &quot;Marshojm\u00eb S&#039;Festojm\u00eb&quot; - KW4W<\/title>\n<meta name=\"robots\" content=\"index, follow, max-snippet:-1, max-image-preview:large, max-video-preview:-1\" \/>\n<link rel=\"canonical\" href=\"https:\/\/www.k-w4w.org\/en\/kosova-women-4-women-kw4w-si-cdo-vit-edhe-sivjet-iu-bashkua-marshit-marshojme-sfestojme\/\" \/>\n<meta property=\"og:locale\" content=\"en_US\" \/>\n<meta property=\"og:type\" content=\"article\" \/>\n<meta property=\"og:title\" content=\"Kosova Women 4 Women (KW4W) si \u00e7do vit, edhe sivjet iu bashkua marshit &quot;Marshojm\u00eb S&#039;Festojm\u00eb&quot; - KW4W\" \/>\n<meta property=\"og:description\" content=\"Kosova Women 4 Women (KW4W) si \u00e7do vit, edhe sivjet iu bashkua marshit &#8220;Marshojm\u00eb S&#8217;Festojm\u00eb&#8221;. Para marshit, stafi tregoi aryset pse marshojn\u00eb k\u00ebt\u00eb vit. Marshojm\u00eb kund\u00ebr femicidit, marshojm\u00eb kund\u00ebr pabarazis\u00eb, marshojm\u00eb p\u00ebr nj\u00eb t\u00eb ardhme m\u00eb t\u00eb mir\u00eb dhe t\u00eb barabart\u00eb!\" \/>\n<meta property=\"og:url\" content=\"https:\/\/www.k-w4w.org\/en\/kosova-women-4-women-kw4w-si-cdo-vit-edhe-sivjet-iu-bashkua-marshit-marshojme-sfestojme\/\" \/>\n<meta property=\"og:site_name\" content=\"KW4W\" \/>\n<meta property=\"article:publisher\" content=\"https:\/\/www.facebook.com\/KosovaWomen4Women\" \/>\n<meta property=\"article:published_time\" content=\"2022-03-08T10:16:18+00:00\" \/>\n<meta property=\"article:modified_time\" content=\"2023-02-21T10:31:17+00:00\" \/>\n<meta property=\"og:image\" content=\"https:\/\/www.k-w4w.org\/wp-content\/uploads\/2023\/02\/marsh.jpg\" \/>\n\t<meta property=\"og:image:width\" content=\"1870\" \/>\n\t<meta property=\"og:image:height\" content=\"1250\" \/>\n\t<meta property=\"og:image:type\" content=\"image\/jpeg\" \/>\n<meta name=\"author\" content=\"kw4w\" \/>\n<meta name=\"twitter:card\" content=\"summary_large_image\" \/>\n<meta name=\"twitter:label1\" content=\"Written by\" \/>\n\t<meta name=\"twitter:data1\" content=\"kw4w\" \/>\n\t<meta name=\"twitter:label2\" content=\"Est. reading time\" \/>\n\t<meta name=\"twitter:data2\" content=\"1 minute\" \/>\n<script type=\"application\/ld+json\" class=\"yoast-schema-graph\">{\"@context\":\"https:\/\/schema.org\",\"@graph\":[{\"@type\":\"Article\",\"@id\":\"https:\/\/www.k-w4w.org\/kosova-women-4-women-kw4w-si-cdo-vit-edhe-sivjet-iu-bashkua-marshit-marshojme-sfestojme\/#article\",\"isPartOf\":{\"@id\":\"https:\/\/www.k-w4w.org\/kosova-women-4-women-kw4w-si-cdo-vit-edhe-sivjet-iu-bashkua-marshit-marshojme-sfestojme\/\"},\"author\":{\"name\":\"kw4w\",\"@id\":\"https:\/\/www.k-w4w.org\/en\/#\/schema\/person\/bea620f132061dd98aa21df3225035f4\"},\"headline\":\"Kosova Women 4 Women (KW4W) si \u00e7do vit, edhe sivjet iu bashkua marshit &#8220;Marshojm\u00eb S&#8217;Festojm\u00eb&#8221;\",\"datePublished\":\"2022-03-08T10:16:18+00:00\",\"dateModified\":\"2023-02-21T10:31:17+00:00\",\"mainEntityOfPage\":{\"@id\":\"https:\/\/www.k-w4w.org\/kosova-women-4-women-kw4w-si-cdo-vit-edhe-sivjet-iu-bashkua-marshit-marshojme-sfestojme\/\"},\"wordCount\":60,\"commentCount\":0,\"publisher\":{\"@id\":\"https:\/\/www.k-w4w.org\/en\/#organization\"},\"image\":{\"@id\":\"https:\/\/www.k-w4w.org\/kosova-women-4-women-kw4w-si-cdo-vit-edhe-sivjet-iu-bashkua-marshit-marshojme-sfestojme\/#primaryimage\"},\"thumbnailUrl\":\"https:\/\/www.k-w4w.org\/wp-content\/uploads\/2023\/02\/marsh.jpg\",\"articleSection\":[\"Lajme\"],\"inLanguage\":\"en-US\",\"potentialAction\":[{\"@type\":\"CommentAction\",\"name\":\"Comment\",\"target\":[\"https:\/\/www.k-w4w.org\/kosova-women-4-women-kw4w-si-cdo-vit-edhe-sivjet-iu-bashkua-marshit-marshojme-sfestojme\/#respond\"]}]},{\"@type\":\"WebPage\",\"@id\":\"https:\/\/www.k-w4w.org\/kosova-women-4-women-kw4w-si-cdo-vit-edhe-sivjet-iu-bashkua-marshit-marshojme-sfestojme\/\",\"url\":\"https:\/\/www.k-w4w.org\/kosova-women-4-women-kw4w-si-cdo-vit-edhe-sivjet-iu-bashkua-marshit-marshojme-sfestojme\/\",\"name\":\"Kosova Women 4 Women (KW4W) si \u00e7do vit, edhe sivjet iu bashkua marshit \\\"Marshojm\u00eb S'Festojm\u00eb\\\" - KW4W\",\"isPartOf\":{\"@id\":\"https:\/\/www.k-w4w.org\/en\/#website\"},\"primaryImageOfPage\":{\"@id\":\"https:\/\/www.k-w4w.org\/kosova-women-4-women-kw4w-si-cdo-vit-edhe-sivjet-iu-bashkua-marshit-marshojme-sfestojme\/#primaryimage\"},\"image\":{\"@id\":\"https:\/\/www.k-w4w.org\/kosova-women-4-women-kw4w-si-cdo-vit-edhe-sivjet-iu-bashkua-marshit-marshojme-sfestojme\/#primaryimage\"},\"thumbnailUrl\":\"https:\/\/www.k-w4w.org\/wp-content\/uploads\/2023\/02\/marsh.jpg\",\"datePublished\":\"2022-03-08T10:16:18+00:00\",\"dateModified\":\"2023-02-21T10:31:17+00:00\",\"breadcrumb\":{\"@id\":\"https:\/\/www.k-w4w.org\/kosova-women-4-women-kw4w-si-cdo-vit-edhe-sivjet-iu-bashkua-marshit-marshojme-sfestojme\/#breadcrumb\"},\"inLanguage\":\"en-US\",\"potentialAction\":[{\"@type\":\"ReadAction\",\"target\":[\"https:\/\/www.k-w4w.org\/kosova-women-4-women-kw4w-si-cdo-vit-edhe-sivjet-iu-bashkua-marshit-marshojme-sfestojme\/\"]}]},{\"@type\":\"ImageObject\",\"inLanguage\":\"en-US\",\"@id\":\"https:\/\/www.k-w4w.org\/kosova-women-4-women-kw4w-si-cdo-vit-edhe-sivjet-iu-bashkua-marshit-marshojme-sfestojme\/#primaryimage\",\"url\":\"https:\/\/www.k-w4w.org\/wp-content\/uploads\/2023\/02\/marsh.jpg\",\"contentUrl\":\"https:\/\/www.k-w4w.org\/wp-content\/uploads\/2023\/02\/marsh.jpg\",\"width\":1870,\"height\":1250},{\"@type\":\"BreadcrumbList\",\"@id\":\"https:\/\/www.k-w4w.org\/kosova-women-4-women-kw4w-si-cdo-vit-edhe-sivjet-iu-bashkua-marshit-marshojme-sfestojme\/#breadcrumb\",\"itemListElement\":[{\"@type\":\"ListItem\",\"position\":1,\"name\":\"Home\",\"item\":\"https:\/\/www.k-w4w.org\/\"},{\"@type\":\"ListItem\",\"position\":2,\"name\":\"Kosova Women 4 Women (KW4W) si \u00e7do vit, edhe sivjet iu bashkua marshit &#8220;Marshojm\u00eb S&#8217;Festojm\u00eb&#8221;\"}]},{\"@type\":\"WebSite\",\"@id\":\"https:\/\/www.k-w4w.org\/en\/#website\",\"url\":\"https:\/\/www.k-w4w.org\/en\/\",\"name\":\"KW4W\",\"description\":\"\",\"publisher\":{\"@id\":\"https:\/\/www.k-w4w.org\/en\/#organization\"},\"potentialAction\":[{\"@type\":\"SearchAction\",\"target\":{\"@type\":\"EntryPoint\",\"urlTemplate\":\"https:\/\/www.k-w4w.org\/en\/?s={search_term_string}\"},\"query-input\":{\"@type\":\"PropertyValueSpecification\",\"valueRequired\":true,\"valueName\":\"search_term_string\"}}],\"inLanguage\":\"en-US\"},{\"@type\":\"Organization\",\"@id\":\"https:\/\/www.k-w4w.org\/en\/#organization\",\"name\":\"KW4W\",\"url\":\"https:\/\/www.k-w4w.org\/en\/\",\"logo\":{\"@type\":\"ImageObject\",\"inLanguage\":\"en-US\",\"@id\":\"https:\/\/www.k-w4w.org\/en\/#\/schema\/logo\/image\/\",\"url\":\"https:\/\/www.k-w4w.org\/wp-content\/uploads\/2023\/02\/cropped-wfwi_logo_color_gradient_cmyk.jpg\",\"contentUrl\":\"https:\/\/www.k-w4w.org\/wp-content\/uploads\/2023\/02\/cropped-wfwi_logo_color_gradient_cmyk.jpg\",\"width\":1243,\"height\":199,\"caption\":\"KW4W\"},\"image\":{\"@id\":\"https:\/\/www.k-w4w.org\/en\/#\/schema\/logo\/image\/\"},\"sameAs\":[\"https:\/\/www.facebook.com\/KosovaWomen4Women\",\"https:\/\/www.instagram.com\/womenforwomenkosova\/\"]},{\"@type\":\"Person\",\"@id\":\"https:\/\/www.k-w4w.org\/en\/#\/schema\/person\/bea620f132061dd98aa21df3225035f4\",\"name\":\"kw4w\",\"image\":{\"@type\":\"ImageObject\",\"inLanguage\":\"en-US\",\"@id\":\"https:\/\/www.k-w4w.org\/en\/#\/schema\/person\/image\/\",\"url\":\"https:\/\/secure.gravatar.com\/avatar\/35dca332a41f9d006f5b77ee9d9b90ed02181b4dcf7b166dcf848cb4e40abd74?s=96&d=mm&r=g\",\"contentUrl\":\"https:\/\/secure.gravatar.com\/avatar\/35dca332a41f9d006f5b77ee9d9b90ed02181b4dcf7b166dcf848cb4e40abd74?s=96&d=mm&r=g\",\"caption\":\"kw4w\"},\"sameAs\":[\"https:\/\/www.k-w4w.org\/\"],\"url\":\"https:\/\/www.k-w4w.org\/en\/author\/kw4w\/\"}]}<\/script>\n<!-- \/ Yoast SEO plugin. -->","yoast_head_json":{"title":"Kosova Women 4 Women (KW4W) si \u00e7do vit, edhe sivjet iu bashkua marshit \"Marshojm\u00eb S'Festojm\u00eb\" - KW4W","robots":{"index":"index","follow":"follow","max-snippet":"max-snippet:-1","max-image-preview":"max-image-preview:large","max-video-preview":"max-video-preview:-1"},"canonical":"https:\/\/www.k-w4w.org\/en\/kosova-women-4-women-kw4w-si-cdo-vit-edhe-sivjet-iu-bashkua-marshit-marshojme-sfestojme\/","og_locale":"en_US","og_type":"article","og_title":"Kosova Women 4 Women (KW4W) si \u00e7do vit, edhe sivjet iu bashkua marshit \"Marshojm\u00eb S'Festojm\u00eb\" - KW4W","og_description":"Kosova Women 4 Women (KW4W) si \u00e7do vit, edhe sivjet iu bashkua marshit &#8220;Marshojm\u00eb S&#8217;Festojm\u00eb&#8221;. Para marshit, stafi tregoi aryset pse marshojn\u00eb k\u00ebt\u00eb vit. Marshojm\u00eb kund\u00ebr femicidit, marshojm\u00eb kund\u00ebr pabarazis\u00eb, marshojm\u00eb p\u00ebr nj\u00eb t\u00eb ardhme m\u00eb t\u00eb mir\u00eb dhe t\u00eb barabart\u00eb!","og_url":"https:\/\/www.k-w4w.org\/en\/kosova-women-4-women-kw4w-si-cdo-vit-edhe-sivjet-iu-bashkua-marshit-marshojme-sfestojme\/","og_site_name":"KW4W","article_publisher":"https:\/\/www.facebook.com\/KosovaWomen4Women","article_published_time":"2022-03-08T10:16:18+00:00","article_modified_time":"2023-02-21T10:31:17+00:00","og_image":[{"width":1870,"height":1250,"url":"https:\/\/www.k-w4w.org\/wp-content\/uploads\/2023\/02\/marsh.jpg","type":"image\/jpeg"}],"author":"kw4w","twitter_card":"summary_large_image","twitter_misc":{"Written by":"kw4w","Est. reading time":"1 minute"},"schema":{"@context":"https:\/\/schema.org","@graph":[{"@type":"Article","@id":"https:\/\/www.k-w4w.org\/kosova-women-4-women-kw4w-si-cdo-vit-edhe-sivjet-iu-bashkua-marshit-marshojme-sfestojme\/#article","isPartOf":{"@id":"https:\/\/www.k-w4w.org\/kosova-women-4-women-kw4w-si-cdo-vit-edhe-sivjet-iu-bashkua-marshit-marshojme-sfestojme\/"},"author":{"name":"kw4w","@id":"https:\/\/www.k-w4w.org\/en\/#\/schema\/person\/bea620f132061dd98aa21df3225035f4"},"headline":"Kosova Women 4 Women (KW4W) si \u00e7do vit, edhe sivjet iu bashkua marshit &#8220;Marshojm\u00eb S&#8217;Festojm\u00eb&#8221;","datePublished":"2022-03-08T10:16:18+00:00","dateModified":"2023-02-21T10:31:17+00:00","mainEntityOfPage":{"@id":"https:\/\/www.k-w4w.org\/kosova-women-4-women-kw4w-si-cdo-vit-edhe-sivjet-iu-bashkua-marshit-marshojme-sfestojme\/"},"wordCount":60,"commentCount":0,"publisher":{"@id":"https:\/\/www.k-w4w.org\/en\/#organization"},"image":{"@id":"https:\/\/www.k-w4w.org\/kosova-women-4-women-kw4w-si-cdo-vit-edhe-sivjet-iu-bashkua-marshit-marshojme-sfestojme\/#primaryimage"},"thumbnailUrl":"https:\/\/www.k-w4w.org\/wp-content\/uploads\/2023\/02\/marsh.jpg","articleSection":["Lajme"],"inLanguage":"en-US","potentialAction":[{"@type":"CommentAction","name":"Comment","target":["https:\/\/www.k-w4w.org\/kosova-women-4-women-kw4w-si-cdo-vit-edhe-sivjet-iu-bashkua-marshit-marshojme-sfestojme\/#respond"]}]},{"@type":"WebPage","@id":"https:\/\/www.k-w4w.org\/kosova-women-4-women-kw4w-si-cdo-vit-edhe-sivjet-iu-bashkua-marshit-marshojme-sfestojme\/","url":"https:\/\/www.k-w4w.org\/kosova-women-4-women-kw4w-si-cdo-vit-edhe-sivjet-iu-bashkua-marshit-marshojme-sfestojme\/","name":"Kosova Women 4 Women (KW4W) si \u00e7do vit, edhe sivjet iu bashkua marshit \"Marshojm\u00eb S'Festojm\u00eb\" - KW4W","isPartOf":{"@id":"https:\/\/www.k-w4w.org\/en\/#website"},"primaryImageOfPage":{"@id":"https:\/\/www.k-w4w.org\/kosova-women-4-women-kw4w-si-cdo-vit-edhe-sivjet-iu-bashkua-marshit-marshojme-sfestojme\/#primaryimage"},"image":{"@id":"https:\/\/www.k-w4w.org\/kosova-women-4-women-kw4w-si-cdo-vit-edhe-sivjet-iu-bashkua-marshit-marshojme-sfestojme\/#primaryimage"},"thumbnailUrl":"https:\/\/www.k-w4w.org\/wp-content\/uploads\/2023\/02\/marsh.jpg","datePublished":"2022-03-08T10:16:18+00:00","dateModified":"2023-02-21T10:31:17+00:00","breadcrumb":{"@id":"https:\/\/www.k-w4w.org\/kosova-women-4-women-kw4w-si-cdo-vit-edhe-sivjet-iu-bashkua-marshit-marshojme-sfestojme\/#breadcrumb"},"inLanguage":"en-US","potentialAction":[{"@type":"ReadAction","target":["https:\/\/www.k-w4w.org\/kosova-women-4-women-kw4w-si-cdo-vit-edhe-sivjet-iu-bashkua-marshit-marshojme-sfestojme\/"]}]},{"@type":"ImageObject","inLanguage":"en-US","@id":"https:\/\/www.k-w4w.org\/kosova-women-4-women-kw4w-si-cdo-vit-edhe-sivjet-iu-bashkua-marshit-marshojme-sfestojme\/#primaryimage","url":"https:\/\/www.k-w4w.org\/wp-content\/uploads\/2023\/02\/marsh.jpg","contentUrl":"https:\/\/www.k-w4w.org\/wp-content\/uploads\/2023\/02\/marsh.jpg","width":1870,"height":1250},{"@type":"BreadcrumbList","@id":"https:\/\/www.k-w4w.org\/kosova-women-4-women-kw4w-si-cdo-vit-edhe-sivjet-iu-bashkua-marshit-marshojme-sfestojme\/#breadcrumb","itemListElement":[{"@type":"ListItem","position":1,"name":"Home","item":"https:\/\/www.k-w4w.org\/"},{"@type":"ListItem","position":2,"name":"Kosova Women 4 Women (KW4W) si \u00e7do vit, edhe sivjet iu bashkua marshit &#8220;Marshojm\u00eb S&#8217;Festojm\u00eb&#8221;"}]},{"@type":"WebSite","@id":"https:\/\/www.k-w4w.org\/en\/#website","url":"https:\/\/www.k-w4w.org\/en\/","name":"KW4W","description":"","publisher":{"@id":"https:\/\/www.k-w4w.org\/en\/#organization"},"potentialAction":[{"@type":"SearchAction","target":{"@type":"EntryPoint","urlTemplate":"https:\/\/www.k-w4w.org\/en\/?s={search_term_string}"},"query-input":{"@type":"PropertyValueSpecification","valueRequired":true,"valueName":"search_term_string"}}],"inLanguage":"en-US"},{"@type":"Organization","@id":"https:\/\/www.k-w4w.org\/en\/#organization","name":"KW4W","url":"https:\/\/www.k-w4w.org\/en\/","logo":{"@type":"ImageObject","inLanguage":"en-US","@id":"https:\/\/www.k-w4w.org\/en\/#\/schema\/logo\/image\/","url":"https:\/\/www.k-w4w.org\/wp-content\/uploads\/2023\/02\/cropped-wfwi_logo_color_gradient_cmyk.jpg","contentUrl":"https:\/\/www.k-w4w.org\/wp-content\/uploads\/2023\/02\/cropped-wfwi_logo_color_gradient_cmyk.jpg","width":1243,"height":199,"caption":"KW4W"},"image":{"@id":"https:\/\/www.k-w4w.org\/en\/#\/schema\/logo\/image\/"},"sameAs":["https:\/\/www.facebook.com\/KosovaWomen4Women","https:\/\/www.instagram.com\/womenforwomenkosova\/"]},{"@type":"Person","@id":"https:\/\/www.k-w4w.org\/en\/#\/schema\/person\/bea620f132061dd98aa21df3225035f4","name":"kw4w","image":{"@type":"ImageObject","inLanguage":"en-US","@id":"https:\/\/www.k-w4w.org\/en\/#\/schema\/person\/image\/","url":"https:\/\/secure.gravatar.com\/avatar\/35dca332a41f9d006f5b77ee9d9b90ed02181b4dcf7b166dcf848cb4e40abd74?s=96&d=mm&r=g","contentUrl":"https:\/\/secure.gravatar.com\/avatar\/35dca332a41f9d006f5b77ee9d9b90ed02181b4dcf7b166dcf848cb4e40abd74?s=96&d=mm&r=g","caption":"kw4w"},"sameAs":["https:\/\/www.k-w4w.org\/"],"url":"https:\/\/www.k-w4w.org\/en\/author\/kw4w\/"}]}},"_links":{"self":[{"href":"https:\/\/www.k-w4w.org\/en\/wp-json\/wp\/v2\/posts\/15778","targetHints":{"allow":["GET"]}}],"collection":[{"href":"https:\/\/www.k-w4w.org\/en\/wp-json\/wp\/v2\/posts"}],"about":[{"href":"https:\/\/www.k-w4w.org\/en\/wp-json\/wp\/v2\/types\/post"}],"author":[{"embeddable":true,"href":"https:\/\/www.k-w4w.org\/en\/wp-json\/wp\/v2\/users\/2"}],"replies":[{"embeddable":true,"href":"https:\/\/www.k-w4w.org\/en\/wp-json\/wp\/v2\/comments?post=15778"}],"version-history":[{"count":1,"href":"https:\/\/www.k-w4w.org\/en\/wp-json\/wp\/v2\/posts\/15778\/revisions"}],"predecessor-version":[{"id":15780,"href":"https:\/\/www.k-w4w.org\/en\/wp-json\/wp\/v2\/posts\/15778\/revisions\/15780"}],"wp:featuredmedia":[{"embeddable":true,"href":"https:\/\/www.k-w4w.org\/en\/wp-json\/wp\/v2\/media\/15779"}],"wp:attachment":[{"href":"https:\/\/www.k-w4w.org\/en\/wp-json\/wp\/v2\/media?parent=15778"}],"wp:term":[{"taxonomy":"category","embeddable":true,"href":"https:\/\/www.k-w4w.org\/en\/wp-json\/wp\/v2\/categories?post=15778"},{"taxonomy":"post_tag","embeddable":true,"href":"https:\/\/www.k-w4w.org\/en\/wp-json\/wp\/v2\/tags?post=15778"}],"curies":[{"name":"wp","href":"https:\/\/api.w.org\/{rel}","templated":true}]}}