{"id":15802,"date":"2022-04-05T11:01:24","date_gmt":"2022-04-05T11:01:24","guid":{"rendered":"https:\/\/www.k-w4w.org\/?p=15802"},"modified":"2023-02-21T11:05:04","modified_gmt":"2023-02-21T11:05:04","slug":"bashkepunimi-nder-etnik-per-zhvillimin-ekonomik-te-grave","status":"publish","type":"post","link":"https:\/\/www.k-w4w.org\/en\/bashkepunimi-nder-etnik-per-zhvillimin-ekonomik-te-grave\/","title":{"rendered":"Bashk\u00ebpunimi nd\u00ebr-etnik p\u00ebr zhvillimin ekonomik t\u00eb grave"},"content":{"rendered":"<p>N\u00eb kuad\u00ebr t\u00eb projektit &#8220;Women as Agents of Peace\u201d, financuar nga Swiss Cooperation Office, K-W4W n\u00eb partneritet me organizat\u00ebn \u201c\u017densko Pravo\u201d ka vazhduar me aktivitetetin e rradh\u00ebs, i cili ka qen\u00eb forumi \u201cBashk\u00ebpunimi nd\u00ebr-etnik p\u00ebr zhvillimin ekonomik t\u00eb grave\u201d. Takimi \u00ebsht\u00eb mbajtur n\u00eb mes t\u00eb tre grupeve t\u00eb ndryshme nd\u00ebr-etnike t\u00eb p\u00ebrb\u00ebra gjithsej nga 30 gra shqiptare, serbe dhe nga komunitetet RAE. Paneliste kan\u00eb qen\u00eb Shpresa Zariqi, Shefe e Divizionit p\u00ebr Bashk\u00ebpunim nga Agjencia per Barazi Gjinore dhe Maria Berishaj Sylejmani Sociologe\/ Zyrtare p\u00ebr t\u00eb Drejtat e Njeriut n\u00eb BE.<br \/>\nN\u00eb takim u diskutua mund\u00ebsia p\u00ebr bashk\u00ebpunim dhe sfidat me t\u00eb cilat ballafaqohen. Takimi ka qen\u00eb mjaft pozitiv, grat\u00eb kan\u00eb komunikuar n\u00eb mes vete dhe kan\u00eb shprehur gadishm\u00ebri p\u00ebr bashk\u00ebpunim. Sfidat me t\u00eb cilat ballafaqohen mund t\u00eb tejkalohen vet\u00ebm me an\u00eb t\u00eb komunikimit t\u00eb nd\u00ebrsjell\u00eb dhe bashk\u00ebpunimit si dhe vet\u00ebm zhvillimi ekonomik mund t\u00eb zgjidh natyrsh\u00ebm konfliktin nd\u00ebr-etnik. Grat\u00eb shpresojn\u00eb t\u00eb jen\u00eb shembull i raporteve nd\u00ebr-etnike t\u00eb cilat do t\u00eb ndikojn\u00eb n\u00eb procesin e pajtimit dhe zhvillimit t\u00eb demokracis\u00eb n\u00eb vendin ton\u00eb.<br \/>\n#womenasagentsofpeace<br \/>\n#peacebuilding<br \/>\n#interethnicreconciliation<br \/>\n#interethniccoorporation<\/p>","protected":false},"excerpt":{"rendered":"<p>N\u00eb kuad\u00ebr t\u00eb projektit &#8220;Women as Agents of Peace\u201d, financuar nga Swiss Cooperation Office, K-W4W n\u00eb partneritet me organizat\u00ebn \u201c\u017densko Pravo\u201d ka vazhduar me aktivitetetin e rradh\u00ebs, i cili ka qen\u00eb forumi \u201cBashk\u00ebpunimi nd\u00ebr-etnik p\u00ebr zhvillimin ekonomik t\u00eb grave\u201d. Takimi \u00ebsht\u00eb mbajtur n\u00eb mes t\u00eb tre grupeve t\u00eb ndryshme nd\u00ebr-etnike t\u00eb p\u00ebrb\u00ebra gjithsej nga 30 [&hellip;]<\/p>\n","protected":false},"author":2,"featured_media":15803,"comment_status":"open","ping_status":"open","sticky":false,"template":"","format":"standard","meta":{"footnotes":""},"categories":[59],"tags":[],"class_list":["post-15802","post","type-post","status-publish","format-standard","has-post-thumbnail","hentry","category-lajme"],"yoast_head":"<!-- This site is optimized with the Yoast SEO plugin v27.0 - https:\/\/yoast.com\/product\/yoast-seo-wordpress\/ -->\n<title>Bashk\u00ebpunimi nd\u00ebr-etnik p\u00ebr zhvillimin ekonomik t\u00eb grave - KW4W<\/title>\n<meta name=\"robots\" content=\"index, follow, max-snippet:-1, max-image-preview:large, max-video-preview:-1\" \/>\n<link rel=\"canonical\" href=\"https:\/\/www.k-w4w.org\/en\/bashkepunimi-nder-etnik-per-zhvillimin-ekonomik-te-grave\/\" \/>\n<meta property=\"og:locale\" content=\"en_US\" \/>\n<meta property=\"og:type\" content=\"article\" \/>\n<meta property=\"og:title\" content=\"Bashk\u00ebpunimi nd\u00ebr-etnik p\u00ebr zhvillimin ekonomik t\u00eb grave - KW4W\" \/>\n<meta property=\"og:description\" content=\"N\u00eb kuad\u00ebr t\u00eb projektit &#8220;Women as Agents of Peace\u201d, financuar nga Swiss Cooperation Office, K-W4W n\u00eb partneritet me organizat\u00ebn \u201c\u017densko Pravo\u201d ka vazhduar me aktivitetetin e rradh\u00ebs, i cili ka qen\u00eb forumi \u201cBashk\u00ebpunimi nd\u00ebr-etnik p\u00ebr zhvillimin ekonomik t\u00eb grave\u201d. Takimi \u00ebsht\u00eb mbajtur n\u00eb mes t\u00eb tre grupeve t\u00eb ndryshme nd\u00ebr-etnike t\u00eb p\u00ebrb\u00ebra gjithsej nga 30 [&hellip;]\" \/>\n<meta property=\"og:url\" content=\"https:\/\/www.k-w4w.org\/en\/bashkepunimi-nder-etnik-per-zhvillimin-ekonomik-te-grave\/\" \/>\n<meta property=\"og:site_name\" content=\"KW4W\" \/>\n<meta property=\"article:publisher\" content=\"https:\/\/www.facebook.com\/KosovaWomen4Women\" \/>\n<meta property=\"article:published_time\" content=\"2022-04-05T11:01:24+00:00\" \/>\n<meta property=\"article:modified_time\" content=\"2023-02-21T11:05:04+00:00\" \/>\n<meta property=\"og:image\" content=\"https:\/\/www.k-w4w.org\/wp-content\/uploads\/2023\/02\/inku.jpg\" \/>\n\t<meta property=\"og:image:width\" content=\"1600\" \/>\n\t<meta property=\"og:image:height\" content=\"1200\" \/>\n\t<meta property=\"og:image:type\" content=\"image\/jpeg\" \/>\n<meta name=\"author\" content=\"kw4w\" \/>\n<meta name=\"twitter:card\" content=\"summary_large_image\" \/>\n<meta name=\"twitter:label1\" content=\"Written by\" \/>\n\t<meta name=\"twitter:data1\" content=\"kw4w\" \/>\n\t<meta name=\"twitter:label2\" content=\"Est. reading time\" \/>\n\t<meta name=\"twitter:data2\" content=\"1 minute\" \/>\n<script type=\"application\/ld+json\" class=\"yoast-schema-graph\">{\"@context\":\"https:\/\/schema.org\",\"@graph\":[{\"@type\":\"Article\",\"@id\":\"https:\/\/www.k-w4w.org\/bashkepunimi-nder-etnik-per-zhvillimin-ekonomik-te-grave\/#article\",\"isPartOf\":{\"@id\":\"https:\/\/www.k-w4w.org\/bashkepunimi-nder-etnik-per-zhvillimin-ekonomik-te-grave\/\"},\"author\":{\"name\":\"kw4w\",\"@id\":\"https:\/\/www.k-w4w.org\/en\/#\/schema\/person\/bea620f132061dd98aa21df3225035f4\"},\"headline\":\"Bashk\u00ebpunimi nd\u00ebr-etnik p\u00ebr zhvillimin ekonomik t\u00eb grave\",\"datePublished\":\"2022-04-05T11:01:24+00:00\",\"dateModified\":\"2023-02-21T11:05:04+00:00\",\"mainEntityOfPage\":{\"@id\":\"https:\/\/www.k-w4w.org\/bashkepunimi-nder-etnik-per-zhvillimin-ekonomik-te-grave\/\"},\"wordCount\":211,\"commentCount\":0,\"publisher\":{\"@id\":\"https:\/\/www.k-w4w.org\/en\/#organization\"},\"image\":{\"@id\":\"https:\/\/www.k-w4w.org\/bashkepunimi-nder-etnik-per-zhvillimin-ekonomik-te-grave\/#primaryimage\"},\"thumbnailUrl\":\"https:\/\/www.k-w4w.org\/wp-content\/uploads\/2023\/02\/inku.jpg\",\"articleSection\":[\"Lajme\"],\"inLanguage\":\"en-US\",\"potentialAction\":[{\"@type\":\"CommentAction\",\"name\":\"Comment\",\"target\":[\"https:\/\/www.k-w4w.org\/bashkepunimi-nder-etnik-per-zhvillimin-ekonomik-te-grave\/#respond\"]}]},{\"@type\":\"WebPage\",\"@id\":\"https:\/\/www.k-w4w.org\/bashkepunimi-nder-etnik-per-zhvillimin-ekonomik-te-grave\/\",\"url\":\"https:\/\/www.k-w4w.org\/bashkepunimi-nder-etnik-per-zhvillimin-ekonomik-te-grave\/\",\"name\":\"Bashk\u00ebpunimi nd\u00ebr-etnik p\u00ebr zhvillimin ekonomik t\u00eb grave - KW4W\",\"isPartOf\":{\"@id\":\"https:\/\/www.k-w4w.org\/en\/#website\"},\"primaryImageOfPage\":{\"@id\":\"https:\/\/www.k-w4w.org\/bashkepunimi-nder-etnik-per-zhvillimin-ekonomik-te-grave\/#primaryimage\"},\"image\":{\"@id\":\"https:\/\/www.k-w4w.org\/bashkepunimi-nder-etnik-per-zhvillimin-ekonomik-te-grave\/#primaryimage\"},\"thumbnailUrl\":\"https:\/\/www.k-w4w.org\/wp-content\/uploads\/2023\/02\/inku.jpg\",\"datePublished\":\"2022-04-05T11:01:24+00:00\",\"dateModified\":\"2023-02-21T11:05:04+00:00\",\"breadcrumb\":{\"@id\":\"https:\/\/www.k-w4w.org\/bashkepunimi-nder-etnik-per-zhvillimin-ekonomik-te-grave\/#breadcrumb\"},\"inLanguage\":\"en-US\",\"potentialAction\":[{\"@type\":\"ReadAction\",\"target\":[\"https:\/\/www.k-w4w.org\/bashkepunimi-nder-etnik-per-zhvillimin-ekonomik-te-grave\/\"]}]},{\"@type\":\"ImageObject\",\"inLanguage\":\"en-US\",\"@id\":\"https:\/\/www.k-w4w.org\/bashkepunimi-nder-etnik-per-zhvillimin-ekonomik-te-grave\/#primaryimage\",\"url\":\"https:\/\/www.k-w4w.org\/wp-content\/uploads\/2023\/02\/inku.jpg\",\"contentUrl\":\"https:\/\/www.k-w4w.org\/wp-content\/uploads\/2023\/02\/inku.jpg\",\"width\":1600,\"height\":1200},{\"@type\":\"BreadcrumbList\",\"@id\":\"https:\/\/www.k-w4w.org\/bashkepunimi-nder-etnik-per-zhvillimin-ekonomik-te-grave\/#breadcrumb\",\"itemListElement\":[{\"@type\":\"ListItem\",\"position\":1,\"name\":\"Home\",\"item\":\"https:\/\/www.k-w4w.org\/\"},{\"@type\":\"ListItem\",\"position\":2,\"name\":\"Bashk\u00ebpunimi nd\u00ebr-etnik p\u00ebr zhvillimin ekonomik t\u00eb grave\"}]},{\"@type\":\"WebSite\",\"@id\":\"https:\/\/www.k-w4w.org\/en\/#website\",\"url\":\"https:\/\/www.k-w4w.org\/en\/\",\"name\":\"KW4W\",\"description\":\"\",\"publisher\":{\"@id\":\"https:\/\/www.k-w4w.org\/en\/#organization\"},\"potentialAction\":[{\"@type\":\"SearchAction\",\"target\":{\"@type\":\"EntryPoint\",\"urlTemplate\":\"https:\/\/www.k-w4w.org\/en\/?s={search_term_string}\"},\"query-input\":{\"@type\":\"PropertyValueSpecification\",\"valueRequired\":true,\"valueName\":\"search_term_string\"}}],\"inLanguage\":\"en-US\"},{\"@type\":\"Organization\",\"@id\":\"https:\/\/www.k-w4w.org\/en\/#organization\",\"name\":\"KW4W\",\"url\":\"https:\/\/www.k-w4w.org\/en\/\",\"logo\":{\"@type\":\"ImageObject\",\"inLanguage\":\"en-US\",\"@id\":\"https:\/\/www.k-w4w.org\/en\/#\/schema\/logo\/image\/\",\"url\":\"https:\/\/www.k-w4w.org\/wp-content\/uploads\/2023\/02\/cropped-wfwi_logo_color_gradient_cmyk.jpg\",\"contentUrl\":\"https:\/\/www.k-w4w.org\/wp-content\/uploads\/2023\/02\/cropped-wfwi_logo_color_gradient_cmyk.jpg\",\"width\":1243,\"height\":199,\"caption\":\"KW4W\"},\"image\":{\"@id\":\"https:\/\/www.k-w4w.org\/en\/#\/schema\/logo\/image\/\"},\"sameAs\":[\"https:\/\/www.facebook.com\/KosovaWomen4Women\",\"https:\/\/www.instagram.com\/womenforwomenkosova\/\"]},{\"@type\":\"Person\",\"@id\":\"https:\/\/www.k-w4w.org\/en\/#\/schema\/person\/bea620f132061dd98aa21df3225035f4\",\"name\":\"kw4w\",\"image\":{\"@type\":\"ImageObject\",\"inLanguage\":\"en-US\",\"@id\":\"https:\/\/www.k-w4w.org\/en\/#\/schema\/person\/image\/\",\"url\":\"https:\/\/secure.gravatar.com\/avatar\/35dca332a41f9d006f5b77ee9d9b90ed02181b4dcf7b166dcf848cb4e40abd74?s=96&d=mm&r=g\",\"contentUrl\":\"https:\/\/secure.gravatar.com\/avatar\/35dca332a41f9d006f5b77ee9d9b90ed02181b4dcf7b166dcf848cb4e40abd74?s=96&d=mm&r=g\",\"caption\":\"kw4w\"},\"sameAs\":[\"https:\/\/www.k-w4w.org\/\"],\"url\":\"https:\/\/www.k-w4w.org\/en\/author\/kw4w\/\"}]}<\/script>\n<!-- \/ Yoast SEO plugin. -->","yoast_head_json":{"title":"Bashk\u00ebpunimi nd\u00ebr-etnik p\u00ebr zhvillimin ekonomik t\u00eb grave - KW4W","robots":{"index":"index","follow":"follow","max-snippet":"max-snippet:-1","max-image-preview":"max-image-preview:large","max-video-preview":"max-video-preview:-1"},"canonical":"https:\/\/www.k-w4w.org\/en\/bashkepunimi-nder-etnik-per-zhvillimin-ekonomik-te-grave\/","og_locale":"en_US","og_type":"article","og_title":"Bashk\u00ebpunimi nd\u00ebr-etnik p\u00ebr zhvillimin ekonomik t\u00eb grave - KW4W","og_description":"N\u00eb kuad\u00ebr t\u00eb projektit &#8220;Women as Agents of Peace\u201d, financuar nga Swiss Cooperation Office, K-W4W n\u00eb partneritet me organizat\u00ebn \u201c\u017densko Pravo\u201d ka vazhduar me aktivitetetin e rradh\u00ebs, i cili ka qen\u00eb forumi \u201cBashk\u00ebpunimi nd\u00ebr-etnik p\u00ebr zhvillimin ekonomik t\u00eb grave\u201d. Takimi \u00ebsht\u00eb mbajtur n\u00eb mes t\u00eb tre grupeve t\u00eb ndryshme nd\u00ebr-etnike t\u00eb p\u00ebrb\u00ebra gjithsej nga 30 [&hellip;]","og_url":"https:\/\/www.k-w4w.org\/en\/bashkepunimi-nder-etnik-per-zhvillimin-ekonomik-te-grave\/","og_site_name":"KW4W","article_publisher":"https:\/\/www.facebook.com\/KosovaWomen4Women","article_published_time":"2022-04-05T11:01:24+00:00","article_modified_time":"2023-02-21T11:05:04+00:00","og_image":[{"width":1600,"height":1200,"url":"https:\/\/www.k-w4w.org\/wp-content\/uploads\/2023\/02\/inku.jpg","type":"image\/jpeg"}],"author":"kw4w","twitter_card":"summary_large_image","twitter_misc":{"Written by":"kw4w","Est. reading time":"1 minute"},"schema":{"@context":"https:\/\/schema.org","@graph":[{"@type":"Article","@id":"https:\/\/www.k-w4w.org\/bashkepunimi-nder-etnik-per-zhvillimin-ekonomik-te-grave\/#article","isPartOf":{"@id":"https:\/\/www.k-w4w.org\/bashkepunimi-nder-etnik-per-zhvillimin-ekonomik-te-grave\/"},"author":{"name":"kw4w","@id":"https:\/\/www.k-w4w.org\/en\/#\/schema\/person\/bea620f132061dd98aa21df3225035f4"},"headline":"Bashk\u00ebpunimi nd\u00ebr-etnik p\u00ebr zhvillimin ekonomik t\u00eb grave","datePublished":"2022-04-05T11:01:24+00:00","dateModified":"2023-02-21T11:05:04+00:00","mainEntityOfPage":{"@id":"https:\/\/www.k-w4w.org\/bashkepunimi-nder-etnik-per-zhvillimin-ekonomik-te-grave\/"},"wordCount":211,"commentCount":0,"publisher":{"@id":"https:\/\/www.k-w4w.org\/en\/#organization"},"image":{"@id":"https:\/\/www.k-w4w.org\/bashkepunimi-nder-etnik-per-zhvillimin-ekonomik-te-grave\/#primaryimage"},"thumbnailUrl":"https:\/\/www.k-w4w.org\/wp-content\/uploads\/2023\/02\/inku.jpg","articleSection":["Lajme"],"inLanguage":"en-US","potentialAction":[{"@type":"CommentAction","name":"Comment","target":["https:\/\/www.k-w4w.org\/bashkepunimi-nder-etnik-per-zhvillimin-ekonomik-te-grave\/#respond"]}]},{"@type":"WebPage","@id":"https:\/\/www.k-w4w.org\/bashkepunimi-nder-etnik-per-zhvillimin-ekonomik-te-grave\/","url":"https:\/\/www.k-w4w.org\/bashkepunimi-nder-etnik-per-zhvillimin-ekonomik-te-grave\/","name":"Bashk\u00ebpunimi nd\u00ebr-etnik p\u00ebr zhvillimin ekonomik t\u00eb grave - KW4W","isPartOf":{"@id":"https:\/\/www.k-w4w.org\/en\/#website"},"primaryImageOfPage":{"@id":"https:\/\/www.k-w4w.org\/bashkepunimi-nder-etnik-per-zhvillimin-ekonomik-te-grave\/#primaryimage"},"image":{"@id":"https:\/\/www.k-w4w.org\/bashkepunimi-nder-etnik-per-zhvillimin-ekonomik-te-grave\/#primaryimage"},"thumbnailUrl":"https:\/\/www.k-w4w.org\/wp-content\/uploads\/2023\/02\/inku.jpg","datePublished":"2022-04-05T11:01:24+00:00","dateModified":"2023-02-21T11:05:04+00:00","breadcrumb":{"@id":"https:\/\/www.k-w4w.org\/bashkepunimi-nder-etnik-per-zhvillimin-ekonomik-te-grave\/#breadcrumb"},"inLanguage":"en-US","potentialAction":[{"@type":"ReadAction","target":["https:\/\/www.k-w4w.org\/bashkepunimi-nder-etnik-per-zhvillimin-ekonomik-te-grave\/"]}]},{"@type":"ImageObject","inLanguage":"en-US","@id":"https:\/\/www.k-w4w.org\/bashkepunimi-nder-etnik-per-zhvillimin-ekonomik-te-grave\/#primaryimage","url":"https:\/\/www.k-w4w.org\/wp-content\/uploads\/2023\/02\/inku.jpg","contentUrl":"https:\/\/www.k-w4w.org\/wp-content\/uploads\/2023\/02\/inku.jpg","width":1600,"height":1200},{"@type":"BreadcrumbList","@id":"https:\/\/www.k-w4w.org\/bashkepunimi-nder-etnik-per-zhvillimin-ekonomik-te-grave\/#breadcrumb","itemListElement":[{"@type":"ListItem","position":1,"name":"Home","item":"https:\/\/www.k-w4w.org\/"},{"@type":"ListItem","position":2,"name":"Bashk\u00ebpunimi nd\u00ebr-etnik p\u00ebr zhvillimin ekonomik t\u00eb grave"}]},{"@type":"WebSite","@id":"https:\/\/www.k-w4w.org\/en\/#website","url":"https:\/\/www.k-w4w.org\/en\/","name":"KW4W","description":"","publisher":{"@id":"https:\/\/www.k-w4w.org\/en\/#organization"},"potentialAction":[{"@type":"SearchAction","target":{"@type":"EntryPoint","urlTemplate":"https:\/\/www.k-w4w.org\/en\/?s={search_term_string}"},"query-input":{"@type":"PropertyValueSpecification","valueRequired":true,"valueName":"search_term_string"}}],"inLanguage":"en-US"},{"@type":"Organization","@id":"https:\/\/www.k-w4w.org\/en\/#organization","name":"KW4W","url":"https:\/\/www.k-w4w.org\/en\/","logo":{"@type":"ImageObject","inLanguage":"en-US","@id":"https:\/\/www.k-w4w.org\/en\/#\/schema\/logo\/image\/","url":"https:\/\/www.k-w4w.org\/wp-content\/uploads\/2023\/02\/cropped-wfwi_logo_color_gradient_cmyk.jpg","contentUrl":"https:\/\/www.k-w4w.org\/wp-content\/uploads\/2023\/02\/cropped-wfwi_logo_color_gradient_cmyk.jpg","width":1243,"height":199,"caption":"KW4W"},"image":{"@id":"https:\/\/www.k-w4w.org\/en\/#\/schema\/logo\/image\/"},"sameAs":["https:\/\/www.facebook.com\/KosovaWomen4Women","https:\/\/www.instagram.com\/womenforwomenkosova\/"]},{"@type":"Person","@id":"https:\/\/www.k-w4w.org\/en\/#\/schema\/person\/bea620f132061dd98aa21df3225035f4","name":"kw4w","image":{"@type":"ImageObject","inLanguage":"en-US","@id":"https:\/\/www.k-w4w.org\/en\/#\/schema\/person\/image\/","url":"https:\/\/secure.gravatar.com\/avatar\/35dca332a41f9d006f5b77ee9d9b90ed02181b4dcf7b166dcf848cb4e40abd74?s=96&d=mm&r=g","contentUrl":"https:\/\/secure.gravatar.com\/avatar\/35dca332a41f9d006f5b77ee9d9b90ed02181b4dcf7b166dcf848cb4e40abd74?s=96&d=mm&r=g","caption":"kw4w"},"sameAs":["https:\/\/www.k-w4w.org\/"],"url":"https:\/\/www.k-w4w.org\/en\/author\/kw4w\/"}]}},"_links":{"self":[{"href":"https:\/\/www.k-w4w.org\/en\/wp-json\/wp\/v2\/posts\/15802","targetHints":{"allow":["GET"]}}],"collection":[{"href":"https:\/\/www.k-w4w.org\/en\/wp-json\/wp\/v2\/posts"}],"about":[{"href":"https:\/\/www.k-w4w.org\/en\/wp-json\/wp\/v2\/types\/post"}],"author":[{"embeddable":true,"href":"https:\/\/www.k-w4w.org\/en\/wp-json\/wp\/v2\/users\/2"}],"replies":[{"embeddable":true,"href":"https:\/\/www.k-w4w.org\/en\/wp-json\/wp\/v2\/comments?post=15802"}],"version-history":[{"count":1,"href":"https:\/\/www.k-w4w.org\/en\/wp-json\/wp\/v2\/posts\/15802\/revisions"}],"predecessor-version":[{"id":15804,"href":"https:\/\/www.k-w4w.org\/en\/wp-json\/wp\/v2\/posts\/15802\/revisions\/15804"}],"wp:featuredmedia":[{"embeddable":true,"href":"https:\/\/www.k-w4w.org\/en\/wp-json\/wp\/v2\/media\/15803"}],"wp:attachment":[{"href":"https:\/\/www.k-w4w.org\/en\/wp-json\/wp\/v2\/media?parent=15802"}],"wp:term":[{"taxonomy":"category","embeddable":true,"href":"https:\/\/www.k-w4w.org\/en\/wp-json\/wp\/v2\/categories?post=15802"},{"taxonomy":"post_tag","embeddable":true,"href":"https:\/\/www.k-w4w.org\/en\/wp-json\/wp\/v2\/tags?post=15802"}],"curies":[{"name":"wp","href":"https:\/\/api.w.org\/{rel}","templated":true}]}}