{"id":15833,"date":"2022-06-01T12:07:34","date_gmt":"2022-06-01T12:07:34","guid":{"rendered":"https:\/\/www.k-w4w.org\/?p=15833"},"modified":"2023-02-21T12:11:35","modified_gmt":"2023-02-21T12:11:35","slug":"vazhdon-cikli-i-trajnimeve-per-fuqizim-social-ne-fshatin-shale-te-komunes-se-lipjanit","status":"publish","type":"post","link":"https:\/\/www.k-w4w.org\/en\/vazhdon-cikli-i-trajnimeve-per-fuqizim-social-ne-fshatin-shale-te-komunes-se-lipjanit\/","title":{"rendered":"Vazhdon cikli i trajnimeve p\u00ebr fuqizim social n\u00eb fshatin Shal\u00eb t\u00eb komun\u00ebs s\u00eb Lipjanit"},"content":{"rendered":"<div class=\"x11i5rnm xat24cr x1mh8g0r x1vvkbs xdj266r x126k92a\">\n<div dir=\"auto\">N\u00eb kuad\u00ebr t\u00eb projektit \u201cS\u00eb Bashku Nd\u00ebrtojm\u00eb Rezilienc\u00ebn\u201d, t\u00eb financuar nga UN Trust Fund to End Violence against Women (UN Trust Fund), vazhdon cikli i trajnimeve p\u00ebr fuqizim social n\u00eb fshatin Shal\u00eb t\u00eb komun\u00ebs s\u00eb Lipjanit dhe n\u00eb qytetin e Ferizajt p\u00ebr t\u00eb promovuar fuqizimin shoq\u00ebror dhe ekonomik t\u00eb grave.<\/div>\n<\/div>\n<div class=\"x11i5rnm xat24cr x1mh8g0r x1vvkbs xtlvy1s x126k92a\">\n<div dir=\"auto\">K\u00ebto dy grupe do t\u00eb vazhdojn\u00eb pastaj ciklin e trajnimit profesional n\u00eb Kujdesin ndaj F\u00ebmij\u00ebve (Ferizaj) dhe Hortikultur\u00eb (Shal\u00eb).<\/div>\n<\/div>\n<div class=\"x11i5rnm xat24cr x1mh8g0r x1vvkbs xtlvy1s x126k92a\">\n<div dir=\"auto\">Trajnere p\u00ebr fuqizim social n\u00eb Shal\u00eb t\u00eb Lipjanit \u00ebsht\u00eb Gjylere Morina, kurse n\u00eb qytetin e Ferizaj Zoj\u00eb Shala.<\/div>\n<div dir=\"auto\"><a class=\"x1i10hfl xjbqb8w x6umtig x1b1mbwd xaqea5y xav7gou x9f619 x1ypdohk xt0psk2 xe8uvvx xdj266r x11i5rnm xat24cr x1mh8g0r xexx8yu x4uap5 x18d9i69 xkhd6sd x16tdsg8 x1hl2dhg xggy1nq x1a2a7pz xt0b8zv x1qq9wsj xo1l8bm\" tabindex=\"0\" role=\"link\" href=\"https:\/\/www.facebook.com\/hashtag\/untf?__eep__=6&amp;__cft__[0]=AZUhDEpWKLpVxVFxiiZKn7sLEzNvZDcbHls5u-MUUNMrxQCpgGJbP5hEY5SrxVKwq72wnLFYjJrno2vW4eoDq3aZJQOwtTULefDSQxwB4RBH_DanSrY9mmTN4SOVmY4PVeHZ8OM_II-OZNFWFk5TExTwtrMZsksUVR32sxGVI2-2jlfdOf5hi_Y2pQBteTZ-yZg&amp;__tn__=*NK-R\">#UNTF<\/a> <a class=\"x1i10hfl xjbqb8w x6umtig x1b1mbwd xaqea5y xav7gou x9f619 x1ypdohk xt0psk2 xe8uvvx xdj266r x11i5rnm xat24cr x1mh8g0r xexx8yu x4uap5 x18d9i69 xkhd6sd x16tdsg8 x1hl2dhg xggy1nq x1a2a7pz xt0b8zv x1qq9wsj xo1l8bm\" tabindex=\"0\" role=\"link\" href=\"https:\/\/www.facebook.com\/hashtag\/s%C3%ABbashkup%C3%ABrrezilienc%C3%AB?__eep__=6&amp;__cft__[0]=AZUhDEpWKLpVxVFxiiZKn7sLEzNvZDcbHls5u-MUUNMrxQCpgGJbP5hEY5SrxVKwq72wnLFYjJrno2vW4eoDq3aZJQOwtTULefDSQxwB4RBH_DanSrY9mmTN4SOVmY4PVeHZ8OM_II-OZNFWFk5TExTwtrMZsksUVR32sxGVI2-2jlfdOf5hi_Y2pQBteTZ-yZg&amp;__tn__=*NK-R\">#S\u00ebBashkuP\u00ebrRezilienc\u00eb<\/a><\/div>\n<div dir=\"auto\"><a class=\"x1i10hfl xjbqb8w x6umtig x1b1mbwd xaqea5y xav7gou x9f619 x1ypdohk xt0psk2 xe8uvvx xdj266r x11i5rnm xat24cr x1mh8g0r xexx8yu x4uap5 x18d9i69 xkhd6sd x16tdsg8 x1hl2dhg xggy1nq x1a2a7pz xt0b8zv x1qq9wsj xo1l8bm\" tabindex=\"0\" role=\"link\" href=\"https:\/\/www.facebook.com\/hashtag\/strongwomen?__eep__=6&amp;__cft__[0]=AZUhDEpWKLpVxVFxiiZKn7sLEzNvZDcbHls5u-MUUNMrxQCpgGJbP5hEY5SrxVKwq72wnLFYjJrno2vW4eoDq3aZJQOwtTULefDSQxwB4RBH_DanSrY9mmTN4SOVmY4PVeHZ8OM_II-OZNFWFk5TExTwtrMZsksUVR32sxGVI2-2jlfdOf5hi_Y2pQBteTZ-yZg&amp;__tn__=*NK-R\">#strongwomen<\/a><\/div>\n<div dir=\"auto\">UN Trust Fund \u00ebsht\u00eb i vetmi mekaniz\u00ebm global p\u00ebr dh\u00ebnien e granteve, i dedikuar ekskluzivisht p\u00ebr adresimin e t\u00eb gjitha formave t\u00eb dhun\u00ebs ndaj grave dhe vajzave n\u00eb nivel lokal dhe komb\u00ebtar. Deri m\u00eb sot, UN Trust Fund ka mb\u00ebshtetur 572 organizata n\u00eb 140 vende dhe territore.<\/div>\n<\/div>\n","protected":false},"excerpt":{"rendered":"<p>N\u00eb kuad\u00ebr t\u00eb projektit \u201cS\u00eb Bashku Nd\u00ebrtojm\u00eb Rezilienc\u00ebn\u201d, t\u00eb financuar nga UN Trust Fund to End Violence against Women (UN Trust Fund), vazhdon cikli i trajnimeve p\u00ebr fuqizim social n\u00eb fshatin Shal\u00eb t\u00eb komun\u00ebs s\u00eb Lipjanit dhe n\u00eb qytetin e Ferizajt p\u00ebr t\u00eb promovuar fuqizimin shoq\u00ebror dhe ekonomik t\u00eb grave. K\u00ebto dy grupe do t\u00eb [&hellip;]<\/p>\n","protected":false},"author":2,"featured_media":15834,"comment_status":"open","ping_status":"open","sticky":false,"template":"","format":"standard","meta":{"footnotes":""},"categories":[59],"tags":[],"class_list":["post-15833","post","type-post","status-publish","format-standard","has-post-thumbnail","hentry","category-lajme"],"yoast_head":"<!-- This site is optimized with the Yoast SEO plugin v27.0 - https:\/\/yoast.com\/product\/yoast-seo-wordpress\/ -->\n<title>Vazhdon cikli i trajnimeve p\u00ebr fuqizim social n\u00eb fshatin Shal\u00eb t\u00eb komun\u00ebs s\u00eb Lipjanit - KW4W<\/title>\n<meta name=\"robots\" content=\"index, follow, max-snippet:-1, max-image-preview:large, max-video-preview:-1\" \/>\n<link rel=\"canonical\" href=\"https:\/\/www.k-w4w.org\/en\/vazhdon-cikli-i-trajnimeve-per-fuqizim-social-ne-fshatin-shale-te-komunes-se-lipjanit\/\" \/>\n<meta property=\"og:locale\" content=\"en_US\" \/>\n<meta property=\"og:type\" content=\"article\" \/>\n<meta property=\"og:title\" content=\"Vazhdon cikli i trajnimeve p\u00ebr fuqizim social n\u00eb fshatin Shal\u00eb t\u00eb komun\u00ebs s\u00eb Lipjanit - KW4W\" \/>\n<meta property=\"og:description\" content=\"N\u00eb kuad\u00ebr t\u00eb projektit \u201cS\u00eb Bashku Nd\u00ebrtojm\u00eb Rezilienc\u00ebn\u201d, t\u00eb financuar nga UN Trust Fund to End Violence against Women (UN Trust Fund), vazhdon cikli i trajnimeve p\u00ebr fuqizim social n\u00eb fshatin Shal\u00eb t\u00eb komun\u00ebs s\u00eb Lipjanit dhe n\u00eb qytetin e Ferizajt p\u00ebr t\u00eb promovuar fuqizimin shoq\u00ebror dhe ekonomik t\u00eb grave. K\u00ebto dy grupe do t\u00eb [&hellip;]\" \/>\n<meta property=\"og:url\" content=\"https:\/\/www.k-w4w.org\/en\/vazhdon-cikli-i-trajnimeve-per-fuqizim-social-ne-fshatin-shale-te-komunes-se-lipjanit\/\" \/>\n<meta property=\"og:site_name\" content=\"KW4W\" \/>\n<meta property=\"article:publisher\" content=\"https:\/\/www.facebook.com\/KosovaWomen4Women\" \/>\n<meta property=\"article:published_time\" content=\"2022-06-01T12:07:34+00:00\" \/>\n<meta property=\"article:modified_time\" content=\"2023-02-21T12:11:35+00:00\" \/>\n<meta property=\"og:image\" content=\"https:\/\/www.k-w4w.org\/wp-content\/uploads\/2023\/02\/kk.jpg\" \/>\n\t<meta property=\"og:image:width\" content=\"1600\" \/>\n\t<meta property=\"og:image:height\" content=\"720\" \/>\n\t<meta property=\"og:image:type\" content=\"image\/jpeg\" \/>\n<meta name=\"author\" content=\"kw4w\" \/>\n<meta name=\"twitter:card\" content=\"summary_large_image\" \/>\n<meta name=\"twitter:label1\" content=\"Written by\" \/>\n\t<meta name=\"twitter:data1\" content=\"kw4w\" \/>\n\t<meta name=\"twitter:label2\" content=\"Est. reading time\" \/>\n\t<meta name=\"twitter:data2\" content=\"1 minute\" \/>\n<script type=\"application\/ld+json\" class=\"yoast-schema-graph\">{\"@context\":\"https:\/\/schema.org\",\"@graph\":[{\"@type\":\"Article\",\"@id\":\"https:\/\/www.k-w4w.org\/vazhdon-cikli-i-trajnimeve-per-fuqizim-social-ne-fshatin-shale-te-komunes-se-lipjanit\/#article\",\"isPartOf\":{\"@id\":\"https:\/\/www.k-w4w.org\/vazhdon-cikli-i-trajnimeve-per-fuqizim-social-ne-fshatin-shale-te-komunes-se-lipjanit\/\"},\"author\":{\"name\":\"kw4w\",\"@id\":\"https:\/\/www.k-w4w.org\/en\/#\/schema\/person\/bea620f132061dd98aa21df3225035f4\"},\"headline\":\"Vazhdon cikli i trajnimeve p\u00ebr fuqizim social n\u00eb fshatin Shal\u00eb t\u00eb komun\u00ebs s\u00eb Lipjanit\",\"datePublished\":\"2022-06-01T12:07:34+00:00\",\"dateModified\":\"2023-02-21T12:11:35+00:00\",\"mainEntityOfPage\":{\"@id\":\"https:\/\/www.k-w4w.org\/vazhdon-cikli-i-trajnimeve-per-fuqizim-social-ne-fshatin-shale-te-komunes-se-lipjanit\/\"},\"wordCount\":171,\"commentCount\":0,\"publisher\":{\"@id\":\"https:\/\/www.k-w4w.org\/en\/#organization\"},\"image\":{\"@id\":\"https:\/\/www.k-w4w.org\/vazhdon-cikli-i-trajnimeve-per-fuqizim-social-ne-fshatin-shale-te-komunes-se-lipjanit\/#primaryimage\"},\"thumbnailUrl\":\"https:\/\/www.k-w4w.org\/wp-content\/uploads\/2023\/02\/kk.jpg\",\"articleSection\":[\"Lajme\"],\"inLanguage\":\"en-US\",\"potentialAction\":[{\"@type\":\"CommentAction\",\"name\":\"Comment\",\"target\":[\"https:\/\/www.k-w4w.org\/vazhdon-cikli-i-trajnimeve-per-fuqizim-social-ne-fshatin-shale-te-komunes-se-lipjanit\/#respond\"]}]},{\"@type\":\"WebPage\",\"@id\":\"https:\/\/www.k-w4w.org\/vazhdon-cikli-i-trajnimeve-per-fuqizim-social-ne-fshatin-shale-te-komunes-se-lipjanit\/\",\"url\":\"https:\/\/www.k-w4w.org\/vazhdon-cikli-i-trajnimeve-per-fuqizim-social-ne-fshatin-shale-te-komunes-se-lipjanit\/\",\"name\":\"Vazhdon cikli i trajnimeve p\u00ebr fuqizim social n\u00eb fshatin Shal\u00eb t\u00eb komun\u00ebs s\u00eb Lipjanit - KW4W\",\"isPartOf\":{\"@id\":\"https:\/\/www.k-w4w.org\/en\/#website\"},\"primaryImageOfPage\":{\"@id\":\"https:\/\/www.k-w4w.org\/vazhdon-cikli-i-trajnimeve-per-fuqizim-social-ne-fshatin-shale-te-komunes-se-lipjanit\/#primaryimage\"},\"image\":{\"@id\":\"https:\/\/www.k-w4w.org\/vazhdon-cikli-i-trajnimeve-per-fuqizim-social-ne-fshatin-shale-te-komunes-se-lipjanit\/#primaryimage\"},\"thumbnailUrl\":\"https:\/\/www.k-w4w.org\/wp-content\/uploads\/2023\/02\/kk.jpg\",\"datePublished\":\"2022-06-01T12:07:34+00:00\",\"dateModified\":\"2023-02-21T12:11:35+00:00\",\"breadcrumb\":{\"@id\":\"https:\/\/www.k-w4w.org\/vazhdon-cikli-i-trajnimeve-per-fuqizim-social-ne-fshatin-shale-te-komunes-se-lipjanit\/#breadcrumb\"},\"inLanguage\":\"en-US\",\"potentialAction\":[{\"@type\":\"ReadAction\",\"target\":[\"https:\/\/www.k-w4w.org\/vazhdon-cikli-i-trajnimeve-per-fuqizim-social-ne-fshatin-shale-te-komunes-se-lipjanit\/\"]}]},{\"@type\":\"ImageObject\",\"inLanguage\":\"en-US\",\"@id\":\"https:\/\/www.k-w4w.org\/vazhdon-cikli-i-trajnimeve-per-fuqizim-social-ne-fshatin-shale-te-komunes-se-lipjanit\/#primaryimage\",\"url\":\"https:\/\/www.k-w4w.org\/wp-content\/uploads\/2023\/02\/kk.jpg\",\"contentUrl\":\"https:\/\/www.k-w4w.org\/wp-content\/uploads\/2023\/02\/kk.jpg\",\"width\":1600,\"height\":720},{\"@type\":\"BreadcrumbList\",\"@id\":\"https:\/\/www.k-w4w.org\/vazhdon-cikli-i-trajnimeve-per-fuqizim-social-ne-fshatin-shale-te-komunes-se-lipjanit\/#breadcrumb\",\"itemListElement\":[{\"@type\":\"ListItem\",\"position\":1,\"name\":\"Home\",\"item\":\"https:\/\/www.k-w4w.org\/\"},{\"@type\":\"ListItem\",\"position\":2,\"name\":\"Vazhdon cikli i trajnimeve p\u00ebr fuqizim social n\u00eb fshatin Shal\u00eb t\u00eb komun\u00ebs s\u00eb Lipjanit\"}]},{\"@type\":\"WebSite\",\"@id\":\"https:\/\/www.k-w4w.org\/en\/#website\",\"url\":\"https:\/\/www.k-w4w.org\/en\/\",\"name\":\"KW4W\",\"description\":\"\",\"publisher\":{\"@id\":\"https:\/\/www.k-w4w.org\/en\/#organization\"},\"potentialAction\":[{\"@type\":\"SearchAction\",\"target\":{\"@type\":\"EntryPoint\",\"urlTemplate\":\"https:\/\/www.k-w4w.org\/en\/?s={search_term_string}\"},\"query-input\":{\"@type\":\"PropertyValueSpecification\",\"valueRequired\":true,\"valueName\":\"search_term_string\"}}],\"inLanguage\":\"en-US\"},{\"@type\":\"Organization\",\"@id\":\"https:\/\/www.k-w4w.org\/en\/#organization\",\"name\":\"KW4W\",\"url\":\"https:\/\/www.k-w4w.org\/en\/\",\"logo\":{\"@type\":\"ImageObject\",\"inLanguage\":\"en-US\",\"@id\":\"https:\/\/www.k-w4w.org\/en\/#\/schema\/logo\/image\/\",\"url\":\"https:\/\/www.k-w4w.org\/wp-content\/uploads\/2023\/02\/cropped-wfwi_logo_color_gradient_cmyk.jpg\",\"contentUrl\":\"https:\/\/www.k-w4w.org\/wp-content\/uploads\/2023\/02\/cropped-wfwi_logo_color_gradient_cmyk.jpg\",\"width\":1243,\"height\":199,\"caption\":\"KW4W\"},\"image\":{\"@id\":\"https:\/\/www.k-w4w.org\/en\/#\/schema\/logo\/image\/\"},\"sameAs\":[\"https:\/\/www.facebook.com\/KosovaWomen4Women\",\"https:\/\/www.instagram.com\/womenforwomenkosova\/\"]},{\"@type\":\"Person\",\"@id\":\"https:\/\/www.k-w4w.org\/en\/#\/schema\/person\/bea620f132061dd98aa21df3225035f4\",\"name\":\"kw4w\",\"image\":{\"@type\":\"ImageObject\",\"inLanguage\":\"en-US\",\"@id\":\"https:\/\/www.k-w4w.org\/en\/#\/schema\/person\/image\/\",\"url\":\"https:\/\/secure.gravatar.com\/avatar\/35dca332a41f9d006f5b77ee9d9b90ed02181b4dcf7b166dcf848cb4e40abd74?s=96&d=mm&r=g\",\"contentUrl\":\"https:\/\/secure.gravatar.com\/avatar\/35dca332a41f9d006f5b77ee9d9b90ed02181b4dcf7b166dcf848cb4e40abd74?s=96&d=mm&r=g\",\"caption\":\"kw4w\"},\"sameAs\":[\"https:\/\/www.k-w4w.org\/\"],\"url\":\"https:\/\/www.k-w4w.org\/en\/author\/kw4w\/\"}]}<\/script>\n<!-- \/ Yoast SEO plugin. -->","yoast_head_json":{"title":"Vazhdon cikli i trajnimeve p\u00ebr fuqizim social n\u00eb fshatin Shal\u00eb t\u00eb komun\u00ebs s\u00eb Lipjanit - KW4W","robots":{"index":"index","follow":"follow","max-snippet":"max-snippet:-1","max-image-preview":"max-image-preview:large","max-video-preview":"max-video-preview:-1"},"canonical":"https:\/\/www.k-w4w.org\/en\/vazhdon-cikli-i-trajnimeve-per-fuqizim-social-ne-fshatin-shale-te-komunes-se-lipjanit\/","og_locale":"en_US","og_type":"article","og_title":"Vazhdon cikli i trajnimeve p\u00ebr fuqizim social n\u00eb fshatin Shal\u00eb t\u00eb komun\u00ebs s\u00eb Lipjanit - KW4W","og_description":"N\u00eb kuad\u00ebr t\u00eb projektit \u201cS\u00eb Bashku Nd\u00ebrtojm\u00eb Rezilienc\u00ebn\u201d, t\u00eb financuar nga UN Trust Fund to End Violence against Women (UN Trust Fund), vazhdon cikli i trajnimeve p\u00ebr fuqizim social n\u00eb fshatin Shal\u00eb t\u00eb komun\u00ebs s\u00eb Lipjanit dhe n\u00eb qytetin e Ferizajt p\u00ebr t\u00eb promovuar fuqizimin shoq\u00ebror dhe ekonomik t\u00eb grave. K\u00ebto dy grupe do t\u00eb [&hellip;]","og_url":"https:\/\/www.k-w4w.org\/en\/vazhdon-cikli-i-trajnimeve-per-fuqizim-social-ne-fshatin-shale-te-komunes-se-lipjanit\/","og_site_name":"KW4W","article_publisher":"https:\/\/www.facebook.com\/KosovaWomen4Women","article_published_time":"2022-06-01T12:07:34+00:00","article_modified_time":"2023-02-21T12:11:35+00:00","og_image":[{"width":1600,"height":720,"url":"https:\/\/www.k-w4w.org\/wp-content\/uploads\/2023\/02\/kk.jpg","type":"image\/jpeg"}],"author":"kw4w","twitter_card":"summary_large_image","twitter_misc":{"Written by":"kw4w","Est. reading time":"1 minute"},"schema":{"@context":"https:\/\/schema.org","@graph":[{"@type":"Article","@id":"https:\/\/www.k-w4w.org\/vazhdon-cikli-i-trajnimeve-per-fuqizim-social-ne-fshatin-shale-te-komunes-se-lipjanit\/#article","isPartOf":{"@id":"https:\/\/www.k-w4w.org\/vazhdon-cikli-i-trajnimeve-per-fuqizim-social-ne-fshatin-shale-te-komunes-se-lipjanit\/"},"author":{"name":"kw4w","@id":"https:\/\/www.k-w4w.org\/en\/#\/schema\/person\/bea620f132061dd98aa21df3225035f4"},"headline":"Vazhdon cikli i trajnimeve p\u00ebr fuqizim social n\u00eb fshatin Shal\u00eb t\u00eb komun\u00ebs s\u00eb Lipjanit","datePublished":"2022-06-01T12:07:34+00:00","dateModified":"2023-02-21T12:11:35+00:00","mainEntityOfPage":{"@id":"https:\/\/www.k-w4w.org\/vazhdon-cikli-i-trajnimeve-per-fuqizim-social-ne-fshatin-shale-te-komunes-se-lipjanit\/"},"wordCount":171,"commentCount":0,"publisher":{"@id":"https:\/\/www.k-w4w.org\/en\/#organization"},"image":{"@id":"https:\/\/www.k-w4w.org\/vazhdon-cikli-i-trajnimeve-per-fuqizim-social-ne-fshatin-shale-te-komunes-se-lipjanit\/#primaryimage"},"thumbnailUrl":"https:\/\/www.k-w4w.org\/wp-content\/uploads\/2023\/02\/kk.jpg","articleSection":["Lajme"],"inLanguage":"en-US","potentialAction":[{"@type":"CommentAction","name":"Comment","target":["https:\/\/www.k-w4w.org\/vazhdon-cikli-i-trajnimeve-per-fuqizim-social-ne-fshatin-shale-te-komunes-se-lipjanit\/#respond"]}]},{"@type":"WebPage","@id":"https:\/\/www.k-w4w.org\/vazhdon-cikli-i-trajnimeve-per-fuqizim-social-ne-fshatin-shale-te-komunes-se-lipjanit\/","url":"https:\/\/www.k-w4w.org\/vazhdon-cikli-i-trajnimeve-per-fuqizim-social-ne-fshatin-shale-te-komunes-se-lipjanit\/","name":"Vazhdon cikli i trajnimeve p\u00ebr fuqizim social n\u00eb fshatin Shal\u00eb t\u00eb komun\u00ebs s\u00eb Lipjanit - KW4W","isPartOf":{"@id":"https:\/\/www.k-w4w.org\/en\/#website"},"primaryImageOfPage":{"@id":"https:\/\/www.k-w4w.org\/vazhdon-cikli-i-trajnimeve-per-fuqizim-social-ne-fshatin-shale-te-komunes-se-lipjanit\/#primaryimage"},"image":{"@id":"https:\/\/www.k-w4w.org\/vazhdon-cikli-i-trajnimeve-per-fuqizim-social-ne-fshatin-shale-te-komunes-se-lipjanit\/#primaryimage"},"thumbnailUrl":"https:\/\/www.k-w4w.org\/wp-content\/uploads\/2023\/02\/kk.jpg","datePublished":"2022-06-01T12:07:34+00:00","dateModified":"2023-02-21T12:11:35+00:00","breadcrumb":{"@id":"https:\/\/www.k-w4w.org\/vazhdon-cikli-i-trajnimeve-per-fuqizim-social-ne-fshatin-shale-te-komunes-se-lipjanit\/#breadcrumb"},"inLanguage":"en-US","potentialAction":[{"@type":"ReadAction","target":["https:\/\/www.k-w4w.org\/vazhdon-cikli-i-trajnimeve-per-fuqizim-social-ne-fshatin-shale-te-komunes-se-lipjanit\/"]}]},{"@type":"ImageObject","inLanguage":"en-US","@id":"https:\/\/www.k-w4w.org\/vazhdon-cikli-i-trajnimeve-per-fuqizim-social-ne-fshatin-shale-te-komunes-se-lipjanit\/#primaryimage","url":"https:\/\/www.k-w4w.org\/wp-content\/uploads\/2023\/02\/kk.jpg","contentUrl":"https:\/\/www.k-w4w.org\/wp-content\/uploads\/2023\/02\/kk.jpg","width":1600,"height":720},{"@type":"BreadcrumbList","@id":"https:\/\/www.k-w4w.org\/vazhdon-cikli-i-trajnimeve-per-fuqizim-social-ne-fshatin-shale-te-komunes-se-lipjanit\/#breadcrumb","itemListElement":[{"@type":"ListItem","position":1,"name":"Home","item":"https:\/\/www.k-w4w.org\/"},{"@type":"ListItem","position":2,"name":"Vazhdon cikli i trajnimeve p\u00ebr fuqizim social n\u00eb fshatin Shal\u00eb t\u00eb komun\u00ebs s\u00eb Lipjanit"}]},{"@type":"WebSite","@id":"https:\/\/www.k-w4w.org\/en\/#website","url":"https:\/\/www.k-w4w.org\/en\/","name":"KW4W","description":"","publisher":{"@id":"https:\/\/www.k-w4w.org\/en\/#organization"},"potentialAction":[{"@type":"SearchAction","target":{"@type":"EntryPoint","urlTemplate":"https:\/\/www.k-w4w.org\/en\/?s={search_term_string}"},"query-input":{"@type":"PropertyValueSpecification","valueRequired":true,"valueName":"search_term_string"}}],"inLanguage":"en-US"},{"@type":"Organization","@id":"https:\/\/www.k-w4w.org\/en\/#organization","name":"KW4W","url":"https:\/\/www.k-w4w.org\/en\/","logo":{"@type":"ImageObject","inLanguage":"en-US","@id":"https:\/\/www.k-w4w.org\/en\/#\/schema\/logo\/image\/","url":"https:\/\/www.k-w4w.org\/wp-content\/uploads\/2023\/02\/cropped-wfwi_logo_color_gradient_cmyk.jpg","contentUrl":"https:\/\/www.k-w4w.org\/wp-content\/uploads\/2023\/02\/cropped-wfwi_logo_color_gradient_cmyk.jpg","width":1243,"height":199,"caption":"KW4W"},"image":{"@id":"https:\/\/www.k-w4w.org\/en\/#\/schema\/logo\/image\/"},"sameAs":["https:\/\/www.facebook.com\/KosovaWomen4Women","https:\/\/www.instagram.com\/womenforwomenkosova\/"]},{"@type":"Person","@id":"https:\/\/www.k-w4w.org\/en\/#\/schema\/person\/bea620f132061dd98aa21df3225035f4","name":"kw4w","image":{"@type":"ImageObject","inLanguage":"en-US","@id":"https:\/\/www.k-w4w.org\/en\/#\/schema\/person\/image\/","url":"https:\/\/secure.gravatar.com\/avatar\/35dca332a41f9d006f5b77ee9d9b90ed02181b4dcf7b166dcf848cb4e40abd74?s=96&d=mm&r=g","contentUrl":"https:\/\/secure.gravatar.com\/avatar\/35dca332a41f9d006f5b77ee9d9b90ed02181b4dcf7b166dcf848cb4e40abd74?s=96&d=mm&r=g","caption":"kw4w"},"sameAs":["https:\/\/www.k-w4w.org\/"],"url":"https:\/\/www.k-w4w.org\/en\/author\/kw4w\/"}]}},"_links":{"self":[{"href":"https:\/\/www.k-w4w.org\/en\/wp-json\/wp\/v2\/posts\/15833","targetHints":{"allow":["GET"]}}],"collection":[{"href":"https:\/\/www.k-w4w.org\/en\/wp-json\/wp\/v2\/posts"}],"about":[{"href":"https:\/\/www.k-w4w.org\/en\/wp-json\/wp\/v2\/types\/post"}],"author":[{"embeddable":true,"href":"https:\/\/www.k-w4w.org\/en\/wp-json\/wp\/v2\/users\/2"}],"replies":[{"embeddable":true,"href":"https:\/\/www.k-w4w.org\/en\/wp-json\/wp\/v2\/comments?post=15833"}],"version-history":[{"count":1,"href":"https:\/\/www.k-w4w.org\/en\/wp-json\/wp\/v2\/posts\/15833\/revisions"}],"predecessor-version":[{"id":15835,"href":"https:\/\/www.k-w4w.org\/en\/wp-json\/wp\/v2\/posts\/15833\/revisions\/15835"}],"wp:featuredmedia":[{"embeddable":true,"href":"https:\/\/www.k-w4w.org\/en\/wp-json\/wp\/v2\/media\/15834"}],"wp:attachment":[{"href":"https:\/\/www.k-w4w.org\/en\/wp-json\/wp\/v2\/media?parent=15833"}],"wp:term":[{"taxonomy":"category","embeddable":true,"href":"https:\/\/www.k-w4w.org\/en\/wp-json\/wp\/v2\/categories?post=15833"},{"taxonomy":"post_tag","embeddable":true,"href":"https:\/\/www.k-w4w.org\/en\/wp-json\/wp\/v2\/tags?post=15833"}],"curies":[{"name":"wp","href":"https:\/\/api.w.org\/{rel}","templated":true}]}}