{"id":15838,"date":"2022-06-06T13:23:18","date_gmt":"2022-06-06T13:23:18","guid":{"rendered":"https:\/\/www.k-w4w.org\/?p=15838"},"modified":"2023-02-21T13:25:01","modified_gmt":"2023-02-21T13:25:01","slug":"fillimi-i-grupit-te-trete-te-trajnimeve-per-ndermarresi-dhe-fuqizim-social","status":"publish","type":"post","link":"https:\/\/www.k-w4w.org\/en\/fillimi-i-grupit-te-trete-te-trajnimeve-per-ndermarresi-dhe-fuqizim-social\/","title":{"rendered":"Fillimi i grupit t\u00eb tret\u00eb t\u00eb trajnimeve p\u00ebr nd\u00ebrmarr\u00ebsi dhe fuqizim social"},"content":{"rendered":"<div class=\"x11i5rnm xat24cr x1mh8g0r x1vvkbs xdj266r x126k92a\">\n<div dir=\"auto\">N\u00eb kuad\u00ebr t\u00eb projektit \u201cSupporting survivors\u2019 income generation activities to be able to reintegrate into society and escape the cycle of violence\u201d, t\u00eb financuar nga BE dhe t\u00eb implementuar nga K-W4W dhe UN Women Kosovo, ka filluar grupi i trete i trajnimeve p\u00ebr nd\u00ebrmarr\u00ebsi dhe fuqizim social. Ky trajnim do u jap grave mund\u00ebsi n\u00eb ngritjen e kapaciteteve p\u00ebr pun\u00ebsim dhe vetpun\u00ebsim, t\u00eb zhvillojn\u00eb sensin e autonomis\u00eb dhe vet\u00eb-besimit p\u00ebr t\u00eb nxitur produktivitetin dhe mir\u00ebq\u00ebnien e tyre si dhe t\u00eb mendojn\u00eb p\u00ebrtej mbijetes\u00ebs s\u00eb p\u00ebrditshme dhe t\u00eb sigurojn\u00eb kontroll m\u00eb t\u00eb madh mbi burimet e tyre dhe zgjedhjet e jet\u00ebs.<\/div>\n<\/div>\n<div class=\"x11i5rnm xat24cr x1mh8g0r x1vvkbs xtlvy1s x126k92a\">\n<div dir=\"auto\"><a class=\"x1i10hfl xjbqb8w x6umtig x1b1mbwd xaqea5y xav7gou x9f619 x1ypdohk xt0psk2 xe8uvvx xdj266r x11i5rnm xat24cr x1mh8g0r xexx8yu x4uap5 x18d9i69 xkhd6sd x16tdsg8 x1hl2dhg xggy1nq x1a2a7pz xt0b8zv x1qq9wsj xo1l8bm\" tabindex=\"0\" role=\"link\" href=\"https:\/\/www.facebook.com\/hashtag\/womenentrepreneurs?__eep__=6&amp;__cft__[0]=AZV7PzZxS-QtV4bon17O_BC-kD6PszrUzJLSjwQHVSIHmJDYxBwpba8VYg-V1FjGfjdR41HjdRMGEjM0ImZW1C2U60gUwRhEueOr2GS5RG17AqY1xtP7F9gYxF830VLnpa1xfYaJhEjff2oa3412WILqNqd2XtDKM_yS8uYHCQkOFRUxEFaFrS20PEd4cvDZw6E&amp;__tn__=*NK-R\">#womenentrepreneurs<\/a><\/div>\n<div dir=\"auto\"><a class=\"x1i10hfl xjbqb8w x6umtig x1b1mbwd xaqea5y xav7gou x9f619 x1ypdohk xt0psk2 xe8uvvx xdj266r x11i5rnm xat24cr x1mh8g0r xexx8yu x4uap5 x18d9i69 xkhd6sd x16tdsg8 x1hl2dhg xggy1nq x1a2a7pz xt0b8zv x1qq9wsj xo1l8bm\" tabindex=\"0\" role=\"link\" href=\"https:\/\/www.facebook.com\/hashtag\/motivation?__eep__=6&amp;__cft__[0]=AZV7PzZxS-QtV4bon17O_BC-kD6PszrUzJLSjwQHVSIHmJDYxBwpba8VYg-V1FjGfjdR41HjdRMGEjM0ImZW1C2U60gUwRhEueOr2GS5RG17AqY1xtP7F9gYxF830VLnpa1xfYaJhEjff2oa3412WILqNqd2XtDKM_yS8uYHCQkOFRUxEFaFrS20PEd4cvDZw6E&amp;__tn__=*NK-R\">#motivation<\/a><\/div>\n<div dir=\"auto\"><a class=\"x1i10hfl xjbqb8w x6umtig x1b1mbwd xaqea5y xav7gou x9f619 x1ypdohk xt0psk2 xe8uvvx xdj266r x11i5rnm xat24cr x1mh8g0r xexx8yu x4uap5 x18d9i69 xkhd6sd x16tdsg8 x1hl2dhg xggy1nq x1a2a7pz xt0b8zv x1qq9wsj xo1l8bm\" tabindex=\"0\" role=\"link\" href=\"https:\/\/www.facebook.com\/hashtag\/socialskills?__eep__=6&amp;__cft__[0]=AZV7PzZxS-QtV4bon17O_BC-kD6PszrUzJLSjwQHVSIHmJDYxBwpba8VYg-V1FjGfjdR41HjdRMGEjM0ImZW1C2U60gUwRhEueOr2GS5RG17AqY1xtP7F9gYxF830VLnpa1xfYaJhEjff2oa3412WILqNqd2XtDKM_yS8uYHCQkOFRUxEFaFrS20PEd4cvDZw6E&amp;__tn__=*NK-R\">#socialskills<\/a><\/div>\n<\/div>\n","protected":false},"excerpt":{"rendered":"<p>N\u00eb kuad\u00ebr t\u00eb projektit \u201cSupporting survivors\u2019 income generation activities to be able to reintegrate into society and escape the cycle of violence\u201d, t\u00eb financuar nga BE dhe t\u00eb implementuar nga K-W4W dhe UN Women Kosovo, ka filluar grupi i trete i trajnimeve p\u00ebr nd\u00ebrmarr\u00ebsi dhe fuqizim social. Ky trajnim do u jap grave mund\u00ebsi n\u00eb [&hellip;]<\/p>\n","protected":false},"author":2,"featured_media":15839,"comment_status":"open","ping_status":"open","sticky":false,"template":"","format":"standard","meta":{"footnotes":""},"categories":[59],"tags":[],"class_list":["post-15838","post","type-post","status-publish","format-standard","has-post-thumbnail","hentry","category-lajme"],"yoast_head":"<!-- This site is optimized with the Yoast SEO plugin v27.0 - https:\/\/yoast.com\/product\/yoast-seo-wordpress\/ -->\n<title>Fillimi i grupit t\u00eb tret\u00eb t\u00eb trajnimeve p\u00ebr nd\u00ebrmarr\u00ebsi dhe fuqizim social - KW4W<\/title>\n<meta name=\"robots\" content=\"index, follow, max-snippet:-1, max-image-preview:large, max-video-preview:-1\" \/>\n<link rel=\"canonical\" href=\"https:\/\/www.k-w4w.org\/en\/fillimi-i-grupit-te-trete-te-trajnimeve-per-ndermarresi-dhe-fuqizim-social\/\" \/>\n<meta property=\"og:locale\" content=\"en_US\" \/>\n<meta property=\"og:type\" content=\"article\" \/>\n<meta property=\"og:title\" content=\"Fillimi i grupit t\u00eb tret\u00eb t\u00eb trajnimeve p\u00ebr nd\u00ebrmarr\u00ebsi dhe fuqizim social - KW4W\" \/>\n<meta property=\"og:description\" content=\"N\u00eb kuad\u00ebr t\u00eb projektit \u201cSupporting survivors\u2019 income generation activities to be able to reintegrate into society and escape the cycle of violence\u201d, t\u00eb financuar nga BE dhe t\u00eb implementuar nga K-W4W dhe UN Women Kosovo, ka filluar grupi i trete i trajnimeve p\u00ebr nd\u00ebrmarr\u00ebsi dhe fuqizim social. Ky trajnim do u jap grave mund\u00ebsi n\u00eb [&hellip;]\" \/>\n<meta property=\"og:url\" content=\"https:\/\/www.k-w4w.org\/en\/fillimi-i-grupit-te-trete-te-trajnimeve-per-ndermarresi-dhe-fuqizim-social\/\" \/>\n<meta property=\"og:site_name\" content=\"KW4W\" \/>\n<meta property=\"article:publisher\" content=\"https:\/\/www.facebook.com\/KosovaWomen4Women\" \/>\n<meta property=\"article:published_time\" content=\"2022-06-06T13:23:18+00:00\" \/>\n<meta property=\"article:modified_time\" content=\"2023-02-21T13:25:01+00:00\" \/>\n<meta property=\"og:image\" content=\"https:\/\/www.k-w4w.org\/wp-content\/uploads\/2023\/02\/285243237_5359478780783374_4495721224365866506_n.jpg\" \/>\n\t<meta property=\"og:image:width\" content=\"1600\" \/>\n\t<meta property=\"og:image:height\" content=\"1200\" \/>\n\t<meta property=\"og:image:type\" content=\"image\/jpeg\" \/>\n<meta name=\"author\" content=\"kw4w\" \/>\n<meta name=\"twitter:card\" content=\"summary_large_image\" \/>\n<meta name=\"twitter:label1\" content=\"Written by\" \/>\n\t<meta name=\"twitter:data1\" content=\"kw4w\" \/>\n\t<meta name=\"twitter:label2\" content=\"Est. reading time\" \/>\n\t<meta name=\"twitter:data2\" content=\"1 minute\" \/>\n<script type=\"application\/ld+json\" class=\"yoast-schema-graph\">{\"@context\":\"https:\/\/schema.org\",\"@graph\":[{\"@type\":\"Article\",\"@id\":\"https:\/\/www.k-w4w.org\/fillimi-i-grupit-te-trete-te-trajnimeve-per-ndermarresi-dhe-fuqizim-social\/#article\",\"isPartOf\":{\"@id\":\"https:\/\/www.k-w4w.org\/fillimi-i-grupit-te-trete-te-trajnimeve-per-ndermarresi-dhe-fuqizim-social\/\"},\"author\":{\"name\":\"kw4w\",\"@id\":\"https:\/\/www.k-w4w.org\/en\/#\/schema\/person\/bea620f132061dd98aa21df3225035f4\"},\"headline\":\"Fillimi i grupit t\u00eb tret\u00eb t\u00eb trajnimeve p\u00ebr nd\u00ebrmarr\u00ebsi dhe fuqizim social\",\"datePublished\":\"2022-06-06T13:23:18+00:00\",\"dateModified\":\"2023-02-21T13:25:01+00:00\",\"mainEntityOfPage\":{\"@id\":\"https:\/\/www.k-w4w.org\/fillimi-i-grupit-te-trete-te-trajnimeve-per-ndermarresi-dhe-fuqizim-social\/\"},\"wordCount\":135,\"commentCount\":0,\"publisher\":{\"@id\":\"https:\/\/www.k-w4w.org\/en\/#organization\"},\"image\":{\"@id\":\"https:\/\/www.k-w4w.org\/fillimi-i-grupit-te-trete-te-trajnimeve-per-ndermarresi-dhe-fuqizim-social\/#primaryimage\"},\"thumbnailUrl\":\"https:\/\/www.k-w4w.org\/wp-content\/uploads\/2023\/02\/285243237_5359478780783374_4495721224365866506_n.jpg\",\"articleSection\":[\"Lajme\"],\"inLanguage\":\"en-US\",\"potentialAction\":[{\"@type\":\"CommentAction\",\"name\":\"Comment\",\"target\":[\"https:\/\/www.k-w4w.org\/fillimi-i-grupit-te-trete-te-trajnimeve-per-ndermarresi-dhe-fuqizim-social\/#respond\"]}]},{\"@type\":\"WebPage\",\"@id\":\"https:\/\/www.k-w4w.org\/fillimi-i-grupit-te-trete-te-trajnimeve-per-ndermarresi-dhe-fuqizim-social\/\",\"url\":\"https:\/\/www.k-w4w.org\/fillimi-i-grupit-te-trete-te-trajnimeve-per-ndermarresi-dhe-fuqizim-social\/\",\"name\":\"Fillimi i grupit t\u00eb tret\u00eb t\u00eb trajnimeve p\u00ebr nd\u00ebrmarr\u00ebsi dhe fuqizim social - KW4W\",\"isPartOf\":{\"@id\":\"https:\/\/www.k-w4w.org\/en\/#website\"},\"primaryImageOfPage\":{\"@id\":\"https:\/\/www.k-w4w.org\/fillimi-i-grupit-te-trete-te-trajnimeve-per-ndermarresi-dhe-fuqizim-social\/#primaryimage\"},\"image\":{\"@id\":\"https:\/\/www.k-w4w.org\/fillimi-i-grupit-te-trete-te-trajnimeve-per-ndermarresi-dhe-fuqizim-social\/#primaryimage\"},\"thumbnailUrl\":\"https:\/\/www.k-w4w.org\/wp-content\/uploads\/2023\/02\/285243237_5359478780783374_4495721224365866506_n.jpg\",\"datePublished\":\"2022-06-06T13:23:18+00:00\",\"dateModified\":\"2023-02-21T13:25:01+00:00\",\"breadcrumb\":{\"@id\":\"https:\/\/www.k-w4w.org\/fillimi-i-grupit-te-trete-te-trajnimeve-per-ndermarresi-dhe-fuqizim-social\/#breadcrumb\"},\"inLanguage\":\"en-US\",\"potentialAction\":[{\"@type\":\"ReadAction\",\"target\":[\"https:\/\/www.k-w4w.org\/fillimi-i-grupit-te-trete-te-trajnimeve-per-ndermarresi-dhe-fuqizim-social\/\"]}]},{\"@type\":\"ImageObject\",\"inLanguage\":\"en-US\",\"@id\":\"https:\/\/www.k-w4w.org\/fillimi-i-grupit-te-trete-te-trajnimeve-per-ndermarresi-dhe-fuqizim-social\/#primaryimage\",\"url\":\"https:\/\/www.k-w4w.org\/wp-content\/uploads\/2023\/02\/285243237_5359478780783374_4495721224365866506_n.jpg\",\"contentUrl\":\"https:\/\/www.k-w4w.org\/wp-content\/uploads\/2023\/02\/285243237_5359478780783374_4495721224365866506_n.jpg\",\"width\":1600,\"height\":1200},{\"@type\":\"BreadcrumbList\",\"@id\":\"https:\/\/www.k-w4w.org\/fillimi-i-grupit-te-trete-te-trajnimeve-per-ndermarresi-dhe-fuqizim-social\/#breadcrumb\",\"itemListElement\":[{\"@type\":\"ListItem\",\"position\":1,\"name\":\"Home\",\"item\":\"https:\/\/www.k-w4w.org\/\"},{\"@type\":\"ListItem\",\"position\":2,\"name\":\"Fillimi i grupit t\u00eb tret\u00eb t\u00eb trajnimeve p\u00ebr nd\u00ebrmarr\u00ebsi dhe fuqizim social\"}]},{\"@type\":\"WebSite\",\"@id\":\"https:\/\/www.k-w4w.org\/en\/#website\",\"url\":\"https:\/\/www.k-w4w.org\/en\/\",\"name\":\"KW4W\",\"description\":\"\",\"publisher\":{\"@id\":\"https:\/\/www.k-w4w.org\/en\/#organization\"},\"potentialAction\":[{\"@type\":\"SearchAction\",\"target\":{\"@type\":\"EntryPoint\",\"urlTemplate\":\"https:\/\/www.k-w4w.org\/en\/?s={search_term_string}\"},\"query-input\":{\"@type\":\"PropertyValueSpecification\",\"valueRequired\":true,\"valueName\":\"search_term_string\"}}],\"inLanguage\":\"en-US\"},{\"@type\":\"Organization\",\"@id\":\"https:\/\/www.k-w4w.org\/en\/#organization\",\"name\":\"KW4W\",\"url\":\"https:\/\/www.k-w4w.org\/en\/\",\"logo\":{\"@type\":\"ImageObject\",\"inLanguage\":\"en-US\",\"@id\":\"https:\/\/www.k-w4w.org\/en\/#\/schema\/logo\/image\/\",\"url\":\"https:\/\/www.k-w4w.org\/wp-content\/uploads\/2023\/02\/cropped-wfwi_logo_color_gradient_cmyk.jpg\",\"contentUrl\":\"https:\/\/www.k-w4w.org\/wp-content\/uploads\/2023\/02\/cropped-wfwi_logo_color_gradient_cmyk.jpg\",\"width\":1243,\"height\":199,\"caption\":\"KW4W\"},\"image\":{\"@id\":\"https:\/\/www.k-w4w.org\/en\/#\/schema\/logo\/image\/\"},\"sameAs\":[\"https:\/\/www.facebook.com\/KosovaWomen4Women\",\"https:\/\/www.instagram.com\/womenforwomenkosova\/\"]},{\"@type\":\"Person\",\"@id\":\"https:\/\/www.k-w4w.org\/en\/#\/schema\/person\/bea620f132061dd98aa21df3225035f4\",\"name\":\"kw4w\",\"image\":{\"@type\":\"ImageObject\",\"inLanguage\":\"en-US\",\"@id\":\"https:\/\/www.k-w4w.org\/en\/#\/schema\/person\/image\/\",\"url\":\"https:\/\/secure.gravatar.com\/avatar\/35dca332a41f9d006f5b77ee9d9b90ed02181b4dcf7b166dcf848cb4e40abd74?s=96&d=mm&r=g\",\"contentUrl\":\"https:\/\/secure.gravatar.com\/avatar\/35dca332a41f9d006f5b77ee9d9b90ed02181b4dcf7b166dcf848cb4e40abd74?s=96&d=mm&r=g\",\"caption\":\"kw4w\"},\"sameAs\":[\"https:\/\/www.k-w4w.org\/\"],\"url\":\"https:\/\/www.k-w4w.org\/en\/author\/kw4w\/\"}]}<\/script>\n<!-- \/ Yoast SEO plugin. -->","yoast_head_json":{"title":"Fillimi i grupit t\u00eb tret\u00eb t\u00eb trajnimeve p\u00ebr nd\u00ebrmarr\u00ebsi dhe fuqizim social - KW4W","robots":{"index":"index","follow":"follow","max-snippet":"max-snippet:-1","max-image-preview":"max-image-preview:large","max-video-preview":"max-video-preview:-1"},"canonical":"https:\/\/www.k-w4w.org\/en\/fillimi-i-grupit-te-trete-te-trajnimeve-per-ndermarresi-dhe-fuqizim-social\/","og_locale":"en_US","og_type":"article","og_title":"Fillimi i grupit t\u00eb tret\u00eb t\u00eb trajnimeve p\u00ebr nd\u00ebrmarr\u00ebsi dhe fuqizim social - KW4W","og_description":"N\u00eb kuad\u00ebr t\u00eb projektit \u201cSupporting survivors\u2019 income generation activities to be able to reintegrate into society and escape the cycle of violence\u201d, t\u00eb financuar nga BE dhe t\u00eb implementuar nga K-W4W dhe UN Women Kosovo, ka filluar grupi i trete i trajnimeve p\u00ebr nd\u00ebrmarr\u00ebsi dhe fuqizim social. Ky trajnim do u jap grave mund\u00ebsi n\u00eb [&hellip;]","og_url":"https:\/\/www.k-w4w.org\/en\/fillimi-i-grupit-te-trete-te-trajnimeve-per-ndermarresi-dhe-fuqizim-social\/","og_site_name":"KW4W","article_publisher":"https:\/\/www.facebook.com\/KosovaWomen4Women","article_published_time":"2022-06-06T13:23:18+00:00","article_modified_time":"2023-02-21T13:25:01+00:00","og_image":[{"width":1600,"height":1200,"url":"https:\/\/www.k-w4w.org\/wp-content\/uploads\/2023\/02\/285243237_5359478780783374_4495721224365866506_n.jpg","type":"image\/jpeg"}],"author":"kw4w","twitter_card":"summary_large_image","twitter_misc":{"Written by":"kw4w","Est. reading time":"1 minute"},"schema":{"@context":"https:\/\/schema.org","@graph":[{"@type":"Article","@id":"https:\/\/www.k-w4w.org\/fillimi-i-grupit-te-trete-te-trajnimeve-per-ndermarresi-dhe-fuqizim-social\/#article","isPartOf":{"@id":"https:\/\/www.k-w4w.org\/fillimi-i-grupit-te-trete-te-trajnimeve-per-ndermarresi-dhe-fuqizim-social\/"},"author":{"name":"kw4w","@id":"https:\/\/www.k-w4w.org\/en\/#\/schema\/person\/bea620f132061dd98aa21df3225035f4"},"headline":"Fillimi i grupit t\u00eb tret\u00eb t\u00eb trajnimeve p\u00ebr nd\u00ebrmarr\u00ebsi dhe fuqizim social","datePublished":"2022-06-06T13:23:18+00:00","dateModified":"2023-02-21T13:25:01+00:00","mainEntityOfPage":{"@id":"https:\/\/www.k-w4w.org\/fillimi-i-grupit-te-trete-te-trajnimeve-per-ndermarresi-dhe-fuqizim-social\/"},"wordCount":135,"commentCount":0,"publisher":{"@id":"https:\/\/www.k-w4w.org\/en\/#organization"},"image":{"@id":"https:\/\/www.k-w4w.org\/fillimi-i-grupit-te-trete-te-trajnimeve-per-ndermarresi-dhe-fuqizim-social\/#primaryimage"},"thumbnailUrl":"https:\/\/www.k-w4w.org\/wp-content\/uploads\/2023\/02\/285243237_5359478780783374_4495721224365866506_n.jpg","articleSection":["Lajme"],"inLanguage":"en-US","potentialAction":[{"@type":"CommentAction","name":"Comment","target":["https:\/\/www.k-w4w.org\/fillimi-i-grupit-te-trete-te-trajnimeve-per-ndermarresi-dhe-fuqizim-social\/#respond"]}]},{"@type":"WebPage","@id":"https:\/\/www.k-w4w.org\/fillimi-i-grupit-te-trete-te-trajnimeve-per-ndermarresi-dhe-fuqizim-social\/","url":"https:\/\/www.k-w4w.org\/fillimi-i-grupit-te-trete-te-trajnimeve-per-ndermarresi-dhe-fuqizim-social\/","name":"Fillimi i grupit t\u00eb tret\u00eb t\u00eb trajnimeve p\u00ebr nd\u00ebrmarr\u00ebsi dhe fuqizim social - KW4W","isPartOf":{"@id":"https:\/\/www.k-w4w.org\/en\/#website"},"primaryImageOfPage":{"@id":"https:\/\/www.k-w4w.org\/fillimi-i-grupit-te-trete-te-trajnimeve-per-ndermarresi-dhe-fuqizim-social\/#primaryimage"},"image":{"@id":"https:\/\/www.k-w4w.org\/fillimi-i-grupit-te-trete-te-trajnimeve-per-ndermarresi-dhe-fuqizim-social\/#primaryimage"},"thumbnailUrl":"https:\/\/www.k-w4w.org\/wp-content\/uploads\/2023\/02\/285243237_5359478780783374_4495721224365866506_n.jpg","datePublished":"2022-06-06T13:23:18+00:00","dateModified":"2023-02-21T13:25:01+00:00","breadcrumb":{"@id":"https:\/\/www.k-w4w.org\/fillimi-i-grupit-te-trete-te-trajnimeve-per-ndermarresi-dhe-fuqizim-social\/#breadcrumb"},"inLanguage":"en-US","potentialAction":[{"@type":"ReadAction","target":["https:\/\/www.k-w4w.org\/fillimi-i-grupit-te-trete-te-trajnimeve-per-ndermarresi-dhe-fuqizim-social\/"]}]},{"@type":"ImageObject","inLanguage":"en-US","@id":"https:\/\/www.k-w4w.org\/fillimi-i-grupit-te-trete-te-trajnimeve-per-ndermarresi-dhe-fuqizim-social\/#primaryimage","url":"https:\/\/www.k-w4w.org\/wp-content\/uploads\/2023\/02\/285243237_5359478780783374_4495721224365866506_n.jpg","contentUrl":"https:\/\/www.k-w4w.org\/wp-content\/uploads\/2023\/02\/285243237_5359478780783374_4495721224365866506_n.jpg","width":1600,"height":1200},{"@type":"BreadcrumbList","@id":"https:\/\/www.k-w4w.org\/fillimi-i-grupit-te-trete-te-trajnimeve-per-ndermarresi-dhe-fuqizim-social\/#breadcrumb","itemListElement":[{"@type":"ListItem","position":1,"name":"Home","item":"https:\/\/www.k-w4w.org\/"},{"@type":"ListItem","position":2,"name":"Fillimi i grupit t\u00eb tret\u00eb t\u00eb trajnimeve p\u00ebr nd\u00ebrmarr\u00ebsi dhe fuqizim social"}]},{"@type":"WebSite","@id":"https:\/\/www.k-w4w.org\/en\/#website","url":"https:\/\/www.k-w4w.org\/en\/","name":"KW4W","description":"","publisher":{"@id":"https:\/\/www.k-w4w.org\/en\/#organization"},"potentialAction":[{"@type":"SearchAction","target":{"@type":"EntryPoint","urlTemplate":"https:\/\/www.k-w4w.org\/en\/?s={search_term_string}"},"query-input":{"@type":"PropertyValueSpecification","valueRequired":true,"valueName":"search_term_string"}}],"inLanguage":"en-US"},{"@type":"Organization","@id":"https:\/\/www.k-w4w.org\/en\/#organization","name":"KW4W","url":"https:\/\/www.k-w4w.org\/en\/","logo":{"@type":"ImageObject","inLanguage":"en-US","@id":"https:\/\/www.k-w4w.org\/en\/#\/schema\/logo\/image\/","url":"https:\/\/www.k-w4w.org\/wp-content\/uploads\/2023\/02\/cropped-wfwi_logo_color_gradient_cmyk.jpg","contentUrl":"https:\/\/www.k-w4w.org\/wp-content\/uploads\/2023\/02\/cropped-wfwi_logo_color_gradient_cmyk.jpg","width":1243,"height":199,"caption":"KW4W"},"image":{"@id":"https:\/\/www.k-w4w.org\/en\/#\/schema\/logo\/image\/"},"sameAs":["https:\/\/www.facebook.com\/KosovaWomen4Women","https:\/\/www.instagram.com\/womenforwomenkosova\/"]},{"@type":"Person","@id":"https:\/\/www.k-w4w.org\/en\/#\/schema\/person\/bea620f132061dd98aa21df3225035f4","name":"kw4w","image":{"@type":"ImageObject","inLanguage":"en-US","@id":"https:\/\/www.k-w4w.org\/en\/#\/schema\/person\/image\/","url":"https:\/\/secure.gravatar.com\/avatar\/35dca332a41f9d006f5b77ee9d9b90ed02181b4dcf7b166dcf848cb4e40abd74?s=96&d=mm&r=g","contentUrl":"https:\/\/secure.gravatar.com\/avatar\/35dca332a41f9d006f5b77ee9d9b90ed02181b4dcf7b166dcf848cb4e40abd74?s=96&d=mm&r=g","caption":"kw4w"},"sameAs":["https:\/\/www.k-w4w.org\/"],"url":"https:\/\/www.k-w4w.org\/en\/author\/kw4w\/"}]}},"_links":{"self":[{"href":"https:\/\/www.k-w4w.org\/en\/wp-json\/wp\/v2\/posts\/15838","targetHints":{"allow":["GET"]}}],"collection":[{"href":"https:\/\/www.k-w4w.org\/en\/wp-json\/wp\/v2\/posts"}],"about":[{"href":"https:\/\/www.k-w4w.org\/en\/wp-json\/wp\/v2\/types\/post"}],"author":[{"embeddable":true,"href":"https:\/\/www.k-w4w.org\/en\/wp-json\/wp\/v2\/users\/2"}],"replies":[{"embeddable":true,"href":"https:\/\/www.k-w4w.org\/en\/wp-json\/wp\/v2\/comments?post=15838"}],"version-history":[{"count":1,"href":"https:\/\/www.k-w4w.org\/en\/wp-json\/wp\/v2\/posts\/15838\/revisions"}],"predecessor-version":[{"id":15840,"href":"https:\/\/www.k-w4w.org\/en\/wp-json\/wp\/v2\/posts\/15838\/revisions\/15840"}],"wp:featuredmedia":[{"embeddable":true,"href":"https:\/\/www.k-w4w.org\/en\/wp-json\/wp\/v2\/media\/15839"}],"wp:attachment":[{"href":"https:\/\/www.k-w4w.org\/en\/wp-json\/wp\/v2\/media?parent=15838"}],"wp:term":[{"taxonomy":"category","embeddable":true,"href":"https:\/\/www.k-w4w.org\/en\/wp-json\/wp\/v2\/categories?post=15838"},{"taxonomy":"post_tag","embeddable":true,"href":"https:\/\/www.k-w4w.org\/en\/wp-json\/wp\/v2\/tags?post=15838"}],"curies":[{"name":"wp","href":"https:\/\/api.w.org\/{rel}","templated":true}]}}