{"id":15863,"date":"2022-07-28T12:31:27","date_gmt":"2022-07-28T12:31:27","guid":{"rendered":"https:\/\/www.k-w4w.org\/?p=15863"},"modified":"2023-02-22T12:58:38","modified_gmt":"2023-02-22T12:58:38","slug":"vazhdon-cikli-i-trajnimeve-per-fuqizim-social-ne-fshatin-shale-ne-kuader-te-projektit-se-bashku-ndertojme-reziliencen","status":"publish","type":"post","link":"https:\/\/www.k-w4w.org\/en\/vazhdon-cikli-i-trajnimeve-per-fuqizim-social-ne-fshatin-shale-ne-kuader-te-projektit-se-bashku-ndertojme-reziliencen\/","title":{"rendered":"Vazhdon cikli i trajnimeve p\u00ebr fuqizim social n\u00eb fshatin Shal\u00eb n\u00eb kuad\u00ebr t\u00eb projektit \u201cS\u00eb Bashku Nd\u00ebrtojm\u00eb Rezilienc\u00ebn\u201d"},"content":{"rendered":"<div class=\"x11i5rnm xat24cr x1mh8g0r x1vvkbs xdj266r x126k92a\">\n<div dir=\"auto\">N\u00eb kuad\u00ebr t\u00eb projektit \u201cS\u00eb Bashku Nd\u00ebrtojm\u00eb Rezilienc\u00ebn\u201d, t\u00eb financuar nga UN Trust Fund to End Violence against Women (UN Trust Fund), vazhdon cikli i trajnimeve p\u00ebr fuqizim social n\u00eb fshatin Shal\u00eb, komuna Lipjan p\u00ebr t\u00eb promovuar fuqizimin shoq\u00ebror dhe ekonomik t\u00eb grave.<\/div>\n<\/div>\n<div class=\"x11i5rnm xat24cr x1mh8g0r x1vvkbs xtlvy1s x126k92a\">\n<div dir=\"auto\">Nj\u00eb seanc\u00eb e ve\u00e7ant\u00eb e k\u00ebtyre trajnimeve mes grupeve t\u00eb ndryshme t\u00eb grave u mbajt dje me q\u00ebllim t\u00eb rrjet\u00ebzimit, ndarjes s\u00eb njohurive dhe kontaktit social. Pjes\u00ebmarr\u00ebset pat\u00ebn mund\u00ebsin\u00eb t\u00eb takohen dhe t\u00eb shk\u00ebmbejn\u00eb p\u00ebrvoja, t\u00eb flasin p\u00ebr iniciativa t\u00eb reja dhe t\u00eb rrisin lidhjet.<\/div>\n<\/div>\n<div class=\"x11i5rnm xat24cr x1mh8g0r x1vvkbs xtlvy1s x126k92a\">\n<div dir=\"auto\">Rrjetet e grave jan\u00eb vendimtare p\u00ebr barazin\u00eb. Ato sigurojn\u00eb lidhje t\u00eb ngushta nd\u00ebrmjet grave q\u00eb mund t\u00eb hasin v\u00ebshtir\u00ebsi t\u00eb ngjashme, nd\u00ebrkoh\u00eb q\u00eb krijojn\u00eb nj\u00eb mjedis t\u00eb larmish\u00ebm p\u00ebr rritje personale dhe profesionale.<\/div>\n<\/div>","protected":false},"excerpt":{"rendered":"<p>N\u00eb kuad\u00ebr t\u00eb projektit \u201cS\u00eb Bashku Nd\u00ebrtojm\u00eb Rezilienc\u00ebn\u201d, t\u00eb financuar nga UN Trust Fund to End Violence against Women (UN Trust Fund), vazhdon cikli i trajnimeve p\u00ebr fuqizim social n\u00eb fshatin Shal\u00eb, komuna Lipjan p\u00ebr t\u00eb promovuar fuqizimin shoq\u00ebror dhe ekonomik t\u00eb grave. Nj\u00eb seanc\u00eb e ve\u00e7ant\u00eb e k\u00ebtyre trajnimeve mes grupeve t\u00eb ndryshme t\u00eb [&hellip;]<\/p>\n","protected":false},"author":2,"featured_media":15864,"comment_status":"open","ping_status":"open","sticky":false,"template":"","format":"standard","meta":{"footnotes":""},"categories":[59],"tags":[],"class_list":["post-15863","post","type-post","status-publish","format-standard","has-post-thumbnail","hentry","category-lajme"],"yoast_head":"<!-- This site is optimized with the Yoast SEO plugin v27.0 - https:\/\/yoast.com\/product\/yoast-seo-wordpress\/ -->\n<title>Vazhdon cikli i trajnimeve p\u00ebr fuqizim social n\u00eb fshatin Shal\u00eb n\u00eb kuad\u00ebr t\u00eb projektit \u201cS\u00eb Bashku Nd\u00ebrtojm\u00eb Rezilienc\u00ebn\u201d - KW4W<\/title>\n<meta name=\"robots\" content=\"index, follow, max-snippet:-1, max-image-preview:large, max-video-preview:-1\" \/>\n<link rel=\"canonical\" href=\"https:\/\/www.k-w4w.org\/en\/vazhdon-cikli-i-trajnimeve-per-fuqizim-social-ne-fshatin-shale-ne-kuader-te-projektit-se-bashku-ndertojme-reziliencen\/\" \/>\n<meta property=\"og:locale\" content=\"en_US\" \/>\n<meta property=\"og:type\" content=\"article\" \/>\n<meta property=\"og:title\" content=\"Vazhdon cikli i trajnimeve p\u00ebr fuqizim social n\u00eb fshatin Shal\u00eb n\u00eb kuad\u00ebr t\u00eb projektit \u201cS\u00eb Bashku Nd\u00ebrtojm\u00eb Rezilienc\u00ebn\u201d - KW4W\" \/>\n<meta property=\"og:description\" content=\"N\u00eb kuad\u00ebr t\u00eb projektit \u201cS\u00eb Bashku Nd\u00ebrtojm\u00eb Rezilienc\u00ebn\u201d, t\u00eb financuar nga UN Trust Fund to End Violence against Women (UN Trust Fund), vazhdon cikli i trajnimeve p\u00ebr fuqizim social n\u00eb fshatin Shal\u00eb, komuna Lipjan p\u00ebr t\u00eb promovuar fuqizimin shoq\u00ebror dhe ekonomik t\u00eb grave. Nj\u00eb seanc\u00eb e ve\u00e7ant\u00eb e k\u00ebtyre trajnimeve mes grupeve t\u00eb ndryshme t\u00eb [&hellip;]\" \/>\n<meta property=\"og:url\" content=\"https:\/\/www.k-w4w.org\/en\/vazhdon-cikli-i-trajnimeve-per-fuqizim-social-ne-fshatin-shale-ne-kuader-te-projektit-se-bashku-ndertojme-reziliencen\/\" \/>\n<meta property=\"og:site_name\" content=\"KW4W\" \/>\n<meta property=\"article:publisher\" content=\"https:\/\/www.facebook.com\/KosovaWomen4Women\" \/>\n<meta property=\"article:published_time\" content=\"2022-07-28T12:31:27+00:00\" \/>\n<meta property=\"article:modified_time\" content=\"2023-02-22T12:58:38+00:00\" \/>\n<meta property=\"og:image\" content=\"https:\/\/www.k-w4w.org\/wp-content\/uploads\/2023\/02\/rrr.jpg\" \/>\n\t<meta property=\"og:image:width\" content=\"1600\" \/>\n\t<meta property=\"og:image:height\" content=\"1200\" \/>\n\t<meta property=\"og:image:type\" content=\"image\/jpeg\" \/>\n<meta name=\"author\" content=\"kw4w\" \/>\n<meta name=\"twitter:card\" content=\"summary_large_image\" \/>\n<meta name=\"twitter:label1\" content=\"Written by\" \/>\n\t<meta name=\"twitter:data1\" content=\"kw4w\" \/>\n\t<meta name=\"twitter:label2\" content=\"Est. reading time\" \/>\n\t<meta name=\"twitter:data2\" content=\"1 minute\" \/>\n<script type=\"application\/ld+json\" class=\"yoast-schema-graph\">{\"@context\":\"https:\/\/schema.org\",\"@graph\":[{\"@type\":\"Article\",\"@id\":\"https:\/\/www.k-w4w.org\/vazhdon-cikli-i-trajnimeve-per-fuqizim-social-ne-fshatin-shale-ne-kuader-te-projektit-se-bashku-ndertojme-reziliencen\/#article\",\"isPartOf\":{\"@id\":\"https:\/\/www.k-w4w.org\/vazhdon-cikli-i-trajnimeve-per-fuqizim-social-ne-fshatin-shale-ne-kuader-te-projektit-se-bashku-ndertojme-reziliencen\/\"},\"author\":{\"name\":\"kw4w\",\"@id\":\"https:\/\/www.k-w4w.org\/en\/#\/schema\/person\/bea620f132061dd98aa21df3225035f4\"},\"headline\":\"Vazhdon cikli i trajnimeve p\u00ebr fuqizim social n\u00eb fshatin Shal\u00eb n\u00eb kuad\u00ebr t\u00eb projektit \u201cS\u00eb Bashku Nd\u00ebrtojm\u00eb Rezilienc\u00ebn\u201d\",\"datePublished\":\"2022-07-28T12:31:27+00:00\",\"dateModified\":\"2023-02-22T12:58:38+00:00\",\"mainEntityOfPage\":{\"@id\":\"https:\/\/www.k-w4w.org\/vazhdon-cikli-i-trajnimeve-per-fuqizim-social-ne-fshatin-shale-ne-kuader-te-projektit-se-bashku-ndertojme-reziliencen\/\"},\"wordCount\":167,\"commentCount\":0,\"publisher\":{\"@id\":\"https:\/\/www.k-w4w.org\/en\/#organization\"},\"image\":{\"@id\":\"https:\/\/www.k-w4w.org\/vazhdon-cikli-i-trajnimeve-per-fuqizim-social-ne-fshatin-shale-ne-kuader-te-projektit-se-bashku-ndertojme-reziliencen\/#primaryimage\"},\"thumbnailUrl\":\"https:\/\/www.k-w4w.org\/wp-content\/uploads\/2023\/02\/rrr.jpg\",\"articleSection\":[\"Lajme\"],\"inLanguage\":\"en-US\",\"potentialAction\":[{\"@type\":\"CommentAction\",\"name\":\"Comment\",\"target\":[\"https:\/\/www.k-w4w.org\/vazhdon-cikli-i-trajnimeve-per-fuqizim-social-ne-fshatin-shale-ne-kuader-te-projektit-se-bashku-ndertojme-reziliencen\/#respond\"]}]},{\"@type\":\"WebPage\",\"@id\":\"https:\/\/www.k-w4w.org\/vazhdon-cikli-i-trajnimeve-per-fuqizim-social-ne-fshatin-shale-ne-kuader-te-projektit-se-bashku-ndertojme-reziliencen\/\",\"url\":\"https:\/\/www.k-w4w.org\/vazhdon-cikli-i-trajnimeve-per-fuqizim-social-ne-fshatin-shale-ne-kuader-te-projektit-se-bashku-ndertojme-reziliencen\/\",\"name\":\"Vazhdon cikli i trajnimeve p\u00ebr fuqizim social n\u00eb fshatin Shal\u00eb n\u00eb kuad\u00ebr t\u00eb projektit \u201cS\u00eb Bashku Nd\u00ebrtojm\u00eb Rezilienc\u00ebn\u201d - KW4W\",\"isPartOf\":{\"@id\":\"https:\/\/www.k-w4w.org\/en\/#website\"},\"primaryImageOfPage\":{\"@id\":\"https:\/\/www.k-w4w.org\/vazhdon-cikli-i-trajnimeve-per-fuqizim-social-ne-fshatin-shale-ne-kuader-te-projektit-se-bashku-ndertojme-reziliencen\/#primaryimage\"},\"image\":{\"@id\":\"https:\/\/www.k-w4w.org\/vazhdon-cikli-i-trajnimeve-per-fuqizim-social-ne-fshatin-shale-ne-kuader-te-projektit-se-bashku-ndertojme-reziliencen\/#primaryimage\"},\"thumbnailUrl\":\"https:\/\/www.k-w4w.org\/wp-content\/uploads\/2023\/02\/rrr.jpg\",\"datePublished\":\"2022-07-28T12:31:27+00:00\",\"dateModified\":\"2023-02-22T12:58:38+00:00\",\"breadcrumb\":{\"@id\":\"https:\/\/www.k-w4w.org\/vazhdon-cikli-i-trajnimeve-per-fuqizim-social-ne-fshatin-shale-ne-kuader-te-projektit-se-bashku-ndertojme-reziliencen\/#breadcrumb\"},\"inLanguage\":\"en-US\",\"potentialAction\":[{\"@type\":\"ReadAction\",\"target\":[\"https:\/\/www.k-w4w.org\/vazhdon-cikli-i-trajnimeve-per-fuqizim-social-ne-fshatin-shale-ne-kuader-te-projektit-se-bashku-ndertojme-reziliencen\/\"]}]},{\"@type\":\"ImageObject\",\"inLanguage\":\"en-US\",\"@id\":\"https:\/\/www.k-w4w.org\/vazhdon-cikli-i-trajnimeve-per-fuqizim-social-ne-fshatin-shale-ne-kuader-te-projektit-se-bashku-ndertojme-reziliencen\/#primaryimage\",\"url\":\"https:\/\/www.k-w4w.org\/wp-content\/uploads\/2023\/02\/rrr.jpg\",\"contentUrl\":\"https:\/\/www.k-w4w.org\/wp-content\/uploads\/2023\/02\/rrr.jpg\",\"width\":1600,\"height\":1200},{\"@type\":\"BreadcrumbList\",\"@id\":\"https:\/\/www.k-w4w.org\/vazhdon-cikli-i-trajnimeve-per-fuqizim-social-ne-fshatin-shale-ne-kuader-te-projektit-se-bashku-ndertojme-reziliencen\/#breadcrumb\",\"itemListElement\":[{\"@type\":\"ListItem\",\"position\":1,\"name\":\"Home\",\"item\":\"https:\/\/www.k-w4w.org\/\"},{\"@type\":\"ListItem\",\"position\":2,\"name\":\"Vazhdon cikli i trajnimeve p\u00ebr fuqizim social n\u00eb fshatin Shal\u00eb n\u00eb kuad\u00ebr t\u00eb projektit \u201cS\u00eb Bashku Nd\u00ebrtojm\u00eb Rezilienc\u00ebn\u201d\"}]},{\"@type\":\"WebSite\",\"@id\":\"https:\/\/www.k-w4w.org\/en\/#website\",\"url\":\"https:\/\/www.k-w4w.org\/en\/\",\"name\":\"KW4W\",\"description\":\"\",\"publisher\":{\"@id\":\"https:\/\/www.k-w4w.org\/en\/#organization\"},\"potentialAction\":[{\"@type\":\"SearchAction\",\"target\":{\"@type\":\"EntryPoint\",\"urlTemplate\":\"https:\/\/www.k-w4w.org\/en\/?s={search_term_string}\"},\"query-input\":{\"@type\":\"PropertyValueSpecification\",\"valueRequired\":true,\"valueName\":\"search_term_string\"}}],\"inLanguage\":\"en-US\"},{\"@type\":\"Organization\",\"@id\":\"https:\/\/www.k-w4w.org\/en\/#organization\",\"name\":\"KW4W\",\"url\":\"https:\/\/www.k-w4w.org\/en\/\",\"logo\":{\"@type\":\"ImageObject\",\"inLanguage\":\"en-US\",\"@id\":\"https:\/\/www.k-w4w.org\/en\/#\/schema\/logo\/image\/\",\"url\":\"https:\/\/www.k-w4w.org\/wp-content\/uploads\/2023\/02\/cropped-wfwi_logo_color_gradient_cmyk.jpg\",\"contentUrl\":\"https:\/\/www.k-w4w.org\/wp-content\/uploads\/2023\/02\/cropped-wfwi_logo_color_gradient_cmyk.jpg\",\"width\":1243,\"height\":199,\"caption\":\"KW4W\"},\"image\":{\"@id\":\"https:\/\/www.k-w4w.org\/en\/#\/schema\/logo\/image\/\"},\"sameAs\":[\"https:\/\/www.facebook.com\/KosovaWomen4Women\",\"https:\/\/www.instagram.com\/womenforwomenkosova\/\"]},{\"@type\":\"Person\",\"@id\":\"https:\/\/www.k-w4w.org\/en\/#\/schema\/person\/bea620f132061dd98aa21df3225035f4\",\"name\":\"kw4w\",\"image\":{\"@type\":\"ImageObject\",\"inLanguage\":\"en-US\",\"@id\":\"https:\/\/www.k-w4w.org\/en\/#\/schema\/person\/image\/\",\"url\":\"https:\/\/secure.gravatar.com\/avatar\/35dca332a41f9d006f5b77ee9d9b90ed02181b4dcf7b166dcf848cb4e40abd74?s=96&d=mm&r=g\",\"contentUrl\":\"https:\/\/secure.gravatar.com\/avatar\/35dca332a41f9d006f5b77ee9d9b90ed02181b4dcf7b166dcf848cb4e40abd74?s=96&d=mm&r=g\",\"caption\":\"kw4w\"},\"sameAs\":[\"https:\/\/www.k-w4w.org\/\"],\"url\":\"https:\/\/www.k-w4w.org\/en\/author\/kw4w\/\"}]}<\/script>\n<!-- \/ Yoast SEO plugin. -->","yoast_head_json":{"title":"Vazhdon cikli i trajnimeve p\u00ebr fuqizim social n\u00eb fshatin Shal\u00eb n\u00eb kuad\u00ebr t\u00eb projektit \u201cS\u00eb Bashku Nd\u00ebrtojm\u00eb Rezilienc\u00ebn\u201d - KW4W","robots":{"index":"index","follow":"follow","max-snippet":"max-snippet:-1","max-image-preview":"max-image-preview:large","max-video-preview":"max-video-preview:-1"},"canonical":"https:\/\/www.k-w4w.org\/en\/vazhdon-cikli-i-trajnimeve-per-fuqizim-social-ne-fshatin-shale-ne-kuader-te-projektit-se-bashku-ndertojme-reziliencen\/","og_locale":"en_US","og_type":"article","og_title":"Vazhdon cikli i trajnimeve p\u00ebr fuqizim social n\u00eb fshatin Shal\u00eb n\u00eb kuad\u00ebr t\u00eb projektit \u201cS\u00eb Bashku Nd\u00ebrtojm\u00eb Rezilienc\u00ebn\u201d - KW4W","og_description":"N\u00eb kuad\u00ebr t\u00eb projektit \u201cS\u00eb Bashku Nd\u00ebrtojm\u00eb Rezilienc\u00ebn\u201d, t\u00eb financuar nga UN Trust Fund to End Violence against Women (UN Trust Fund), vazhdon cikli i trajnimeve p\u00ebr fuqizim social n\u00eb fshatin Shal\u00eb, komuna Lipjan p\u00ebr t\u00eb promovuar fuqizimin shoq\u00ebror dhe ekonomik t\u00eb grave. Nj\u00eb seanc\u00eb e ve\u00e7ant\u00eb e k\u00ebtyre trajnimeve mes grupeve t\u00eb ndryshme t\u00eb [&hellip;]","og_url":"https:\/\/www.k-w4w.org\/en\/vazhdon-cikli-i-trajnimeve-per-fuqizim-social-ne-fshatin-shale-ne-kuader-te-projektit-se-bashku-ndertojme-reziliencen\/","og_site_name":"KW4W","article_publisher":"https:\/\/www.facebook.com\/KosovaWomen4Women","article_published_time":"2022-07-28T12:31:27+00:00","article_modified_time":"2023-02-22T12:58:38+00:00","og_image":[{"width":1600,"height":1200,"url":"https:\/\/www.k-w4w.org\/wp-content\/uploads\/2023\/02\/rrr.jpg","type":"image\/jpeg"}],"author":"kw4w","twitter_card":"summary_large_image","twitter_misc":{"Written by":"kw4w","Est. reading time":"1 minute"},"schema":{"@context":"https:\/\/schema.org","@graph":[{"@type":"Article","@id":"https:\/\/www.k-w4w.org\/vazhdon-cikli-i-trajnimeve-per-fuqizim-social-ne-fshatin-shale-ne-kuader-te-projektit-se-bashku-ndertojme-reziliencen\/#article","isPartOf":{"@id":"https:\/\/www.k-w4w.org\/vazhdon-cikli-i-trajnimeve-per-fuqizim-social-ne-fshatin-shale-ne-kuader-te-projektit-se-bashku-ndertojme-reziliencen\/"},"author":{"name":"kw4w","@id":"https:\/\/www.k-w4w.org\/en\/#\/schema\/person\/bea620f132061dd98aa21df3225035f4"},"headline":"Vazhdon cikli i trajnimeve p\u00ebr fuqizim social n\u00eb fshatin Shal\u00eb n\u00eb kuad\u00ebr t\u00eb projektit \u201cS\u00eb Bashku Nd\u00ebrtojm\u00eb Rezilienc\u00ebn\u201d","datePublished":"2022-07-28T12:31:27+00:00","dateModified":"2023-02-22T12:58:38+00:00","mainEntityOfPage":{"@id":"https:\/\/www.k-w4w.org\/vazhdon-cikli-i-trajnimeve-per-fuqizim-social-ne-fshatin-shale-ne-kuader-te-projektit-se-bashku-ndertojme-reziliencen\/"},"wordCount":167,"commentCount":0,"publisher":{"@id":"https:\/\/www.k-w4w.org\/en\/#organization"},"image":{"@id":"https:\/\/www.k-w4w.org\/vazhdon-cikli-i-trajnimeve-per-fuqizim-social-ne-fshatin-shale-ne-kuader-te-projektit-se-bashku-ndertojme-reziliencen\/#primaryimage"},"thumbnailUrl":"https:\/\/www.k-w4w.org\/wp-content\/uploads\/2023\/02\/rrr.jpg","articleSection":["Lajme"],"inLanguage":"en-US","potentialAction":[{"@type":"CommentAction","name":"Comment","target":["https:\/\/www.k-w4w.org\/vazhdon-cikli-i-trajnimeve-per-fuqizim-social-ne-fshatin-shale-ne-kuader-te-projektit-se-bashku-ndertojme-reziliencen\/#respond"]}]},{"@type":"WebPage","@id":"https:\/\/www.k-w4w.org\/vazhdon-cikli-i-trajnimeve-per-fuqizim-social-ne-fshatin-shale-ne-kuader-te-projektit-se-bashku-ndertojme-reziliencen\/","url":"https:\/\/www.k-w4w.org\/vazhdon-cikli-i-trajnimeve-per-fuqizim-social-ne-fshatin-shale-ne-kuader-te-projektit-se-bashku-ndertojme-reziliencen\/","name":"Vazhdon cikli i trajnimeve p\u00ebr fuqizim social n\u00eb fshatin Shal\u00eb n\u00eb kuad\u00ebr t\u00eb projektit \u201cS\u00eb Bashku Nd\u00ebrtojm\u00eb Rezilienc\u00ebn\u201d - KW4W","isPartOf":{"@id":"https:\/\/www.k-w4w.org\/en\/#website"},"primaryImageOfPage":{"@id":"https:\/\/www.k-w4w.org\/vazhdon-cikli-i-trajnimeve-per-fuqizim-social-ne-fshatin-shale-ne-kuader-te-projektit-se-bashku-ndertojme-reziliencen\/#primaryimage"},"image":{"@id":"https:\/\/www.k-w4w.org\/vazhdon-cikli-i-trajnimeve-per-fuqizim-social-ne-fshatin-shale-ne-kuader-te-projektit-se-bashku-ndertojme-reziliencen\/#primaryimage"},"thumbnailUrl":"https:\/\/www.k-w4w.org\/wp-content\/uploads\/2023\/02\/rrr.jpg","datePublished":"2022-07-28T12:31:27+00:00","dateModified":"2023-02-22T12:58:38+00:00","breadcrumb":{"@id":"https:\/\/www.k-w4w.org\/vazhdon-cikli-i-trajnimeve-per-fuqizim-social-ne-fshatin-shale-ne-kuader-te-projektit-se-bashku-ndertojme-reziliencen\/#breadcrumb"},"inLanguage":"en-US","potentialAction":[{"@type":"ReadAction","target":["https:\/\/www.k-w4w.org\/vazhdon-cikli-i-trajnimeve-per-fuqizim-social-ne-fshatin-shale-ne-kuader-te-projektit-se-bashku-ndertojme-reziliencen\/"]}]},{"@type":"ImageObject","inLanguage":"en-US","@id":"https:\/\/www.k-w4w.org\/vazhdon-cikli-i-trajnimeve-per-fuqizim-social-ne-fshatin-shale-ne-kuader-te-projektit-se-bashku-ndertojme-reziliencen\/#primaryimage","url":"https:\/\/www.k-w4w.org\/wp-content\/uploads\/2023\/02\/rrr.jpg","contentUrl":"https:\/\/www.k-w4w.org\/wp-content\/uploads\/2023\/02\/rrr.jpg","width":1600,"height":1200},{"@type":"BreadcrumbList","@id":"https:\/\/www.k-w4w.org\/vazhdon-cikli-i-trajnimeve-per-fuqizim-social-ne-fshatin-shale-ne-kuader-te-projektit-se-bashku-ndertojme-reziliencen\/#breadcrumb","itemListElement":[{"@type":"ListItem","position":1,"name":"Home","item":"https:\/\/www.k-w4w.org\/"},{"@type":"ListItem","position":2,"name":"Vazhdon cikli i trajnimeve p\u00ebr fuqizim social n\u00eb fshatin Shal\u00eb n\u00eb kuad\u00ebr t\u00eb projektit \u201cS\u00eb Bashku Nd\u00ebrtojm\u00eb Rezilienc\u00ebn\u201d"}]},{"@type":"WebSite","@id":"https:\/\/www.k-w4w.org\/en\/#website","url":"https:\/\/www.k-w4w.org\/en\/","name":"KW4W","description":"","publisher":{"@id":"https:\/\/www.k-w4w.org\/en\/#organization"},"potentialAction":[{"@type":"SearchAction","target":{"@type":"EntryPoint","urlTemplate":"https:\/\/www.k-w4w.org\/en\/?s={search_term_string}"},"query-input":{"@type":"PropertyValueSpecification","valueRequired":true,"valueName":"search_term_string"}}],"inLanguage":"en-US"},{"@type":"Organization","@id":"https:\/\/www.k-w4w.org\/en\/#organization","name":"KW4W","url":"https:\/\/www.k-w4w.org\/en\/","logo":{"@type":"ImageObject","inLanguage":"en-US","@id":"https:\/\/www.k-w4w.org\/en\/#\/schema\/logo\/image\/","url":"https:\/\/www.k-w4w.org\/wp-content\/uploads\/2023\/02\/cropped-wfwi_logo_color_gradient_cmyk.jpg","contentUrl":"https:\/\/www.k-w4w.org\/wp-content\/uploads\/2023\/02\/cropped-wfwi_logo_color_gradient_cmyk.jpg","width":1243,"height":199,"caption":"KW4W"},"image":{"@id":"https:\/\/www.k-w4w.org\/en\/#\/schema\/logo\/image\/"},"sameAs":["https:\/\/www.facebook.com\/KosovaWomen4Women","https:\/\/www.instagram.com\/womenforwomenkosova\/"]},{"@type":"Person","@id":"https:\/\/www.k-w4w.org\/en\/#\/schema\/person\/bea620f132061dd98aa21df3225035f4","name":"kw4w","image":{"@type":"ImageObject","inLanguage":"en-US","@id":"https:\/\/www.k-w4w.org\/en\/#\/schema\/person\/image\/","url":"https:\/\/secure.gravatar.com\/avatar\/35dca332a41f9d006f5b77ee9d9b90ed02181b4dcf7b166dcf848cb4e40abd74?s=96&d=mm&r=g","contentUrl":"https:\/\/secure.gravatar.com\/avatar\/35dca332a41f9d006f5b77ee9d9b90ed02181b4dcf7b166dcf848cb4e40abd74?s=96&d=mm&r=g","caption":"kw4w"},"sameAs":["https:\/\/www.k-w4w.org\/"],"url":"https:\/\/www.k-w4w.org\/en\/author\/kw4w\/"}]}},"_links":{"self":[{"href":"https:\/\/www.k-w4w.org\/en\/wp-json\/wp\/v2\/posts\/15863","targetHints":{"allow":["GET"]}}],"collection":[{"href":"https:\/\/www.k-w4w.org\/en\/wp-json\/wp\/v2\/posts"}],"about":[{"href":"https:\/\/www.k-w4w.org\/en\/wp-json\/wp\/v2\/types\/post"}],"author":[{"embeddable":true,"href":"https:\/\/www.k-w4w.org\/en\/wp-json\/wp\/v2\/users\/2"}],"replies":[{"embeddable":true,"href":"https:\/\/www.k-w4w.org\/en\/wp-json\/wp\/v2\/comments?post=15863"}],"version-history":[{"count":2,"href":"https:\/\/www.k-w4w.org\/en\/wp-json\/wp\/v2\/posts\/15863\/revisions"}],"predecessor-version":[{"id":15866,"href":"https:\/\/www.k-w4w.org\/en\/wp-json\/wp\/v2\/posts\/15863\/revisions\/15866"}],"wp:featuredmedia":[{"embeddable":true,"href":"https:\/\/www.k-w4w.org\/en\/wp-json\/wp\/v2\/media\/15864"}],"wp:attachment":[{"href":"https:\/\/www.k-w4w.org\/en\/wp-json\/wp\/v2\/media?parent=15863"}],"wp:term":[{"taxonomy":"category","embeddable":true,"href":"https:\/\/www.k-w4w.org\/en\/wp-json\/wp\/v2\/categories?post=15863"},{"taxonomy":"post_tag","embeddable":true,"href":"https:\/\/www.k-w4w.org\/en\/wp-json\/wp\/v2\/tags?post=15863"}],"curies":[{"name":"wp","href":"https:\/\/api.w.org\/{rel}","templated":true}]}}