{"id":15874,"date":"2022-09-12T12:51:53","date_gmt":"2022-09-12T12:51:53","guid":{"rendered":"https:\/\/www.k-w4w.org\/?p=15874"},"modified":"2023-02-23T12:53:30","modified_gmt":"2023-02-23T12:53:30","slug":"ne-kuader-te-projektit-perfshirja-e-grave-ne-agrobiznesin-e-kosoves-iwka-u-mbajt-sesioni-informues-per-qytetaret-e-gracanices","status":"publish","type":"post","link":"https:\/\/www.k-w4w.org\/en\/ne-kuader-te-projektit-perfshirja-e-grave-ne-agrobiznesin-e-kosoves-iwka-u-mbajt-sesioni-informues-per-qytetaret-e-gracanices\/","title":{"rendered":"N\u00eb kuad\u00ebr t\u00eb projektit\u201d P\u00ebrfshirja e Grave n\u00eb Agrobiznesin e Kosov\u00ebs \u2013 IWKA\u201d, u mbajt sesioni informues p\u00ebr qytetar\u00ebt e Gra\u00e7anic\u00ebs"},"content":{"rendered":"<div dir=\"auto\">N\u00eb kuad\u00ebr t\u00eb projektit\u201d P\u00ebrfshirja e Grave n\u00eb Agrobiznesin e Kosov\u00ebs \u2013 IWKA\u201d, u mbajt sesioni informues p\u00ebr qytetar\u00ebt e Gra\u00e7anic\u00ebs.<\/div>\n<div dir=\"auto\">Me q\u00ebllim t\u00eb mb\u00ebshtetjes s\u00eb aft\u00ebsis\u00eb konkurruese t\u00eb sektorit agro-rural, rritjen e prodhimit dhe t\u00eb produktivitetit, p\u00ebrmir\u00ebsimin e siguris\u00eb s\u00eb ushqimit, p\u00ebrdorimin e teknologjis\u00eb moderne, diversifikimin e aktiviteteve n\u00eb ferma dhe biznese rurale, mbrojtja e mjedisit dhe t\u00eb resurseve natyrore dhe krijimin e vendeve t\u00eb pun\u00ebs \u2013 organizata K-W4W prezantoi projektin si dhe ofroi informata m\u00eb t\u00eb holl\u00ebsishme rreth procesit t\u00eb aplikimit. Qytetar\u00ebt e Gra\u00e7anic\u00ebs pat\u00ebn rastin t\u00eb diskujtojn\u00eb dhe t\u00eb b\u00ebjn\u00eb pyetje rreth aplikimit dhe projektit.<\/div>\n<div dir=\"auto\">Projekti financohet nga Ministria Federale Gjermane p\u00ebr Bashk\u00ebpunim dhe Zhvillim Ekonomik (BMZ) p\u00ebrmes Engagement Global GgmbH, dhe implementohet nga CARE International dhe organizatat partnere lokale: Kosova-Women 4 Women (K-W4W) dhe Programi p\u00ebr t\u00eb Drejta Civile n\u00eb Kosov\u00eb (CRPK).<\/div>","protected":false},"excerpt":{"rendered":"<p>N\u00eb kuad\u00ebr t\u00eb projektit\u201d P\u00ebrfshirja e Grave n\u00eb Agrobiznesin e Kosov\u00ebs \u2013 IWKA\u201d, u mbajt sesioni informues p\u00ebr qytetar\u00ebt e Gra\u00e7anic\u00ebs. Me q\u00ebllim t\u00eb mb\u00ebshtetjes s\u00eb aft\u00ebsis\u00eb konkurruese t\u00eb sektorit agro-rural, rritjen e prodhimit dhe t\u00eb produktivitetit, p\u00ebrmir\u00ebsimin e siguris\u00eb s\u00eb ushqimit, p\u00ebrdorimin e teknologjis\u00eb moderne, diversifikimin e aktiviteteve n\u00eb ferma dhe biznese rurale, mbrojtja [&hellip;]<\/p>\n","protected":false},"author":2,"featured_media":15875,"comment_status":"open","ping_status":"open","sticky":false,"template":"","format":"standard","meta":{"footnotes":""},"categories":[59],"tags":[],"class_list":["post-15874","post","type-post","status-publish","format-standard","has-post-thumbnail","hentry","category-lajme"],"yoast_head":"<!-- This site is optimized with the Yoast SEO plugin v27.0 - https:\/\/yoast.com\/product\/yoast-seo-wordpress\/ -->\n<title>N\u00eb kuad\u00ebr t\u00eb projektit\u201d P\u00ebrfshirja e Grave n\u00eb Agrobiznesin e Kosov\u00ebs \u2013 IWKA\u201d, u mbajt sesioni informues p\u00ebr qytetar\u00ebt e Gra\u00e7anic\u00ebs - KW4W<\/title>\n<meta name=\"robots\" content=\"index, follow, max-snippet:-1, max-image-preview:large, max-video-preview:-1\" \/>\n<link rel=\"canonical\" href=\"https:\/\/www.k-w4w.org\/en\/ne-kuader-te-projektit-perfshirja-e-grave-ne-agrobiznesin-e-kosoves-iwka-u-mbajt-sesioni-informues-per-qytetaret-e-gracanices\/\" \/>\n<meta property=\"og:locale\" content=\"en_US\" \/>\n<meta property=\"og:type\" content=\"article\" \/>\n<meta property=\"og:title\" content=\"N\u00eb kuad\u00ebr t\u00eb projektit\u201d P\u00ebrfshirja e Grave n\u00eb Agrobiznesin e Kosov\u00ebs \u2013 IWKA\u201d, u mbajt sesioni informues p\u00ebr qytetar\u00ebt e Gra\u00e7anic\u00ebs - KW4W\" \/>\n<meta property=\"og:description\" content=\"N\u00eb kuad\u00ebr t\u00eb projektit\u201d P\u00ebrfshirja e Grave n\u00eb Agrobiznesin e Kosov\u00ebs \u2013 IWKA\u201d, u mbajt sesioni informues p\u00ebr qytetar\u00ebt e Gra\u00e7anic\u00ebs. Me q\u00ebllim t\u00eb mb\u00ebshtetjes s\u00eb aft\u00ebsis\u00eb konkurruese t\u00eb sektorit agro-rural, rritjen e prodhimit dhe t\u00eb produktivitetit, p\u00ebrmir\u00ebsimin e siguris\u00eb s\u00eb ushqimit, p\u00ebrdorimin e teknologjis\u00eb moderne, diversifikimin e aktiviteteve n\u00eb ferma dhe biznese rurale, mbrojtja [&hellip;]\" \/>\n<meta property=\"og:url\" content=\"https:\/\/www.k-w4w.org\/en\/ne-kuader-te-projektit-perfshirja-e-grave-ne-agrobiznesin-e-kosoves-iwka-u-mbajt-sesioni-informues-per-qytetaret-e-gracanices\/\" \/>\n<meta property=\"og:site_name\" content=\"KW4W\" \/>\n<meta property=\"article:publisher\" content=\"https:\/\/www.facebook.com\/KosovaWomen4Women\" \/>\n<meta property=\"article:published_time\" content=\"2022-09-12T12:51:53+00:00\" \/>\n<meta property=\"article:modified_time\" content=\"2023-02-23T12:53:30+00:00\" \/>\n<meta property=\"og:image\" content=\"https:\/\/www.k-w4w.org\/wp-content\/uploads\/2023\/02\/per.jpg\" \/>\n\t<meta property=\"og:image:width\" content=\"2048\" \/>\n\t<meta property=\"og:image:height\" content=\"1536\" \/>\n\t<meta property=\"og:image:type\" content=\"image\/jpeg\" \/>\n<meta name=\"author\" content=\"kw4w\" \/>\n<meta name=\"twitter:card\" content=\"summary_large_image\" \/>\n<meta name=\"twitter:label1\" content=\"Written by\" \/>\n\t<meta name=\"twitter:data1\" content=\"kw4w\" \/>\n\t<meta name=\"twitter:label2\" content=\"Est. reading time\" \/>\n\t<meta name=\"twitter:data2\" content=\"1 minute\" \/>\n<script type=\"application\/ld+json\" class=\"yoast-schema-graph\">{\"@context\":\"https:\/\/schema.org\",\"@graph\":[{\"@type\":\"Article\",\"@id\":\"https:\/\/www.k-w4w.org\/ne-kuader-te-projektit-perfshirja-e-grave-ne-agrobiznesin-e-kosoves-iwka-u-mbajt-sesioni-informues-per-qytetaret-e-gracanices\/#article\",\"isPartOf\":{\"@id\":\"https:\/\/www.k-w4w.org\/ne-kuader-te-projektit-perfshirja-e-grave-ne-agrobiznesin-e-kosoves-iwka-u-mbajt-sesioni-informues-per-qytetaret-e-gracanices\/\"},\"author\":{\"name\":\"kw4w\",\"@id\":\"https:\/\/www.k-w4w.org\/en\/#\/schema\/person\/bea620f132061dd98aa21df3225035f4\"},\"headline\":\"N\u00eb kuad\u00ebr t\u00eb projektit\u201d P\u00ebrfshirja e Grave n\u00eb Agrobiznesin e Kosov\u00ebs \u2013 IWKA\u201d, u mbajt sesioni informues p\u00ebr qytetar\u00ebt e Gra\u00e7anic\u00ebs\",\"datePublished\":\"2022-09-12T12:51:53+00:00\",\"dateModified\":\"2023-02-23T12:53:30+00:00\",\"mainEntityOfPage\":{\"@id\":\"https:\/\/www.k-w4w.org\/ne-kuader-te-projektit-perfshirja-e-grave-ne-agrobiznesin-e-kosoves-iwka-u-mbajt-sesioni-informues-per-qytetaret-e-gracanices\/\"},\"wordCount\":186,\"commentCount\":0,\"publisher\":{\"@id\":\"https:\/\/www.k-w4w.org\/en\/#organization\"},\"image\":{\"@id\":\"https:\/\/www.k-w4w.org\/ne-kuader-te-projektit-perfshirja-e-grave-ne-agrobiznesin-e-kosoves-iwka-u-mbajt-sesioni-informues-per-qytetaret-e-gracanices\/#primaryimage\"},\"thumbnailUrl\":\"https:\/\/www.k-w4w.org\/wp-content\/uploads\/2023\/02\/per.jpg\",\"articleSection\":[\"Lajme\"],\"inLanguage\":\"en-US\",\"potentialAction\":[{\"@type\":\"CommentAction\",\"name\":\"Comment\",\"target\":[\"https:\/\/www.k-w4w.org\/ne-kuader-te-projektit-perfshirja-e-grave-ne-agrobiznesin-e-kosoves-iwka-u-mbajt-sesioni-informues-per-qytetaret-e-gracanices\/#respond\"]}]},{\"@type\":\"WebPage\",\"@id\":\"https:\/\/www.k-w4w.org\/ne-kuader-te-projektit-perfshirja-e-grave-ne-agrobiznesin-e-kosoves-iwka-u-mbajt-sesioni-informues-per-qytetaret-e-gracanices\/\",\"url\":\"https:\/\/www.k-w4w.org\/ne-kuader-te-projektit-perfshirja-e-grave-ne-agrobiznesin-e-kosoves-iwka-u-mbajt-sesioni-informues-per-qytetaret-e-gracanices\/\",\"name\":\"N\u00eb kuad\u00ebr t\u00eb projektit\u201d P\u00ebrfshirja e Grave n\u00eb Agrobiznesin e Kosov\u00ebs \u2013 IWKA\u201d, u mbajt sesioni informues p\u00ebr qytetar\u00ebt e Gra\u00e7anic\u00ebs - KW4W\",\"isPartOf\":{\"@id\":\"https:\/\/www.k-w4w.org\/en\/#website\"},\"primaryImageOfPage\":{\"@id\":\"https:\/\/www.k-w4w.org\/ne-kuader-te-projektit-perfshirja-e-grave-ne-agrobiznesin-e-kosoves-iwka-u-mbajt-sesioni-informues-per-qytetaret-e-gracanices\/#primaryimage\"},\"image\":{\"@id\":\"https:\/\/www.k-w4w.org\/ne-kuader-te-projektit-perfshirja-e-grave-ne-agrobiznesin-e-kosoves-iwka-u-mbajt-sesioni-informues-per-qytetaret-e-gracanices\/#primaryimage\"},\"thumbnailUrl\":\"https:\/\/www.k-w4w.org\/wp-content\/uploads\/2023\/02\/per.jpg\",\"datePublished\":\"2022-09-12T12:51:53+00:00\",\"dateModified\":\"2023-02-23T12:53:30+00:00\",\"breadcrumb\":{\"@id\":\"https:\/\/www.k-w4w.org\/ne-kuader-te-projektit-perfshirja-e-grave-ne-agrobiznesin-e-kosoves-iwka-u-mbajt-sesioni-informues-per-qytetaret-e-gracanices\/#breadcrumb\"},\"inLanguage\":\"en-US\",\"potentialAction\":[{\"@type\":\"ReadAction\",\"target\":[\"https:\/\/www.k-w4w.org\/ne-kuader-te-projektit-perfshirja-e-grave-ne-agrobiznesin-e-kosoves-iwka-u-mbajt-sesioni-informues-per-qytetaret-e-gracanices\/\"]}]},{\"@type\":\"ImageObject\",\"inLanguage\":\"en-US\",\"@id\":\"https:\/\/www.k-w4w.org\/ne-kuader-te-projektit-perfshirja-e-grave-ne-agrobiznesin-e-kosoves-iwka-u-mbajt-sesioni-informues-per-qytetaret-e-gracanices\/#primaryimage\",\"url\":\"https:\/\/www.k-w4w.org\/wp-content\/uploads\/2023\/02\/per.jpg\",\"contentUrl\":\"https:\/\/www.k-w4w.org\/wp-content\/uploads\/2023\/02\/per.jpg\",\"width\":2048,\"height\":1536},{\"@type\":\"BreadcrumbList\",\"@id\":\"https:\/\/www.k-w4w.org\/ne-kuader-te-projektit-perfshirja-e-grave-ne-agrobiznesin-e-kosoves-iwka-u-mbajt-sesioni-informues-per-qytetaret-e-gracanices\/#breadcrumb\",\"itemListElement\":[{\"@type\":\"ListItem\",\"position\":1,\"name\":\"Home\",\"item\":\"https:\/\/www.k-w4w.org\/\"},{\"@type\":\"ListItem\",\"position\":2,\"name\":\"N\u00eb kuad\u00ebr t\u00eb projektit\u201d P\u00ebrfshirja e Grave n\u00eb Agrobiznesin e Kosov\u00ebs \u2013 IWKA\u201d, u mbajt sesioni informues p\u00ebr qytetar\u00ebt e Gra\u00e7anic\u00ebs\"}]},{\"@type\":\"WebSite\",\"@id\":\"https:\/\/www.k-w4w.org\/en\/#website\",\"url\":\"https:\/\/www.k-w4w.org\/en\/\",\"name\":\"KW4W\",\"description\":\"\",\"publisher\":{\"@id\":\"https:\/\/www.k-w4w.org\/en\/#organization\"},\"potentialAction\":[{\"@type\":\"SearchAction\",\"target\":{\"@type\":\"EntryPoint\",\"urlTemplate\":\"https:\/\/www.k-w4w.org\/en\/?s={search_term_string}\"},\"query-input\":{\"@type\":\"PropertyValueSpecification\",\"valueRequired\":true,\"valueName\":\"search_term_string\"}}],\"inLanguage\":\"en-US\"},{\"@type\":\"Organization\",\"@id\":\"https:\/\/www.k-w4w.org\/en\/#organization\",\"name\":\"KW4W\",\"url\":\"https:\/\/www.k-w4w.org\/en\/\",\"logo\":{\"@type\":\"ImageObject\",\"inLanguage\":\"en-US\",\"@id\":\"https:\/\/www.k-w4w.org\/en\/#\/schema\/logo\/image\/\",\"url\":\"https:\/\/www.k-w4w.org\/wp-content\/uploads\/2023\/02\/cropped-wfwi_logo_color_gradient_cmyk.jpg\",\"contentUrl\":\"https:\/\/www.k-w4w.org\/wp-content\/uploads\/2023\/02\/cropped-wfwi_logo_color_gradient_cmyk.jpg\",\"width\":1243,\"height\":199,\"caption\":\"KW4W\"},\"image\":{\"@id\":\"https:\/\/www.k-w4w.org\/en\/#\/schema\/logo\/image\/\"},\"sameAs\":[\"https:\/\/www.facebook.com\/KosovaWomen4Women\",\"https:\/\/www.instagram.com\/womenforwomenkosova\/\"]},{\"@type\":\"Person\",\"@id\":\"https:\/\/www.k-w4w.org\/en\/#\/schema\/person\/bea620f132061dd98aa21df3225035f4\",\"name\":\"kw4w\",\"image\":{\"@type\":\"ImageObject\",\"inLanguage\":\"en-US\",\"@id\":\"https:\/\/www.k-w4w.org\/en\/#\/schema\/person\/image\/\",\"url\":\"https:\/\/secure.gravatar.com\/avatar\/35dca332a41f9d006f5b77ee9d9b90ed02181b4dcf7b166dcf848cb4e40abd74?s=96&d=mm&r=g\",\"contentUrl\":\"https:\/\/secure.gravatar.com\/avatar\/35dca332a41f9d006f5b77ee9d9b90ed02181b4dcf7b166dcf848cb4e40abd74?s=96&d=mm&r=g\",\"caption\":\"kw4w\"},\"sameAs\":[\"https:\/\/www.k-w4w.org\/\"],\"url\":\"https:\/\/www.k-w4w.org\/en\/author\/kw4w\/\"}]}<\/script>\n<!-- \/ Yoast SEO plugin. -->","yoast_head_json":{"title":"N\u00eb kuad\u00ebr t\u00eb projektit\u201d P\u00ebrfshirja e Grave n\u00eb Agrobiznesin e Kosov\u00ebs \u2013 IWKA\u201d, u mbajt sesioni informues p\u00ebr qytetar\u00ebt e Gra\u00e7anic\u00ebs - KW4W","robots":{"index":"index","follow":"follow","max-snippet":"max-snippet:-1","max-image-preview":"max-image-preview:large","max-video-preview":"max-video-preview:-1"},"canonical":"https:\/\/www.k-w4w.org\/en\/ne-kuader-te-projektit-perfshirja-e-grave-ne-agrobiznesin-e-kosoves-iwka-u-mbajt-sesioni-informues-per-qytetaret-e-gracanices\/","og_locale":"en_US","og_type":"article","og_title":"N\u00eb kuad\u00ebr t\u00eb projektit\u201d P\u00ebrfshirja e Grave n\u00eb Agrobiznesin e Kosov\u00ebs \u2013 IWKA\u201d, u mbajt sesioni informues p\u00ebr qytetar\u00ebt e Gra\u00e7anic\u00ebs - KW4W","og_description":"N\u00eb kuad\u00ebr t\u00eb projektit\u201d P\u00ebrfshirja e Grave n\u00eb Agrobiznesin e Kosov\u00ebs \u2013 IWKA\u201d, u mbajt sesioni informues p\u00ebr qytetar\u00ebt e Gra\u00e7anic\u00ebs. Me q\u00ebllim t\u00eb mb\u00ebshtetjes s\u00eb aft\u00ebsis\u00eb konkurruese t\u00eb sektorit agro-rural, rritjen e prodhimit dhe t\u00eb produktivitetit, p\u00ebrmir\u00ebsimin e siguris\u00eb s\u00eb ushqimit, p\u00ebrdorimin e teknologjis\u00eb moderne, diversifikimin e aktiviteteve n\u00eb ferma dhe biznese rurale, mbrojtja [&hellip;]","og_url":"https:\/\/www.k-w4w.org\/en\/ne-kuader-te-projektit-perfshirja-e-grave-ne-agrobiznesin-e-kosoves-iwka-u-mbajt-sesioni-informues-per-qytetaret-e-gracanices\/","og_site_name":"KW4W","article_publisher":"https:\/\/www.facebook.com\/KosovaWomen4Women","article_published_time":"2022-09-12T12:51:53+00:00","article_modified_time":"2023-02-23T12:53:30+00:00","og_image":[{"width":2048,"height":1536,"url":"https:\/\/www.k-w4w.org\/wp-content\/uploads\/2023\/02\/per.jpg","type":"image\/jpeg"}],"author":"kw4w","twitter_card":"summary_large_image","twitter_misc":{"Written by":"kw4w","Est. reading time":"1 minute"},"schema":{"@context":"https:\/\/schema.org","@graph":[{"@type":"Article","@id":"https:\/\/www.k-w4w.org\/ne-kuader-te-projektit-perfshirja-e-grave-ne-agrobiznesin-e-kosoves-iwka-u-mbajt-sesioni-informues-per-qytetaret-e-gracanices\/#article","isPartOf":{"@id":"https:\/\/www.k-w4w.org\/ne-kuader-te-projektit-perfshirja-e-grave-ne-agrobiznesin-e-kosoves-iwka-u-mbajt-sesioni-informues-per-qytetaret-e-gracanices\/"},"author":{"name":"kw4w","@id":"https:\/\/www.k-w4w.org\/en\/#\/schema\/person\/bea620f132061dd98aa21df3225035f4"},"headline":"N\u00eb kuad\u00ebr t\u00eb projektit\u201d P\u00ebrfshirja e Grave n\u00eb Agrobiznesin e Kosov\u00ebs \u2013 IWKA\u201d, u mbajt sesioni informues p\u00ebr qytetar\u00ebt e Gra\u00e7anic\u00ebs","datePublished":"2022-09-12T12:51:53+00:00","dateModified":"2023-02-23T12:53:30+00:00","mainEntityOfPage":{"@id":"https:\/\/www.k-w4w.org\/ne-kuader-te-projektit-perfshirja-e-grave-ne-agrobiznesin-e-kosoves-iwka-u-mbajt-sesioni-informues-per-qytetaret-e-gracanices\/"},"wordCount":186,"commentCount":0,"publisher":{"@id":"https:\/\/www.k-w4w.org\/en\/#organization"},"image":{"@id":"https:\/\/www.k-w4w.org\/ne-kuader-te-projektit-perfshirja-e-grave-ne-agrobiznesin-e-kosoves-iwka-u-mbajt-sesioni-informues-per-qytetaret-e-gracanices\/#primaryimage"},"thumbnailUrl":"https:\/\/www.k-w4w.org\/wp-content\/uploads\/2023\/02\/per.jpg","articleSection":["Lajme"],"inLanguage":"en-US","potentialAction":[{"@type":"CommentAction","name":"Comment","target":["https:\/\/www.k-w4w.org\/ne-kuader-te-projektit-perfshirja-e-grave-ne-agrobiznesin-e-kosoves-iwka-u-mbajt-sesioni-informues-per-qytetaret-e-gracanices\/#respond"]}]},{"@type":"WebPage","@id":"https:\/\/www.k-w4w.org\/ne-kuader-te-projektit-perfshirja-e-grave-ne-agrobiznesin-e-kosoves-iwka-u-mbajt-sesioni-informues-per-qytetaret-e-gracanices\/","url":"https:\/\/www.k-w4w.org\/ne-kuader-te-projektit-perfshirja-e-grave-ne-agrobiznesin-e-kosoves-iwka-u-mbajt-sesioni-informues-per-qytetaret-e-gracanices\/","name":"N\u00eb kuad\u00ebr t\u00eb projektit\u201d P\u00ebrfshirja e Grave n\u00eb Agrobiznesin e Kosov\u00ebs \u2013 IWKA\u201d, u mbajt sesioni informues p\u00ebr qytetar\u00ebt e Gra\u00e7anic\u00ebs - KW4W","isPartOf":{"@id":"https:\/\/www.k-w4w.org\/en\/#website"},"primaryImageOfPage":{"@id":"https:\/\/www.k-w4w.org\/ne-kuader-te-projektit-perfshirja-e-grave-ne-agrobiznesin-e-kosoves-iwka-u-mbajt-sesioni-informues-per-qytetaret-e-gracanices\/#primaryimage"},"image":{"@id":"https:\/\/www.k-w4w.org\/ne-kuader-te-projektit-perfshirja-e-grave-ne-agrobiznesin-e-kosoves-iwka-u-mbajt-sesioni-informues-per-qytetaret-e-gracanices\/#primaryimage"},"thumbnailUrl":"https:\/\/www.k-w4w.org\/wp-content\/uploads\/2023\/02\/per.jpg","datePublished":"2022-09-12T12:51:53+00:00","dateModified":"2023-02-23T12:53:30+00:00","breadcrumb":{"@id":"https:\/\/www.k-w4w.org\/ne-kuader-te-projektit-perfshirja-e-grave-ne-agrobiznesin-e-kosoves-iwka-u-mbajt-sesioni-informues-per-qytetaret-e-gracanices\/#breadcrumb"},"inLanguage":"en-US","potentialAction":[{"@type":"ReadAction","target":["https:\/\/www.k-w4w.org\/ne-kuader-te-projektit-perfshirja-e-grave-ne-agrobiznesin-e-kosoves-iwka-u-mbajt-sesioni-informues-per-qytetaret-e-gracanices\/"]}]},{"@type":"ImageObject","inLanguage":"en-US","@id":"https:\/\/www.k-w4w.org\/ne-kuader-te-projektit-perfshirja-e-grave-ne-agrobiznesin-e-kosoves-iwka-u-mbajt-sesioni-informues-per-qytetaret-e-gracanices\/#primaryimage","url":"https:\/\/www.k-w4w.org\/wp-content\/uploads\/2023\/02\/per.jpg","contentUrl":"https:\/\/www.k-w4w.org\/wp-content\/uploads\/2023\/02\/per.jpg","width":2048,"height":1536},{"@type":"BreadcrumbList","@id":"https:\/\/www.k-w4w.org\/ne-kuader-te-projektit-perfshirja-e-grave-ne-agrobiznesin-e-kosoves-iwka-u-mbajt-sesioni-informues-per-qytetaret-e-gracanices\/#breadcrumb","itemListElement":[{"@type":"ListItem","position":1,"name":"Home","item":"https:\/\/www.k-w4w.org\/"},{"@type":"ListItem","position":2,"name":"N\u00eb kuad\u00ebr t\u00eb projektit\u201d P\u00ebrfshirja e Grave n\u00eb Agrobiznesin e Kosov\u00ebs \u2013 IWKA\u201d, u mbajt sesioni informues p\u00ebr qytetar\u00ebt e Gra\u00e7anic\u00ebs"}]},{"@type":"WebSite","@id":"https:\/\/www.k-w4w.org\/en\/#website","url":"https:\/\/www.k-w4w.org\/en\/","name":"KW4W","description":"","publisher":{"@id":"https:\/\/www.k-w4w.org\/en\/#organization"},"potentialAction":[{"@type":"SearchAction","target":{"@type":"EntryPoint","urlTemplate":"https:\/\/www.k-w4w.org\/en\/?s={search_term_string}"},"query-input":{"@type":"PropertyValueSpecification","valueRequired":true,"valueName":"search_term_string"}}],"inLanguage":"en-US"},{"@type":"Organization","@id":"https:\/\/www.k-w4w.org\/en\/#organization","name":"KW4W","url":"https:\/\/www.k-w4w.org\/en\/","logo":{"@type":"ImageObject","inLanguage":"en-US","@id":"https:\/\/www.k-w4w.org\/en\/#\/schema\/logo\/image\/","url":"https:\/\/www.k-w4w.org\/wp-content\/uploads\/2023\/02\/cropped-wfwi_logo_color_gradient_cmyk.jpg","contentUrl":"https:\/\/www.k-w4w.org\/wp-content\/uploads\/2023\/02\/cropped-wfwi_logo_color_gradient_cmyk.jpg","width":1243,"height":199,"caption":"KW4W"},"image":{"@id":"https:\/\/www.k-w4w.org\/en\/#\/schema\/logo\/image\/"},"sameAs":["https:\/\/www.facebook.com\/KosovaWomen4Women","https:\/\/www.instagram.com\/womenforwomenkosova\/"]},{"@type":"Person","@id":"https:\/\/www.k-w4w.org\/en\/#\/schema\/person\/bea620f132061dd98aa21df3225035f4","name":"kw4w","image":{"@type":"ImageObject","inLanguage":"en-US","@id":"https:\/\/www.k-w4w.org\/en\/#\/schema\/person\/image\/","url":"https:\/\/secure.gravatar.com\/avatar\/35dca332a41f9d006f5b77ee9d9b90ed02181b4dcf7b166dcf848cb4e40abd74?s=96&d=mm&r=g","contentUrl":"https:\/\/secure.gravatar.com\/avatar\/35dca332a41f9d006f5b77ee9d9b90ed02181b4dcf7b166dcf848cb4e40abd74?s=96&d=mm&r=g","caption":"kw4w"},"sameAs":["https:\/\/www.k-w4w.org\/"],"url":"https:\/\/www.k-w4w.org\/en\/author\/kw4w\/"}]}},"_links":{"self":[{"href":"https:\/\/www.k-w4w.org\/en\/wp-json\/wp\/v2\/posts\/15874","targetHints":{"allow":["GET"]}}],"collection":[{"href":"https:\/\/www.k-w4w.org\/en\/wp-json\/wp\/v2\/posts"}],"about":[{"href":"https:\/\/www.k-w4w.org\/en\/wp-json\/wp\/v2\/types\/post"}],"author":[{"embeddable":true,"href":"https:\/\/www.k-w4w.org\/en\/wp-json\/wp\/v2\/users\/2"}],"replies":[{"embeddable":true,"href":"https:\/\/www.k-w4w.org\/en\/wp-json\/wp\/v2\/comments?post=15874"}],"version-history":[{"count":1,"href":"https:\/\/www.k-w4w.org\/en\/wp-json\/wp\/v2\/posts\/15874\/revisions"}],"predecessor-version":[{"id":15876,"href":"https:\/\/www.k-w4w.org\/en\/wp-json\/wp\/v2\/posts\/15874\/revisions\/15876"}],"wp:featuredmedia":[{"embeddable":true,"href":"https:\/\/www.k-w4w.org\/en\/wp-json\/wp\/v2\/media\/15875"}],"wp:attachment":[{"href":"https:\/\/www.k-w4w.org\/en\/wp-json\/wp\/v2\/media?parent=15874"}],"wp:term":[{"taxonomy":"category","embeddable":true,"href":"https:\/\/www.k-w4w.org\/en\/wp-json\/wp\/v2\/categories?post=15874"},{"taxonomy":"post_tag","embeddable":true,"href":"https:\/\/www.k-w4w.org\/en\/wp-json\/wp\/v2\/tags?post=15874"}],"curies":[{"name":"wp","href":"https:\/\/api.w.org\/{rel}","templated":true}]}}