{"id":15939,"date":"2022-12-07T14:10:33","date_gmt":"2022-12-07T14:10:33","guid":{"rendered":"https:\/\/www.k-w4w.org\/?p=15939"},"modified":"2023-02-23T14:11:46","modified_gmt":"2023-02-23T14:11:46","slug":"kosova-women-4-women-ne-bashkepunim-me-universitetin-e-prishtines-departamenti-per-pune-sociale-dhe-me-pjesemarrjen-e-eksperteve-te-fushave-te-ndryshme-te-angazhuar-ne-promovimin-e-barazise","status":"publish","type":"post","link":"https:\/\/www.k-w4w.org\/en\/kosova-women-4-women-ne-bashkepunim-me-universitetin-e-prishtines-departamenti-per-pune-sociale-dhe-me-pjesemarrjen-e-eksperteve-te-fushave-te-ndryshme-te-angazhuar-ne-promovimin-e-barazise\/","title":{"rendered":"Kosova Women 4 Women n\u00eb bashk\u00ebpunim me Universitetin e Prishtin\u00ebs, Departamenti p\u00ebr Pun\u00eb Sociale dhe me pjes\u00ebmarrjen e ekspert\u00ebve t\u00eb fushave t\u00eb ndryshme t\u00eb angazhuar n\u00eb promovimin e barazis\u00eb"},"content":{"rendered":"<div class=\"x11i5rnm xat24cr x1mh8g0r x1vvkbs xdj266r x126k92a\">\n<div dir=\"auto\">Kosova Women 4 Women n\u00eb bashk\u00ebpunim me Universitetin e Prishtin\u00ebs, Departamenti p\u00ebr Pun\u00eb Sociale dhe me pjes\u00ebmarrjen e ekspert\u00ebve t\u00eb fushave t\u00eb ndryshme t\u00eb angazhuar n\u00eb promovimin e barazis\u00eb, m\u00eb 25 n\u00ebntor mbajt\u00ebn konferenc\u00ebn &#8220;Politikat n\u00eb veprim kund\u00ebr dhun\u00ebs n\u00eb baza gjinore&#8221;.<\/div>\n<\/div>\n<div class=\"x11i5rnm xat24cr x1mh8g0r x1vvkbs xtlvy1s x126k92a\">\n<div dir=\"auto\">Pas fjal\u00ebs hyr\u00ebse, nga Dashamir B\u00ebrxulli, Dekan i Fakultetit Filozifk n\u00eb Universitetin e Prishtin\u00ebs dhe nga Reyes Charle, K\u00ebshilltare Gjinore n\u00eb Bashkimin Evropian, diskutuam p\u00ebr dhun\u00ebn ndaj grave dhe mbrojtjen sociale e sh\u00ebrbimet n\u00eb dispozicion n\u00eb Kosov\u00eb.<\/div>\n<\/div>\n<div class=\"x11i5rnm xat24cr x1mh8g0r x1vvkbs xtlvy1s x126k92a\">\n<div dir=\"auto\">Blerim Shabani, Kryetar i Lidhjes s\u00eb Qendrave p\u00ebr Pun\u00eb Sociale, Muhamet Jahiri, Shef i Hetimeve t\u00eb P\u00ebrgjithshme n\u00eb Sektorin e Hetimeve Rajonale n\u00eb Ferizaj, Arjeta Gashi, Drejtore nga Shoqata p\u00ebr Prind\u00ebr t\u00eb Ndar\u00eb, Zana Asllani, Drejtore n\u00eb Qendr\u00ebn p\u00ebr Mbrojtjen e Grave dhe F\u00ebmij\u00ebve ne Prishtin\u00eb, si dhe Ibrahim T\u00ebrstena, Mbik\u00ebqyr\u00ebs i Zyr\u00ebs Regjionale t\u00eb Mbrojt\u00ebsve t\u00eb Viktimave n\u00eb Ferizaj mor\u00ebn pjes\u00eb n\u00eb k\u00ebt\u00eb panel t\u00eb moderuar nga Laura Cakolli, Zyrtare e Projektit n\u00eb KW4W.<\/div>\n<\/div>\n<div class=\"x11i5rnm xat24cr x1mh8g0r x1vvkbs xtlvy1s x126k92a\">\n<div dir=\"auto\">M\u00eb pas, n\u00eb pjes\u00ebn e dyt\u00eb, u zhvillua paneli &#8220;R\u00ebnd\u00ebsia e programeve rehabilituese n\u00eb institucionet korrektuese dhe sprovuese&#8221;, ku u lansua raporti open-source i KW4W &#8220;Promovimi i masave ligjore p\u00ebr autor\u00ebt e dhun\u00ebs ndaj grave dhe vajzave dhe mund\u00ebsit\u00eb p\u00ebr rehabilitimin e tyre&#8221; me autore Albulena Uka. N\u00eb k\u00ebt\u00eb panel diskutuan Merita Syla, Udh\u00ebheq\u00ebse e sektorit p\u00ebr trajtimin e t\u00eb burgosurve dhe t\u00eb miturve dhe p\u00ebr \u00e7\u00ebshtje sociale n\u00eb Sh\u00ebrbimin Korrektues, Dashnim Osmani, Udh\u00ebheq\u00ebs p\u00ebr Programe Rexhime n\u00eb Qendr\u00ebn Korrektuese p\u00ebr t\u00eb mitur n\u00eb Lipjan, Ganimete Krasniqi, Zyrtare sprovuese n\u00eb Sh\u00ebrbimin Sprovues t\u00eb Kosov\u00ebs, n\u00ebn moderimin e Rita Selimit, Asistente n\u00eb Departamentin p\u00ebr Pun\u00eb Sociale n\u00eb Universitetin e Prishtin\u00ebs.<\/div>\n<\/div>\n<div class=\"x11i5rnm xat24cr x1mh8g0r x1vvkbs xtlvy1s x126k92a\">\n<div dir=\"auto\">Kjo konferenc\u00eb \u00ebsht\u00eb zhvilluar n\u00eb kuad\u00ebr t\u00eb projektit \u201cTogether Building Resilience\u201d i financuar nga Fondi i Mir\u00ebbesimit i OKB-s\u00eb p\u00ebr t&#8217;i dh\u00ebn\u00eb fund dhun\u00ebs kund\u00ebr grave (UN Trust Fund). Fondi i Mir\u00ebbesimit i OKB-s\u00eb p\u00ebr t&#8217;i dh\u00ebn\u00eb fund dhun\u00ebs ndaj grave (UN Trust Fund) \u00ebsht\u00eb i vetmi mekaniz\u00ebm global p\u00ebr dh\u00ebnien e granteve i dedikuar ekskluzivisht p\u00ebr t\u00eb adresuar t\u00eb gjitha format e dhun\u00ebs ndaj grave dhe vajzave n\u00eb nivel lokal dhe komb\u00ebtar. Deri m\u00eb sot, Fondi i Mir\u00ebbesimit i OKB-s\u00eb ka dh\u00ebn\u00eb 215 milion\u00eb dollar\u00eb p\u00ebr 646 iniciativa n\u00eb 140 vende dhe territore.<\/div>\n<div dir=\"auto\"><a class=\"x1i10hfl xjbqb8w x6umtig x1b1mbwd xaqea5y xav7gou x9f619 x1ypdohk xt0psk2 xe8uvvx xdj266r x11i5rnm xat24cr x1mh8g0r xexx8yu x4uap5 x18d9i69 xkhd6sd x16tdsg8 x1hl2dhg xggy1nq x1a2a7pz xt0b8zv x1qq9wsj xo1l8bm\" tabindex=\"0\" role=\"link\" href=\"https:\/\/www.facebook.com\/hashtag\/16daysofactivism2022?__eep__=6&amp;__cft__[0]=AZUY9G7l7b-2TwYR9g06vWMXIA0OIrBacbDN6TSt--Rz14gQ8QkI77QtMel9PmSztLj_5yGaRSxHv_uJJA7GvmSdO5d4YqEPS-2gTXPxrzoBX5zJVaAaJB05nMPojfFAVVCPCfJzkmXwSVv04xLjuZbY7ZmlqfEEUjVkOa0jh1ZebtU4Pb0f-WaTIMr_OS-N06s&amp;__tn__=*NK-R\">#16DaysofActivism2022<\/a><\/div>\n<\/div>\n","protected":false},"excerpt":{"rendered":"<p>Kosova Women 4 Women n\u00eb bashk\u00ebpunim me Universitetin e Prishtin\u00ebs, Departamenti p\u00ebr Pun\u00eb Sociale dhe me pjes\u00ebmarrjen e ekspert\u00ebve t\u00eb fushave t\u00eb ndryshme t\u00eb angazhuar n\u00eb promovimin e barazis\u00eb, m\u00eb 25 n\u00ebntor mbajt\u00ebn konferenc\u00ebn &#8220;Politikat n\u00eb veprim kund\u00ebr dhun\u00ebs n\u00eb baza gjinore&#8221;. Pas fjal\u00ebs hyr\u00ebse, nga Dashamir B\u00ebrxulli, Dekan i Fakultetit Filozifk n\u00eb Universitetin e [&hellip;]<\/p>\n","protected":false},"author":2,"featured_media":15940,"comment_status":"open","ping_status":"open","sticky":false,"template":"","format":"standard","meta":{"footnotes":""},"categories":[59],"tags":[],"class_list":["post-15939","post","type-post","status-publish","format-standard","has-post-thumbnail","hentry","category-lajme"],"yoast_head":"<!-- This site is optimized with the Yoast SEO plugin v27.0 - https:\/\/yoast.com\/product\/yoast-seo-wordpress\/ -->\n<title>Kosova Women 4 Women n\u00eb bashk\u00ebpunim me Universitetin e Prishtin\u00ebs, Departamenti p\u00ebr Pun\u00eb Sociale dhe me pjes\u00ebmarrjen e ekspert\u00ebve t\u00eb fushave t\u00eb ndryshme t\u00eb angazhuar n\u00eb promovimin e barazis\u00eb - KW4W<\/title>\n<meta name=\"robots\" content=\"index, follow, max-snippet:-1, max-image-preview:large, max-video-preview:-1\" \/>\n<link rel=\"canonical\" href=\"https:\/\/www.k-w4w.org\/en\/kosova-women-4-women-ne-bashkepunim-me-universitetin-e-prishtines-departamenti-per-pune-sociale-dhe-me-pjesemarrjen-e-eksperteve-te-fushave-te-ndryshme-te-angazhuar-ne-promovimin-e-barazise\/\" \/>\n<meta property=\"og:locale\" content=\"en_US\" \/>\n<meta property=\"og:type\" content=\"article\" \/>\n<meta property=\"og:title\" content=\"Kosova Women 4 Women n\u00eb bashk\u00ebpunim me Universitetin e Prishtin\u00ebs, Departamenti p\u00ebr Pun\u00eb Sociale dhe me pjes\u00ebmarrjen e ekspert\u00ebve t\u00eb fushave t\u00eb ndryshme t\u00eb angazhuar n\u00eb promovimin e barazis\u00eb - KW4W\" \/>\n<meta property=\"og:description\" content=\"Kosova Women 4 Women n\u00eb bashk\u00ebpunim me Universitetin e Prishtin\u00ebs, Departamenti p\u00ebr Pun\u00eb Sociale dhe me pjes\u00ebmarrjen e ekspert\u00ebve t\u00eb fushave t\u00eb ndryshme t\u00eb angazhuar n\u00eb promovimin e barazis\u00eb, m\u00eb 25 n\u00ebntor mbajt\u00ebn konferenc\u00ebn &#8220;Politikat n\u00eb veprim kund\u00ebr dhun\u00ebs n\u00eb baza gjinore&#8221;. Pas fjal\u00ebs hyr\u00ebse, nga Dashamir B\u00ebrxulli, Dekan i Fakultetit Filozifk n\u00eb Universitetin e [&hellip;]\" \/>\n<meta property=\"og:url\" content=\"https:\/\/www.k-w4w.org\/en\/kosova-women-4-women-ne-bashkepunim-me-universitetin-e-prishtines-departamenti-per-pune-sociale-dhe-me-pjesemarrjen-e-eksperteve-te-fushave-te-ndryshme-te-angazhuar-ne-promovimin-e-barazise\/\" \/>\n<meta property=\"og:site_name\" content=\"KW4W\" \/>\n<meta property=\"article:publisher\" content=\"https:\/\/www.facebook.com\/KosovaWomen4Women\" \/>\n<meta property=\"article:published_time\" content=\"2022-12-07T14:10:33+00:00\" \/>\n<meta property=\"article:modified_time\" content=\"2023-02-23T14:11:46+00:00\" \/>\n<meta property=\"og:image\" content=\"https:\/\/www.k-w4w.org\/wp-content\/uploads\/2023\/02\/pje.jpg\" \/>\n\t<meta property=\"og:image:width\" content=\"2048\" \/>\n\t<meta property=\"og:image:height\" content=\"1076\" \/>\n\t<meta property=\"og:image:type\" content=\"image\/jpeg\" \/>\n<meta name=\"author\" content=\"kw4w\" \/>\n<meta name=\"twitter:card\" content=\"summary_large_image\" \/>\n<meta name=\"twitter:label1\" content=\"Written by\" \/>\n\t<meta name=\"twitter:data1\" content=\"kw4w\" \/>\n\t<meta name=\"twitter:label2\" content=\"Est. reading time\" \/>\n\t<meta name=\"twitter:data2\" content=\"2 minutes\" \/>\n<script type=\"application\/ld+json\" class=\"yoast-schema-graph\">{\"@context\":\"https:\/\/schema.org\",\"@graph\":[{\"@type\":\"Article\",\"@id\":\"https:\/\/www.k-w4w.org\/kosova-women-4-women-ne-bashkepunim-me-universitetin-e-prishtines-departamenti-per-pune-sociale-dhe-me-pjesemarrjen-e-eksperteve-te-fushave-te-ndryshme-te-angazhuar-ne-promovimin-e-barazise\/#article\",\"isPartOf\":{\"@id\":\"https:\/\/www.k-w4w.org\/kosova-women-4-women-ne-bashkepunim-me-universitetin-e-prishtines-departamenti-per-pune-sociale-dhe-me-pjesemarrjen-e-eksperteve-te-fushave-te-ndryshme-te-angazhuar-ne-promovimin-e-barazise\/\"},\"author\":{\"name\":\"kw4w\",\"@id\":\"https:\/\/www.k-w4w.org\/en\/#\/schema\/person\/bea620f132061dd98aa21df3225035f4\"},\"headline\":\"Kosova Women 4 Women n\u00eb bashk\u00ebpunim me Universitetin e Prishtin\u00ebs, Departamenti p\u00ebr Pun\u00eb Sociale dhe me pjes\u00ebmarrjen e ekspert\u00ebve t\u00eb fushave t\u00eb ndryshme t\u00eb angazhuar n\u00eb promovimin e barazis\u00eb\",\"datePublished\":\"2022-12-07T14:10:33+00:00\",\"dateModified\":\"2023-02-23T14:11:46+00:00\",\"mainEntityOfPage\":{\"@id\":\"https:\/\/www.k-w4w.org\/kosova-women-4-women-ne-bashkepunim-me-universitetin-e-prishtines-departamenti-per-pune-sociale-dhe-me-pjesemarrjen-e-eksperteve-te-fushave-te-ndryshme-te-angazhuar-ne-promovimin-e-barazise\/\"},\"wordCount\":464,\"commentCount\":0,\"publisher\":{\"@id\":\"https:\/\/www.k-w4w.org\/en\/#organization\"},\"image\":{\"@id\":\"https:\/\/www.k-w4w.org\/kosova-women-4-women-ne-bashkepunim-me-universitetin-e-prishtines-departamenti-per-pune-sociale-dhe-me-pjesemarrjen-e-eksperteve-te-fushave-te-ndryshme-te-angazhuar-ne-promovimin-e-barazise\/#primaryimage\"},\"thumbnailUrl\":\"https:\/\/www.k-w4w.org\/wp-content\/uploads\/2023\/02\/pje.jpg\",\"articleSection\":[\"Lajme\"],\"inLanguage\":\"en-US\",\"potentialAction\":[{\"@type\":\"CommentAction\",\"name\":\"Comment\",\"target\":[\"https:\/\/www.k-w4w.org\/kosova-women-4-women-ne-bashkepunim-me-universitetin-e-prishtines-departamenti-per-pune-sociale-dhe-me-pjesemarrjen-e-eksperteve-te-fushave-te-ndryshme-te-angazhuar-ne-promovimin-e-barazise\/#respond\"]}]},{\"@type\":\"WebPage\",\"@id\":\"https:\/\/www.k-w4w.org\/kosova-women-4-women-ne-bashkepunim-me-universitetin-e-prishtines-departamenti-per-pune-sociale-dhe-me-pjesemarrjen-e-eksperteve-te-fushave-te-ndryshme-te-angazhuar-ne-promovimin-e-barazise\/\",\"url\":\"https:\/\/www.k-w4w.org\/kosova-women-4-women-ne-bashkepunim-me-universitetin-e-prishtines-departamenti-per-pune-sociale-dhe-me-pjesemarrjen-e-eksperteve-te-fushave-te-ndryshme-te-angazhuar-ne-promovimin-e-barazise\/\",\"name\":\"Kosova Women 4 Women n\u00eb bashk\u00ebpunim me Universitetin e Prishtin\u00ebs, Departamenti p\u00ebr Pun\u00eb Sociale dhe me pjes\u00ebmarrjen e ekspert\u00ebve t\u00eb fushave t\u00eb ndryshme t\u00eb angazhuar n\u00eb promovimin e barazis\u00eb - KW4W\",\"isPartOf\":{\"@id\":\"https:\/\/www.k-w4w.org\/en\/#website\"},\"primaryImageOfPage\":{\"@id\":\"https:\/\/www.k-w4w.org\/kosova-women-4-women-ne-bashkepunim-me-universitetin-e-prishtines-departamenti-per-pune-sociale-dhe-me-pjesemarrjen-e-eksperteve-te-fushave-te-ndryshme-te-angazhuar-ne-promovimin-e-barazise\/#primaryimage\"},\"image\":{\"@id\":\"https:\/\/www.k-w4w.org\/kosova-women-4-women-ne-bashkepunim-me-universitetin-e-prishtines-departamenti-per-pune-sociale-dhe-me-pjesemarrjen-e-eksperteve-te-fushave-te-ndryshme-te-angazhuar-ne-promovimin-e-barazise\/#primaryimage\"},\"thumbnailUrl\":\"https:\/\/www.k-w4w.org\/wp-content\/uploads\/2023\/02\/pje.jpg\",\"datePublished\":\"2022-12-07T14:10:33+00:00\",\"dateModified\":\"2023-02-23T14:11:46+00:00\",\"breadcrumb\":{\"@id\":\"https:\/\/www.k-w4w.org\/kosova-women-4-women-ne-bashkepunim-me-universitetin-e-prishtines-departamenti-per-pune-sociale-dhe-me-pjesemarrjen-e-eksperteve-te-fushave-te-ndryshme-te-angazhuar-ne-promovimin-e-barazise\/#breadcrumb\"},\"inLanguage\":\"en-US\",\"potentialAction\":[{\"@type\":\"ReadAction\",\"target\":[\"https:\/\/www.k-w4w.org\/kosova-women-4-women-ne-bashkepunim-me-universitetin-e-prishtines-departamenti-per-pune-sociale-dhe-me-pjesemarrjen-e-eksperteve-te-fushave-te-ndryshme-te-angazhuar-ne-promovimin-e-barazise\/\"]}]},{\"@type\":\"ImageObject\",\"inLanguage\":\"en-US\",\"@id\":\"https:\/\/www.k-w4w.org\/kosova-women-4-women-ne-bashkepunim-me-universitetin-e-prishtines-departamenti-per-pune-sociale-dhe-me-pjesemarrjen-e-eksperteve-te-fushave-te-ndryshme-te-angazhuar-ne-promovimin-e-barazise\/#primaryimage\",\"url\":\"https:\/\/www.k-w4w.org\/wp-content\/uploads\/2023\/02\/pje.jpg\",\"contentUrl\":\"https:\/\/www.k-w4w.org\/wp-content\/uploads\/2023\/02\/pje.jpg\",\"width\":2048,\"height\":1076},{\"@type\":\"BreadcrumbList\",\"@id\":\"https:\/\/www.k-w4w.org\/kosova-women-4-women-ne-bashkepunim-me-universitetin-e-prishtines-departamenti-per-pune-sociale-dhe-me-pjesemarrjen-e-eksperteve-te-fushave-te-ndryshme-te-angazhuar-ne-promovimin-e-barazise\/#breadcrumb\",\"itemListElement\":[{\"@type\":\"ListItem\",\"position\":1,\"name\":\"Home\",\"item\":\"https:\/\/www.k-w4w.org\/\"},{\"@type\":\"ListItem\",\"position\":2,\"name\":\"Kosova Women 4 Women n\u00eb bashk\u00ebpunim me Universitetin e Prishtin\u00ebs, Departamenti p\u00ebr Pun\u00eb Sociale dhe me pjes\u00ebmarrjen e ekspert\u00ebve t\u00eb fushave t\u00eb ndryshme t\u00eb angazhuar n\u00eb promovimin e barazis\u00eb\"}]},{\"@type\":\"WebSite\",\"@id\":\"https:\/\/www.k-w4w.org\/en\/#website\",\"url\":\"https:\/\/www.k-w4w.org\/en\/\",\"name\":\"KW4W\",\"description\":\"\",\"publisher\":{\"@id\":\"https:\/\/www.k-w4w.org\/en\/#organization\"},\"potentialAction\":[{\"@type\":\"SearchAction\",\"target\":{\"@type\":\"EntryPoint\",\"urlTemplate\":\"https:\/\/www.k-w4w.org\/en\/?s={search_term_string}\"},\"query-input\":{\"@type\":\"PropertyValueSpecification\",\"valueRequired\":true,\"valueName\":\"search_term_string\"}}],\"inLanguage\":\"en-US\"},{\"@type\":\"Organization\",\"@id\":\"https:\/\/www.k-w4w.org\/en\/#organization\",\"name\":\"KW4W\",\"url\":\"https:\/\/www.k-w4w.org\/en\/\",\"logo\":{\"@type\":\"ImageObject\",\"inLanguage\":\"en-US\",\"@id\":\"https:\/\/www.k-w4w.org\/en\/#\/schema\/logo\/image\/\",\"url\":\"https:\/\/www.k-w4w.org\/wp-content\/uploads\/2023\/02\/cropped-wfwi_logo_color_gradient_cmyk.jpg\",\"contentUrl\":\"https:\/\/www.k-w4w.org\/wp-content\/uploads\/2023\/02\/cropped-wfwi_logo_color_gradient_cmyk.jpg\",\"width\":1243,\"height\":199,\"caption\":\"KW4W\"},\"image\":{\"@id\":\"https:\/\/www.k-w4w.org\/en\/#\/schema\/logo\/image\/\"},\"sameAs\":[\"https:\/\/www.facebook.com\/KosovaWomen4Women\",\"https:\/\/www.instagram.com\/womenforwomenkosova\/\"]},{\"@type\":\"Person\",\"@id\":\"https:\/\/www.k-w4w.org\/en\/#\/schema\/person\/bea620f132061dd98aa21df3225035f4\",\"name\":\"kw4w\",\"image\":{\"@type\":\"ImageObject\",\"inLanguage\":\"en-US\",\"@id\":\"https:\/\/www.k-w4w.org\/en\/#\/schema\/person\/image\/\",\"url\":\"https:\/\/secure.gravatar.com\/avatar\/35dca332a41f9d006f5b77ee9d9b90ed02181b4dcf7b166dcf848cb4e40abd74?s=96&d=mm&r=g\",\"contentUrl\":\"https:\/\/secure.gravatar.com\/avatar\/35dca332a41f9d006f5b77ee9d9b90ed02181b4dcf7b166dcf848cb4e40abd74?s=96&d=mm&r=g\",\"caption\":\"kw4w\"},\"sameAs\":[\"https:\/\/www.k-w4w.org\/\"],\"url\":\"https:\/\/www.k-w4w.org\/en\/author\/kw4w\/\"}]}<\/script>\n<!-- \/ Yoast SEO plugin. -->","yoast_head_json":{"title":"Kosova Women 4 Women n\u00eb bashk\u00ebpunim me Universitetin e Prishtin\u00ebs, Departamenti p\u00ebr Pun\u00eb Sociale dhe me pjes\u00ebmarrjen e ekspert\u00ebve t\u00eb fushave t\u00eb ndryshme t\u00eb angazhuar n\u00eb promovimin e barazis\u00eb - KW4W","robots":{"index":"index","follow":"follow","max-snippet":"max-snippet:-1","max-image-preview":"max-image-preview:large","max-video-preview":"max-video-preview:-1"},"canonical":"https:\/\/www.k-w4w.org\/en\/kosova-women-4-women-ne-bashkepunim-me-universitetin-e-prishtines-departamenti-per-pune-sociale-dhe-me-pjesemarrjen-e-eksperteve-te-fushave-te-ndryshme-te-angazhuar-ne-promovimin-e-barazise\/","og_locale":"en_US","og_type":"article","og_title":"Kosova Women 4 Women n\u00eb bashk\u00ebpunim me Universitetin e Prishtin\u00ebs, Departamenti p\u00ebr Pun\u00eb Sociale dhe me pjes\u00ebmarrjen e ekspert\u00ebve t\u00eb fushave t\u00eb ndryshme t\u00eb angazhuar n\u00eb promovimin e barazis\u00eb - KW4W","og_description":"Kosova Women 4 Women n\u00eb bashk\u00ebpunim me Universitetin e Prishtin\u00ebs, Departamenti p\u00ebr Pun\u00eb Sociale dhe me pjes\u00ebmarrjen e ekspert\u00ebve t\u00eb fushave t\u00eb ndryshme t\u00eb angazhuar n\u00eb promovimin e barazis\u00eb, m\u00eb 25 n\u00ebntor mbajt\u00ebn konferenc\u00ebn &#8220;Politikat n\u00eb veprim kund\u00ebr dhun\u00ebs n\u00eb baza gjinore&#8221;. Pas fjal\u00ebs hyr\u00ebse, nga Dashamir B\u00ebrxulli, Dekan i Fakultetit Filozifk n\u00eb Universitetin e [&hellip;]","og_url":"https:\/\/www.k-w4w.org\/en\/kosova-women-4-women-ne-bashkepunim-me-universitetin-e-prishtines-departamenti-per-pune-sociale-dhe-me-pjesemarrjen-e-eksperteve-te-fushave-te-ndryshme-te-angazhuar-ne-promovimin-e-barazise\/","og_site_name":"KW4W","article_publisher":"https:\/\/www.facebook.com\/KosovaWomen4Women","article_published_time":"2022-12-07T14:10:33+00:00","article_modified_time":"2023-02-23T14:11:46+00:00","og_image":[{"width":2048,"height":1076,"url":"https:\/\/www.k-w4w.org\/wp-content\/uploads\/2023\/02\/pje.jpg","type":"image\/jpeg"}],"author":"kw4w","twitter_card":"summary_large_image","twitter_misc":{"Written by":"kw4w","Est. reading time":"2 minutes"},"schema":{"@context":"https:\/\/schema.org","@graph":[{"@type":"Article","@id":"https:\/\/www.k-w4w.org\/kosova-women-4-women-ne-bashkepunim-me-universitetin-e-prishtines-departamenti-per-pune-sociale-dhe-me-pjesemarrjen-e-eksperteve-te-fushave-te-ndryshme-te-angazhuar-ne-promovimin-e-barazise\/#article","isPartOf":{"@id":"https:\/\/www.k-w4w.org\/kosova-women-4-women-ne-bashkepunim-me-universitetin-e-prishtines-departamenti-per-pune-sociale-dhe-me-pjesemarrjen-e-eksperteve-te-fushave-te-ndryshme-te-angazhuar-ne-promovimin-e-barazise\/"},"author":{"name":"kw4w","@id":"https:\/\/www.k-w4w.org\/en\/#\/schema\/person\/bea620f132061dd98aa21df3225035f4"},"headline":"Kosova Women 4 Women n\u00eb bashk\u00ebpunim me Universitetin e Prishtin\u00ebs, Departamenti p\u00ebr Pun\u00eb Sociale dhe me pjes\u00ebmarrjen e ekspert\u00ebve t\u00eb fushave t\u00eb ndryshme t\u00eb angazhuar n\u00eb promovimin e barazis\u00eb","datePublished":"2022-12-07T14:10:33+00:00","dateModified":"2023-02-23T14:11:46+00:00","mainEntityOfPage":{"@id":"https:\/\/www.k-w4w.org\/kosova-women-4-women-ne-bashkepunim-me-universitetin-e-prishtines-departamenti-per-pune-sociale-dhe-me-pjesemarrjen-e-eksperteve-te-fushave-te-ndryshme-te-angazhuar-ne-promovimin-e-barazise\/"},"wordCount":464,"commentCount":0,"publisher":{"@id":"https:\/\/www.k-w4w.org\/en\/#organization"},"image":{"@id":"https:\/\/www.k-w4w.org\/kosova-women-4-women-ne-bashkepunim-me-universitetin-e-prishtines-departamenti-per-pune-sociale-dhe-me-pjesemarrjen-e-eksperteve-te-fushave-te-ndryshme-te-angazhuar-ne-promovimin-e-barazise\/#primaryimage"},"thumbnailUrl":"https:\/\/www.k-w4w.org\/wp-content\/uploads\/2023\/02\/pje.jpg","articleSection":["Lajme"],"inLanguage":"en-US","potentialAction":[{"@type":"CommentAction","name":"Comment","target":["https:\/\/www.k-w4w.org\/kosova-women-4-women-ne-bashkepunim-me-universitetin-e-prishtines-departamenti-per-pune-sociale-dhe-me-pjesemarrjen-e-eksperteve-te-fushave-te-ndryshme-te-angazhuar-ne-promovimin-e-barazise\/#respond"]}]},{"@type":"WebPage","@id":"https:\/\/www.k-w4w.org\/kosova-women-4-women-ne-bashkepunim-me-universitetin-e-prishtines-departamenti-per-pune-sociale-dhe-me-pjesemarrjen-e-eksperteve-te-fushave-te-ndryshme-te-angazhuar-ne-promovimin-e-barazise\/","url":"https:\/\/www.k-w4w.org\/kosova-women-4-women-ne-bashkepunim-me-universitetin-e-prishtines-departamenti-per-pune-sociale-dhe-me-pjesemarrjen-e-eksperteve-te-fushave-te-ndryshme-te-angazhuar-ne-promovimin-e-barazise\/","name":"Kosova Women 4 Women n\u00eb bashk\u00ebpunim me Universitetin e Prishtin\u00ebs, Departamenti p\u00ebr Pun\u00eb Sociale dhe me pjes\u00ebmarrjen e ekspert\u00ebve t\u00eb fushave t\u00eb ndryshme t\u00eb angazhuar n\u00eb promovimin e barazis\u00eb - KW4W","isPartOf":{"@id":"https:\/\/www.k-w4w.org\/en\/#website"},"primaryImageOfPage":{"@id":"https:\/\/www.k-w4w.org\/kosova-women-4-women-ne-bashkepunim-me-universitetin-e-prishtines-departamenti-per-pune-sociale-dhe-me-pjesemarrjen-e-eksperteve-te-fushave-te-ndryshme-te-angazhuar-ne-promovimin-e-barazise\/#primaryimage"},"image":{"@id":"https:\/\/www.k-w4w.org\/kosova-women-4-women-ne-bashkepunim-me-universitetin-e-prishtines-departamenti-per-pune-sociale-dhe-me-pjesemarrjen-e-eksperteve-te-fushave-te-ndryshme-te-angazhuar-ne-promovimin-e-barazise\/#primaryimage"},"thumbnailUrl":"https:\/\/www.k-w4w.org\/wp-content\/uploads\/2023\/02\/pje.jpg","datePublished":"2022-12-07T14:10:33+00:00","dateModified":"2023-02-23T14:11:46+00:00","breadcrumb":{"@id":"https:\/\/www.k-w4w.org\/kosova-women-4-women-ne-bashkepunim-me-universitetin-e-prishtines-departamenti-per-pune-sociale-dhe-me-pjesemarrjen-e-eksperteve-te-fushave-te-ndryshme-te-angazhuar-ne-promovimin-e-barazise\/#breadcrumb"},"inLanguage":"en-US","potentialAction":[{"@type":"ReadAction","target":["https:\/\/www.k-w4w.org\/kosova-women-4-women-ne-bashkepunim-me-universitetin-e-prishtines-departamenti-per-pune-sociale-dhe-me-pjesemarrjen-e-eksperteve-te-fushave-te-ndryshme-te-angazhuar-ne-promovimin-e-barazise\/"]}]},{"@type":"ImageObject","inLanguage":"en-US","@id":"https:\/\/www.k-w4w.org\/kosova-women-4-women-ne-bashkepunim-me-universitetin-e-prishtines-departamenti-per-pune-sociale-dhe-me-pjesemarrjen-e-eksperteve-te-fushave-te-ndryshme-te-angazhuar-ne-promovimin-e-barazise\/#primaryimage","url":"https:\/\/www.k-w4w.org\/wp-content\/uploads\/2023\/02\/pje.jpg","contentUrl":"https:\/\/www.k-w4w.org\/wp-content\/uploads\/2023\/02\/pje.jpg","width":2048,"height":1076},{"@type":"BreadcrumbList","@id":"https:\/\/www.k-w4w.org\/kosova-women-4-women-ne-bashkepunim-me-universitetin-e-prishtines-departamenti-per-pune-sociale-dhe-me-pjesemarrjen-e-eksperteve-te-fushave-te-ndryshme-te-angazhuar-ne-promovimin-e-barazise\/#breadcrumb","itemListElement":[{"@type":"ListItem","position":1,"name":"Home","item":"https:\/\/www.k-w4w.org\/"},{"@type":"ListItem","position":2,"name":"Kosova Women 4 Women n\u00eb bashk\u00ebpunim me Universitetin e Prishtin\u00ebs, Departamenti p\u00ebr Pun\u00eb Sociale dhe me pjes\u00ebmarrjen e ekspert\u00ebve t\u00eb fushave t\u00eb ndryshme t\u00eb angazhuar n\u00eb promovimin e barazis\u00eb"}]},{"@type":"WebSite","@id":"https:\/\/www.k-w4w.org\/en\/#website","url":"https:\/\/www.k-w4w.org\/en\/","name":"KW4W","description":"","publisher":{"@id":"https:\/\/www.k-w4w.org\/en\/#organization"},"potentialAction":[{"@type":"SearchAction","target":{"@type":"EntryPoint","urlTemplate":"https:\/\/www.k-w4w.org\/en\/?s={search_term_string}"},"query-input":{"@type":"PropertyValueSpecification","valueRequired":true,"valueName":"search_term_string"}}],"inLanguage":"en-US"},{"@type":"Organization","@id":"https:\/\/www.k-w4w.org\/en\/#organization","name":"KW4W","url":"https:\/\/www.k-w4w.org\/en\/","logo":{"@type":"ImageObject","inLanguage":"en-US","@id":"https:\/\/www.k-w4w.org\/en\/#\/schema\/logo\/image\/","url":"https:\/\/www.k-w4w.org\/wp-content\/uploads\/2023\/02\/cropped-wfwi_logo_color_gradient_cmyk.jpg","contentUrl":"https:\/\/www.k-w4w.org\/wp-content\/uploads\/2023\/02\/cropped-wfwi_logo_color_gradient_cmyk.jpg","width":1243,"height":199,"caption":"KW4W"},"image":{"@id":"https:\/\/www.k-w4w.org\/en\/#\/schema\/logo\/image\/"},"sameAs":["https:\/\/www.facebook.com\/KosovaWomen4Women","https:\/\/www.instagram.com\/womenforwomenkosova\/"]},{"@type":"Person","@id":"https:\/\/www.k-w4w.org\/en\/#\/schema\/person\/bea620f132061dd98aa21df3225035f4","name":"kw4w","image":{"@type":"ImageObject","inLanguage":"en-US","@id":"https:\/\/www.k-w4w.org\/en\/#\/schema\/person\/image\/","url":"https:\/\/secure.gravatar.com\/avatar\/35dca332a41f9d006f5b77ee9d9b90ed02181b4dcf7b166dcf848cb4e40abd74?s=96&d=mm&r=g","contentUrl":"https:\/\/secure.gravatar.com\/avatar\/35dca332a41f9d006f5b77ee9d9b90ed02181b4dcf7b166dcf848cb4e40abd74?s=96&d=mm&r=g","caption":"kw4w"},"sameAs":["https:\/\/www.k-w4w.org\/"],"url":"https:\/\/www.k-w4w.org\/en\/author\/kw4w\/"}]}},"_links":{"self":[{"href":"https:\/\/www.k-w4w.org\/en\/wp-json\/wp\/v2\/posts\/15939","targetHints":{"allow":["GET"]}}],"collection":[{"href":"https:\/\/www.k-w4w.org\/en\/wp-json\/wp\/v2\/posts"}],"about":[{"href":"https:\/\/www.k-w4w.org\/en\/wp-json\/wp\/v2\/types\/post"}],"author":[{"embeddable":true,"href":"https:\/\/www.k-w4w.org\/en\/wp-json\/wp\/v2\/users\/2"}],"replies":[{"embeddable":true,"href":"https:\/\/www.k-w4w.org\/en\/wp-json\/wp\/v2\/comments?post=15939"}],"version-history":[{"count":1,"href":"https:\/\/www.k-w4w.org\/en\/wp-json\/wp\/v2\/posts\/15939\/revisions"}],"predecessor-version":[{"id":15941,"href":"https:\/\/www.k-w4w.org\/en\/wp-json\/wp\/v2\/posts\/15939\/revisions\/15941"}],"wp:featuredmedia":[{"embeddable":true,"href":"https:\/\/www.k-w4w.org\/en\/wp-json\/wp\/v2\/media\/15940"}],"wp:attachment":[{"href":"https:\/\/www.k-w4w.org\/en\/wp-json\/wp\/v2\/media?parent=15939"}],"wp:term":[{"taxonomy":"category","embeddable":true,"href":"https:\/\/www.k-w4w.org\/en\/wp-json\/wp\/v2\/categories?post=15939"},{"taxonomy":"post_tag","embeddable":true,"href":"https:\/\/www.k-w4w.org\/en\/wp-json\/wp\/v2\/tags?post=15939"}],"curies":[{"name":"wp","href":"https:\/\/api.w.org\/{rel}","templated":true}]}}