{"id":15948,"date":"2022-12-08T14:19:01","date_gmt":"2022-12-08T14:19:01","guid":{"rendered":"https:\/\/www.k-w4w.org\/?p=15948"},"modified":"2023-02-23T14:24:57","modified_gmt":"2023-02-23T14:24:57","slug":"drejtoresha-e-kw4w-iliriana-jaka-gashi-mori-pjese-ne-takimin-e-organizuar-nga-kryetari-i-kuvendit-te-republikes-se-kosoves-glauk-konjufca","status":"publish","type":"post","link":"https:\/\/www.k-w4w.org\/en\/drejtoresha-e-kw4w-iliriana-jaka-gashi-mori-pjese-ne-takimin-e-organizuar-nga-kryetari-i-kuvendit-te-republikes-se-kosoves-glauk-konjufca\/","title":{"rendered":"Drejtoresha e KW4W, Iliriana Jaka Gashi mori pjes\u00eb n\u00eb takimin e organizuar nga Kryetari i Kuvendit t\u00eb Republik\u00ebs s\u00eb Kosov\u00ebs, Glauk Konjufca"},"content":{"rendered":"<div class=\"\" dir=\"auto\">\n<div id=\"jsc_c_902\" class=\"x1iorvi4 x1pi30zi x1swvt13 x1l90r2v\" data-ad-comet-preview=\"message\" data-ad-preview=\"message\">\n<div class=\"x78zum5 xdt5ytf xz62fqu x16ldp7u\">\n<div class=\"xu06os2 x1ok221b\">\n<div class=\"x11i5rnm xat24cr x1mh8g0r x1vvkbs xdj266r x126k92a\">\n<div dir=\"auto\">Drejtoresha e KW4W, Iliriana Jaka Gashi dhe p\u00ebrfaq\u00ebsueset e organizatave vendore e nd\u00ebrkomb\u00ebtare, aktiviste dhe avokuese t\u00eb \u00e7\u00ebshtjeve gjinore mor\u00ebn pjese n\u00eb takimin e organizuar nga Kryetari i Kuvendit t\u00eb Republik\u00ebs s\u00eb Kosov\u00ebs, Glauk Konjufca.<\/div>\n<\/div>\n<div class=\"x11i5rnm xat24cr x1mh8g0r x1vvkbs xtlvy1s x126k92a\">\n<div dir=\"auto\">N\u00eb k\u00ebt\u00eb takim u diskutua p\u00ebr nevoj\u00ebn e forcimit t\u00eb rolit t\u00eb Kuvendit n\u00eb avancimin e legjislacionit, me fokus n\u00eb at\u00eb p\u00ebr mbrojtjen nga dhuna n\u00eb baz\u00eb gjinore, fuqizimin ekonomik t\u00eb grave, forcimit t\u00eb rolit n\u00eb vendimmarrje etj.<\/div>\n<\/div>\n<div class=\"x11i5rnm xat24cr x1mh8g0r x1vvkbs xtlvy1s x126k92a\">\n<div dir=\"auto\">P\u00ebrfaq\u00ebsueset e organizatave t\u00eb pranishme n\u00eb takim theksuan r\u00ebnd\u00ebsin\u00eb e gjith\u00ebp\u00ebrfshirjes n\u00eb hartimin e korniz\u00ebs ligjore, me theks t\u00eb ve\u00e7ant\u00eb n\u00eb at\u00eb p\u00ebr mbrojtjen nga dhuna n\u00eb familje, gjegj\u00ebsisht dhuna n\u00eb baz\u00eb gjinore, duke p\u00ebrfshir\u00eb standardet e p\u00ebrcaktuara me Konvent\u00ebn e Stambollit.<\/div>\n<div dir=\"auto\">Kryetari i Kuvendit, Glauk Konjufca, shprehu mb\u00ebshtetjen e plot\u00eb p\u00ebr k\u00ebrkesat e paraqitura, duke ofruar hap\u00ebsir\u00ebn e nevojshme p\u00ebr kontributin e t\u00eb gjitha grupeve t\u00eb interesit gjat\u00eb faz\u00ebs s\u00eb shqyrtimit t\u00eb legjislacionit n\u00eb Kuvend.<\/div>\n<\/div>\n<div class=\"x11i5rnm xat24cr x1mh8g0r x1vvkbs xtlvy1s x126k92a\">\n<div dir=\"auto\">N\u00eb takim u theksua nevoja e nd\u00ebrtimit t\u00eb nj\u00eb komunikimi institucional t\u00eb t\u00eb gjitha niveleve, p\u00ebr adresimin e sfidave me t\u00eb cilat p\u00ebrball\u00ebn grat\u00eb n\u00eb Kosov\u00eb, p\u00ebrkat\u00ebsisht p\u00ebr parandalimin dhe luftimin e dhun\u00ebs ndaj tyre.<\/div>\n<\/div>\n<\/div>\n<\/div>\n<\/div>\n<\/div>","protected":false},"excerpt":{"rendered":"<p>Drejtoresha e KW4W, Iliriana Jaka Gashi dhe p\u00ebrfaq\u00ebsueset e organizatave vendore e nd\u00ebrkomb\u00ebtare, aktiviste dhe avokuese t\u00eb \u00e7\u00ebshtjeve gjinore mor\u00ebn pjese n\u00eb takimin e organizuar nga Kryetari i Kuvendit t\u00eb Republik\u00ebs s\u00eb Kosov\u00ebs, Glauk Konjufca. N\u00eb k\u00ebt\u00eb takim u diskutua p\u00ebr nevoj\u00ebn e forcimit t\u00eb rolit t\u00eb Kuvendit n\u00eb avancimin e legjislacionit, me fokus n\u00eb [&hellip;]<\/p>\n","protected":false},"author":2,"featured_media":15949,"comment_status":"open","ping_status":"open","sticky":false,"template":"","format":"standard","meta":{"footnotes":""},"categories":[59],"tags":[],"class_list":["post-15948","post","type-post","status-publish","format-standard","has-post-thumbnail","hentry","category-lajme"],"yoast_head":"<!-- This site is optimized with the Yoast SEO plugin v27.0 - https:\/\/yoast.com\/product\/yoast-seo-wordpress\/ -->\n<title>Drejtoresha e KW4W, Iliriana Jaka Gashi mori pjes\u00eb n\u00eb takimin e organizuar nga Kryetari i Kuvendit t\u00eb Republik\u00ebs s\u00eb Kosov\u00ebs, Glauk Konjufca - KW4W<\/title>\n<meta name=\"robots\" content=\"index, follow, max-snippet:-1, max-image-preview:large, max-video-preview:-1\" \/>\n<link rel=\"canonical\" href=\"https:\/\/www.k-w4w.org\/en\/drejtoresha-e-kw4w-iliriana-jaka-gashi-mori-pjese-ne-takimin-e-organizuar-nga-kryetari-i-kuvendit-te-republikes-se-kosoves-glauk-konjufca\/\" \/>\n<meta property=\"og:locale\" content=\"en_US\" \/>\n<meta property=\"og:type\" content=\"article\" \/>\n<meta property=\"og:title\" content=\"Drejtoresha e KW4W, Iliriana Jaka Gashi mori pjes\u00eb n\u00eb takimin e organizuar nga Kryetari i Kuvendit t\u00eb Republik\u00ebs s\u00eb Kosov\u00ebs, Glauk Konjufca - KW4W\" \/>\n<meta property=\"og:description\" content=\"Drejtoresha e KW4W, Iliriana Jaka Gashi dhe p\u00ebrfaq\u00ebsueset e organizatave vendore e nd\u00ebrkomb\u00ebtare, aktiviste dhe avokuese t\u00eb \u00e7\u00ebshtjeve gjinore mor\u00ebn pjese n\u00eb takimin e organizuar nga Kryetari i Kuvendit t\u00eb Republik\u00ebs s\u00eb Kosov\u00ebs, Glauk Konjufca. N\u00eb k\u00ebt\u00eb takim u diskutua p\u00ebr nevoj\u00ebn e forcimit t\u00eb rolit t\u00eb Kuvendit n\u00eb avancimin e legjislacionit, me fokus n\u00eb [&hellip;]\" \/>\n<meta property=\"og:url\" content=\"https:\/\/www.k-w4w.org\/en\/drejtoresha-e-kw4w-iliriana-jaka-gashi-mori-pjese-ne-takimin-e-organizuar-nga-kryetari-i-kuvendit-te-republikes-se-kosoves-glauk-konjufca\/\" \/>\n<meta property=\"og:site_name\" content=\"KW4W\" \/>\n<meta property=\"article:publisher\" content=\"https:\/\/www.facebook.com\/KosovaWomen4Women\" \/>\n<meta property=\"article:published_time\" content=\"2022-12-08T14:19:01+00:00\" \/>\n<meta property=\"article:modified_time\" content=\"2023-02-23T14:24:57+00:00\" \/>\n<meta property=\"og:image\" content=\"https:\/\/www.k-w4w.org\/wp-content\/uploads\/2023\/02\/kuuv.jpg\" \/>\n\t<meta property=\"og:image:width\" content=\"2048\" \/>\n\t<meta property=\"og:image:height\" content=\"1367\" \/>\n\t<meta property=\"og:image:type\" content=\"image\/jpeg\" \/>\n<meta name=\"author\" content=\"kw4w\" \/>\n<meta name=\"twitter:card\" content=\"summary_large_image\" \/>\n<meta name=\"twitter:label1\" content=\"Written by\" \/>\n\t<meta name=\"twitter:data1\" content=\"kw4w\" \/>\n\t<meta name=\"twitter:label2\" content=\"Est. reading time\" \/>\n\t<meta name=\"twitter:data2\" content=\"1 minute\" \/>\n<script type=\"application\/ld+json\" class=\"yoast-schema-graph\">{\"@context\":\"https:\/\/schema.org\",\"@graph\":[{\"@type\":\"Article\",\"@id\":\"https:\/\/www.k-w4w.org\/drejtoresha-e-kw4w-iliriana-jaka-gashi-mori-pjese-ne-takimin-e-organizuar-nga-kryetari-i-kuvendit-te-republikes-se-kosoves-glauk-konjufca\/#article\",\"isPartOf\":{\"@id\":\"https:\/\/www.k-w4w.org\/drejtoresha-e-kw4w-iliriana-jaka-gashi-mori-pjese-ne-takimin-e-organizuar-nga-kryetari-i-kuvendit-te-republikes-se-kosoves-glauk-konjufca\/\"},\"author\":{\"name\":\"kw4w\",\"@id\":\"https:\/\/www.k-w4w.org\/en\/#\/schema\/person\/bea620f132061dd98aa21df3225035f4\"},\"headline\":\"Drejtoresha e KW4W, Iliriana Jaka Gashi mori pjes\u00eb n\u00eb takimin e organizuar nga Kryetari i Kuvendit t\u00eb Republik\u00ebs s\u00eb Kosov\u00ebs, Glauk Konjufca\",\"datePublished\":\"2022-12-08T14:19:01+00:00\",\"dateModified\":\"2023-02-23T14:24:57+00:00\",\"mainEntityOfPage\":{\"@id\":\"https:\/\/www.k-w4w.org\/drejtoresha-e-kw4w-iliriana-jaka-gashi-mori-pjese-ne-takimin-e-organizuar-nga-kryetari-i-kuvendit-te-republikes-se-kosoves-glauk-konjufca\/\"},\"wordCount\":249,\"commentCount\":0,\"publisher\":{\"@id\":\"https:\/\/www.k-w4w.org\/en\/#organization\"},\"image\":{\"@id\":\"https:\/\/www.k-w4w.org\/drejtoresha-e-kw4w-iliriana-jaka-gashi-mori-pjese-ne-takimin-e-organizuar-nga-kryetari-i-kuvendit-te-republikes-se-kosoves-glauk-konjufca\/#primaryimage\"},\"thumbnailUrl\":\"https:\/\/www.k-w4w.org\/wp-content\/uploads\/2023\/02\/kuuv.jpg\",\"articleSection\":[\"Lajme\"],\"inLanguage\":\"en-US\",\"potentialAction\":[{\"@type\":\"CommentAction\",\"name\":\"Comment\",\"target\":[\"https:\/\/www.k-w4w.org\/drejtoresha-e-kw4w-iliriana-jaka-gashi-mori-pjese-ne-takimin-e-organizuar-nga-kryetari-i-kuvendit-te-republikes-se-kosoves-glauk-konjufca\/#respond\"]}]},{\"@type\":\"WebPage\",\"@id\":\"https:\/\/www.k-w4w.org\/drejtoresha-e-kw4w-iliriana-jaka-gashi-mori-pjese-ne-takimin-e-organizuar-nga-kryetari-i-kuvendit-te-republikes-se-kosoves-glauk-konjufca\/\",\"url\":\"https:\/\/www.k-w4w.org\/drejtoresha-e-kw4w-iliriana-jaka-gashi-mori-pjese-ne-takimin-e-organizuar-nga-kryetari-i-kuvendit-te-republikes-se-kosoves-glauk-konjufca\/\",\"name\":\"Drejtoresha e KW4W, Iliriana Jaka Gashi mori pjes\u00eb n\u00eb takimin e organizuar nga Kryetari i Kuvendit t\u00eb Republik\u00ebs s\u00eb Kosov\u00ebs, Glauk Konjufca - KW4W\",\"isPartOf\":{\"@id\":\"https:\/\/www.k-w4w.org\/en\/#website\"},\"primaryImageOfPage\":{\"@id\":\"https:\/\/www.k-w4w.org\/drejtoresha-e-kw4w-iliriana-jaka-gashi-mori-pjese-ne-takimin-e-organizuar-nga-kryetari-i-kuvendit-te-republikes-se-kosoves-glauk-konjufca\/#primaryimage\"},\"image\":{\"@id\":\"https:\/\/www.k-w4w.org\/drejtoresha-e-kw4w-iliriana-jaka-gashi-mori-pjese-ne-takimin-e-organizuar-nga-kryetari-i-kuvendit-te-republikes-se-kosoves-glauk-konjufca\/#primaryimage\"},\"thumbnailUrl\":\"https:\/\/www.k-w4w.org\/wp-content\/uploads\/2023\/02\/kuuv.jpg\",\"datePublished\":\"2022-12-08T14:19:01+00:00\",\"dateModified\":\"2023-02-23T14:24:57+00:00\",\"breadcrumb\":{\"@id\":\"https:\/\/www.k-w4w.org\/drejtoresha-e-kw4w-iliriana-jaka-gashi-mori-pjese-ne-takimin-e-organizuar-nga-kryetari-i-kuvendit-te-republikes-se-kosoves-glauk-konjufca\/#breadcrumb\"},\"inLanguage\":\"en-US\",\"potentialAction\":[{\"@type\":\"ReadAction\",\"target\":[\"https:\/\/www.k-w4w.org\/drejtoresha-e-kw4w-iliriana-jaka-gashi-mori-pjese-ne-takimin-e-organizuar-nga-kryetari-i-kuvendit-te-republikes-se-kosoves-glauk-konjufca\/\"]}]},{\"@type\":\"ImageObject\",\"inLanguage\":\"en-US\",\"@id\":\"https:\/\/www.k-w4w.org\/drejtoresha-e-kw4w-iliriana-jaka-gashi-mori-pjese-ne-takimin-e-organizuar-nga-kryetari-i-kuvendit-te-republikes-se-kosoves-glauk-konjufca\/#primaryimage\",\"url\":\"https:\/\/www.k-w4w.org\/wp-content\/uploads\/2023\/02\/kuuv.jpg\",\"contentUrl\":\"https:\/\/www.k-w4w.org\/wp-content\/uploads\/2023\/02\/kuuv.jpg\",\"width\":2048,\"height\":1367},{\"@type\":\"BreadcrumbList\",\"@id\":\"https:\/\/www.k-w4w.org\/drejtoresha-e-kw4w-iliriana-jaka-gashi-mori-pjese-ne-takimin-e-organizuar-nga-kryetari-i-kuvendit-te-republikes-se-kosoves-glauk-konjufca\/#breadcrumb\",\"itemListElement\":[{\"@type\":\"ListItem\",\"position\":1,\"name\":\"Home\",\"item\":\"https:\/\/www.k-w4w.org\/\"},{\"@type\":\"ListItem\",\"position\":2,\"name\":\"Drejtoresha e KW4W, Iliriana Jaka Gashi mori pjes\u00eb n\u00eb takimin e organizuar nga Kryetari i Kuvendit t\u00eb Republik\u00ebs s\u00eb Kosov\u00ebs, Glauk Konjufca\"}]},{\"@type\":\"WebSite\",\"@id\":\"https:\/\/www.k-w4w.org\/en\/#website\",\"url\":\"https:\/\/www.k-w4w.org\/en\/\",\"name\":\"KW4W\",\"description\":\"\",\"publisher\":{\"@id\":\"https:\/\/www.k-w4w.org\/en\/#organization\"},\"potentialAction\":[{\"@type\":\"SearchAction\",\"target\":{\"@type\":\"EntryPoint\",\"urlTemplate\":\"https:\/\/www.k-w4w.org\/en\/?s={search_term_string}\"},\"query-input\":{\"@type\":\"PropertyValueSpecification\",\"valueRequired\":true,\"valueName\":\"search_term_string\"}}],\"inLanguage\":\"en-US\"},{\"@type\":\"Organization\",\"@id\":\"https:\/\/www.k-w4w.org\/en\/#organization\",\"name\":\"KW4W\",\"url\":\"https:\/\/www.k-w4w.org\/en\/\",\"logo\":{\"@type\":\"ImageObject\",\"inLanguage\":\"en-US\",\"@id\":\"https:\/\/www.k-w4w.org\/en\/#\/schema\/logo\/image\/\",\"url\":\"https:\/\/www.k-w4w.org\/wp-content\/uploads\/2023\/02\/cropped-wfwi_logo_color_gradient_cmyk.jpg\",\"contentUrl\":\"https:\/\/www.k-w4w.org\/wp-content\/uploads\/2023\/02\/cropped-wfwi_logo_color_gradient_cmyk.jpg\",\"width\":1243,\"height\":199,\"caption\":\"KW4W\"},\"image\":{\"@id\":\"https:\/\/www.k-w4w.org\/en\/#\/schema\/logo\/image\/\"},\"sameAs\":[\"https:\/\/www.facebook.com\/KosovaWomen4Women\",\"https:\/\/www.instagram.com\/womenforwomenkosova\/\"]},{\"@type\":\"Person\",\"@id\":\"https:\/\/www.k-w4w.org\/en\/#\/schema\/person\/bea620f132061dd98aa21df3225035f4\",\"name\":\"kw4w\",\"image\":{\"@type\":\"ImageObject\",\"inLanguage\":\"en-US\",\"@id\":\"https:\/\/www.k-w4w.org\/en\/#\/schema\/person\/image\/\",\"url\":\"https:\/\/secure.gravatar.com\/avatar\/35dca332a41f9d006f5b77ee9d9b90ed02181b4dcf7b166dcf848cb4e40abd74?s=96&d=mm&r=g\",\"contentUrl\":\"https:\/\/secure.gravatar.com\/avatar\/35dca332a41f9d006f5b77ee9d9b90ed02181b4dcf7b166dcf848cb4e40abd74?s=96&d=mm&r=g\",\"caption\":\"kw4w\"},\"sameAs\":[\"https:\/\/www.k-w4w.org\/\"],\"url\":\"https:\/\/www.k-w4w.org\/en\/author\/kw4w\/\"}]}<\/script>\n<!-- \/ Yoast SEO plugin. -->","yoast_head_json":{"title":"Drejtoresha e KW4W, Iliriana Jaka Gashi mori pjes\u00eb n\u00eb takimin e organizuar nga Kryetari i Kuvendit t\u00eb Republik\u00ebs s\u00eb Kosov\u00ebs, Glauk Konjufca - KW4W","robots":{"index":"index","follow":"follow","max-snippet":"max-snippet:-1","max-image-preview":"max-image-preview:large","max-video-preview":"max-video-preview:-1"},"canonical":"https:\/\/www.k-w4w.org\/en\/drejtoresha-e-kw4w-iliriana-jaka-gashi-mori-pjese-ne-takimin-e-organizuar-nga-kryetari-i-kuvendit-te-republikes-se-kosoves-glauk-konjufca\/","og_locale":"en_US","og_type":"article","og_title":"Drejtoresha e KW4W, Iliriana Jaka Gashi mori pjes\u00eb n\u00eb takimin e organizuar nga Kryetari i Kuvendit t\u00eb Republik\u00ebs s\u00eb Kosov\u00ebs, Glauk Konjufca - KW4W","og_description":"Drejtoresha e KW4W, Iliriana Jaka Gashi dhe p\u00ebrfaq\u00ebsueset e organizatave vendore e nd\u00ebrkomb\u00ebtare, aktiviste dhe avokuese t\u00eb \u00e7\u00ebshtjeve gjinore mor\u00ebn pjese n\u00eb takimin e organizuar nga Kryetari i Kuvendit t\u00eb Republik\u00ebs s\u00eb Kosov\u00ebs, Glauk Konjufca. N\u00eb k\u00ebt\u00eb takim u diskutua p\u00ebr nevoj\u00ebn e forcimit t\u00eb rolit t\u00eb Kuvendit n\u00eb avancimin e legjislacionit, me fokus n\u00eb [&hellip;]","og_url":"https:\/\/www.k-w4w.org\/en\/drejtoresha-e-kw4w-iliriana-jaka-gashi-mori-pjese-ne-takimin-e-organizuar-nga-kryetari-i-kuvendit-te-republikes-se-kosoves-glauk-konjufca\/","og_site_name":"KW4W","article_publisher":"https:\/\/www.facebook.com\/KosovaWomen4Women","article_published_time":"2022-12-08T14:19:01+00:00","article_modified_time":"2023-02-23T14:24:57+00:00","og_image":[{"width":2048,"height":1367,"url":"https:\/\/www.k-w4w.org\/wp-content\/uploads\/2023\/02\/kuuv.jpg","type":"image\/jpeg"}],"author":"kw4w","twitter_card":"summary_large_image","twitter_misc":{"Written by":"kw4w","Est. reading time":"1 minute"},"schema":{"@context":"https:\/\/schema.org","@graph":[{"@type":"Article","@id":"https:\/\/www.k-w4w.org\/drejtoresha-e-kw4w-iliriana-jaka-gashi-mori-pjese-ne-takimin-e-organizuar-nga-kryetari-i-kuvendit-te-republikes-se-kosoves-glauk-konjufca\/#article","isPartOf":{"@id":"https:\/\/www.k-w4w.org\/drejtoresha-e-kw4w-iliriana-jaka-gashi-mori-pjese-ne-takimin-e-organizuar-nga-kryetari-i-kuvendit-te-republikes-se-kosoves-glauk-konjufca\/"},"author":{"name":"kw4w","@id":"https:\/\/www.k-w4w.org\/en\/#\/schema\/person\/bea620f132061dd98aa21df3225035f4"},"headline":"Drejtoresha e KW4W, Iliriana Jaka Gashi mori pjes\u00eb n\u00eb takimin e organizuar nga Kryetari i Kuvendit t\u00eb Republik\u00ebs s\u00eb Kosov\u00ebs, Glauk Konjufca","datePublished":"2022-12-08T14:19:01+00:00","dateModified":"2023-02-23T14:24:57+00:00","mainEntityOfPage":{"@id":"https:\/\/www.k-w4w.org\/drejtoresha-e-kw4w-iliriana-jaka-gashi-mori-pjese-ne-takimin-e-organizuar-nga-kryetari-i-kuvendit-te-republikes-se-kosoves-glauk-konjufca\/"},"wordCount":249,"commentCount":0,"publisher":{"@id":"https:\/\/www.k-w4w.org\/en\/#organization"},"image":{"@id":"https:\/\/www.k-w4w.org\/drejtoresha-e-kw4w-iliriana-jaka-gashi-mori-pjese-ne-takimin-e-organizuar-nga-kryetari-i-kuvendit-te-republikes-se-kosoves-glauk-konjufca\/#primaryimage"},"thumbnailUrl":"https:\/\/www.k-w4w.org\/wp-content\/uploads\/2023\/02\/kuuv.jpg","articleSection":["Lajme"],"inLanguage":"en-US","potentialAction":[{"@type":"CommentAction","name":"Comment","target":["https:\/\/www.k-w4w.org\/drejtoresha-e-kw4w-iliriana-jaka-gashi-mori-pjese-ne-takimin-e-organizuar-nga-kryetari-i-kuvendit-te-republikes-se-kosoves-glauk-konjufca\/#respond"]}]},{"@type":"WebPage","@id":"https:\/\/www.k-w4w.org\/drejtoresha-e-kw4w-iliriana-jaka-gashi-mori-pjese-ne-takimin-e-organizuar-nga-kryetari-i-kuvendit-te-republikes-se-kosoves-glauk-konjufca\/","url":"https:\/\/www.k-w4w.org\/drejtoresha-e-kw4w-iliriana-jaka-gashi-mori-pjese-ne-takimin-e-organizuar-nga-kryetari-i-kuvendit-te-republikes-se-kosoves-glauk-konjufca\/","name":"Drejtoresha e KW4W, Iliriana Jaka Gashi mori pjes\u00eb n\u00eb takimin e organizuar nga Kryetari i Kuvendit t\u00eb Republik\u00ebs s\u00eb Kosov\u00ebs, Glauk Konjufca - KW4W","isPartOf":{"@id":"https:\/\/www.k-w4w.org\/en\/#website"},"primaryImageOfPage":{"@id":"https:\/\/www.k-w4w.org\/drejtoresha-e-kw4w-iliriana-jaka-gashi-mori-pjese-ne-takimin-e-organizuar-nga-kryetari-i-kuvendit-te-republikes-se-kosoves-glauk-konjufca\/#primaryimage"},"image":{"@id":"https:\/\/www.k-w4w.org\/drejtoresha-e-kw4w-iliriana-jaka-gashi-mori-pjese-ne-takimin-e-organizuar-nga-kryetari-i-kuvendit-te-republikes-se-kosoves-glauk-konjufca\/#primaryimage"},"thumbnailUrl":"https:\/\/www.k-w4w.org\/wp-content\/uploads\/2023\/02\/kuuv.jpg","datePublished":"2022-12-08T14:19:01+00:00","dateModified":"2023-02-23T14:24:57+00:00","breadcrumb":{"@id":"https:\/\/www.k-w4w.org\/drejtoresha-e-kw4w-iliriana-jaka-gashi-mori-pjese-ne-takimin-e-organizuar-nga-kryetari-i-kuvendit-te-republikes-se-kosoves-glauk-konjufca\/#breadcrumb"},"inLanguage":"en-US","potentialAction":[{"@type":"ReadAction","target":["https:\/\/www.k-w4w.org\/drejtoresha-e-kw4w-iliriana-jaka-gashi-mori-pjese-ne-takimin-e-organizuar-nga-kryetari-i-kuvendit-te-republikes-se-kosoves-glauk-konjufca\/"]}]},{"@type":"ImageObject","inLanguage":"en-US","@id":"https:\/\/www.k-w4w.org\/drejtoresha-e-kw4w-iliriana-jaka-gashi-mori-pjese-ne-takimin-e-organizuar-nga-kryetari-i-kuvendit-te-republikes-se-kosoves-glauk-konjufca\/#primaryimage","url":"https:\/\/www.k-w4w.org\/wp-content\/uploads\/2023\/02\/kuuv.jpg","contentUrl":"https:\/\/www.k-w4w.org\/wp-content\/uploads\/2023\/02\/kuuv.jpg","width":2048,"height":1367},{"@type":"BreadcrumbList","@id":"https:\/\/www.k-w4w.org\/drejtoresha-e-kw4w-iliriana-jaka-gashi-mori-pjese-ne-takimin-e-organizuar-nga-kryetari-i-kuvendit-te-republikes-se-kosoves-glauk-konjufca\/#breadcrumb","itemListElement":[{"@type":"ListItem","position":1,"name":"Home","item":"https:\/\/www.k-w4w.org\/"},{"@type":"ListItem","position":2,"name":"Drejtoresha e KW4W, Iliriana Jaka Gashi mori pjes\u00eb n\u00eb takimin e organizuar nga Kryetari i Kuvendit t\u00eb Republik\u00ebs s\u00eb Kosov\u00ebs, Glauk Konjufca"}]},{"@type":"WebSite","@id":"https:\/\/www.k-w4w.org\/en\/#website","url":"https:\/\/www.k-w4w.org\/en\/","name":"KW4W","description":"","publisher":{"@id":"https:\/\/www.k-w4w.org\/en\/#organization"},"potentialAction":[{"@type":"SearchAction","target":{"@type":"EntryPoint","urlTemplate":"https:\/\/www.k-w4w.org\/en\/?s={search_term_string}"},"query-input":{"@type":"PropertyValueSpecification","valueRequired":true,"valueName":"search_term_string"}}],"inLanguage":"en-US"},{"@type":"Organization","@id":"https:\/\/www.k-w4w.org\/en\/#organization","name":"KW4W","url":"https:\/\/www.k-w4w.org\/en\/","logo":{"@type":"ImageObject","inLanguage":"en-US","@id":"https:\/\/www.k-w4w.org\/en\/#\/schema\/logo\/image\/","url":"https:\/\/www.k-w4w.org\/wp-content\/uploads\/2023\/02\/cropped-wfwi_logo_color_gradient_cmyk.jpg","contentUrl":"https:\/\/www.k-w4w.org\/wp-content\/uploads\/2023\/02\/cropped-wfwi_logo_color_gradient_cmyk.jpg","width":1243,"height":199,"caption":"KW4W"},"image":{"@id":"https:\/\/www.k-w4w.org\/en\/#\/schema\/logo\/image\/"},"sameAs":["https:\/\/www.facebook.com\/KosovaWomen4Women","https:\/\/www.instagram.com\/womenforwomenkosova\/"]},{"@type":"Person","@id":"https:\/\/www.k-w4w.org\/en\/#\/schema\/person\/bea620f132061dd98aa21df3225035f4","name":"kw4w","image":{"@type":"ImageObject","inLanguage":"en-US","@id":"https:\/\/www.k-w4w.org\/en\/#\/schema\/person\/image\/","url":"https:\/\/secure.gravatar.com\/avatar\/35dca332a41f9d006f5b77ee9d9b90ed02181b4dcf7b166dcf848cb4e40abd74?s=96&d=mm&r=g","contentUrl":"https:\/\/secure.gravatar.com\/avatar\/35dca332a41f9d006f5b77ee9d9b90ed02181b4dcf7b166dcf848cb4e40abd74?s=96&d=mm&r=g","caption":"kw4w"},"sameAs":["https:\/\/www.k-w4w.org\/"],"url":"https:\/\/www.k-w4w.org\/en\/author\/kw4w\/"}]}},"_links":{"self":[{"href":"https:\/\/www.k-w4w.org\/en\/wp-json\/wp\/v2\/posts\/15948","targetHints":{"allow":["GET"]}}],"collection":[{"href":"https:\/\/www.k-w4w.org\/en\/wp-json\/wp\/v2\/posts"}],"about":[{"href":"https:\/\/www.k-w4w.org\/en\/wp-json\/wp\/v2\/types\/post"}],"author":[{"embeddable":true,"href":"https:\/\/www.k-w4w.org\/en\/wp-json\/wp\/v2\/users\/2"}],"replies":[{"embeddable":true,"href":"https:\/\/www.k-w4w.org\/en\/wp-json\/wp\/v2\/comments?post=15948"}],"version-history":[{"count":1,"href":"https:\/\/www.k-w4w.org\/en\/wp-json\/wp\/v2\/posts\/15948\/revisions"}],"predecessor-version":[{"id":15950,"href":"https:\/\/www.k-w4w.org\/en\/wp-json\/wp\/v2\/posts\/15948\/revisions\/15950"}],"wp:featuredmedia":[{"embeddable":true,"href":"https:\/\/www.k-w4w.org\/en\/wp-json\/wp\/v2\/media\/15949"}],"wp:attachment":[{"href":"https:\/\/www.k-w4w.org\/en\/wp-json\/wp\/v2\/media?parent=15948"}],"wp:term":[{"taxonomy":"category","embeddable":true,"href":"https:\/\/www.k-w4w.org\/en\/wp-json\/wp\/v2\/categories?post=15948"},{"taxonomy":"post_tag","embeddable":true,"href":"https:\/\/www.k-w4w.org\/en\/wp-json\/wp\/v2\/tags?post=15948"}],"curies":[{"name":"wp","href":"https:\/\/api.w.org\/{rel}","templated":true}]}}