{"id":15988,"date":"2023-02-23T09:01:14","date_gmt":"2023-02-23T09:01:14","guid":{"rendered":"https:\/\/www.k-w4w.org\/?p=15988"},"modified":"2023-02-27T09:02:40","modified_gmt":"2023-02-27T09:02:40","slug":"faza-e-dyte-e-projektit-mundesite-e-permiresuara-te-vetepunesimit-dhe-punesimit","status":"publish","type":"post","link":"https:\/\/www.k-w4w.org\/en\/faza-e-dyte-e-projektit-mundesite-e-permiresuara-te-vetepunesimit-dhe-punesimit\/","title":{"rendered":"Faza e dyt\u00eb e projektit &#8220;Mund\u00ebsit\u00eb e p\u00ebrmir\u00ebsuara t\u00eb vet\u00ebpun\u00ebsimit dhe pun\u00ebsimit&#8221;"},"content":{"rendered":"<div class=\"x11i5rnm xat24cr x1mh8g0r x1vvkbs xtlvy1s x126k92a\">\n<div dir=\"auto\">Kemi knaq\u00ebsin\u00eb t\u00eb lansojm\u00eb faz\u00ebn e dyt\u00eb t\u00eb projektit &#8220;Mund\u00ebsit\u00eb e p\u00ebrmir\u00ebsuara t\u00eb vet\u00ebpun\u00ebsimit dhe pun\u00ebsimit&#8221;, q\u00eb synon fuqizimin e grave t\u00eb cilave iu mungojn\u00eb mund\u00ebsit\u00eb n\u00eb tregun e pun\u00ebs. Kjo nism\u00eb do t\u00eb ofroj\u00eb trajnime dhe mund\u00ebsi p\u00ebr t\u00eb ndihmuar grat\u00eb t\u00eb zhvillojn\u00eb aft\u00ebsi t\u00eb reja, t\u00eb fillojn\u00eb biznese ose t\u00eb gjejn\u00eb nj\u00eb pun\u00eb t\u00eb q\u00ebndrueshme. Ne besojm\u00eb se \u00e7do grua meriton mund\u00ebsin\u00eb p\u00ebr t\u00eb krijuar nj\u00eb t\u00eb ardhme m\u00eb t\u00eb mir\u00eb p\u00ebr veten dhe familjen e saj.<\/div>\n<\/div>\n<div class=\"x11i5rnm xat24cr x1mh8g0r x1vvkbs xtlvy1s x126k92a\">\n<div dir=\"auto\">Shprehim nj\u00eb fal\u00ebnderim t\u00eb ve\u00e7ant\u00eb p\u00ebr fol\u00ebsit tan\u00eb q\u00eb n\u2019a nderuan me pranin\u00eb e tyre dhe ndan\u00eb fjal\u00ebt e tyre frym\u00ebzuese t\u00eb mb\u00ebshtetjes. I jemi mir\u00ebnjoh\u00ebs znj. \ud835\udc12\ud835\udc1a\ud835\udc27\ud835\udc1d\ud835\udc2b\ud835\udc1a \ud835\udc07\ud835\udc28\ud835\udc2b\ud835\udc22\ud835\udc27\ud835\udc1a \u2013 Drejtore e ADA <a class=\"x1i10hfl xjbqb8w x6umtig x1b1mbwd xaqea5y xav7gou x9f619 x1ypdohk xt0psk2 xe8uvvx xdj266r x11i5rnm xat24cr x1mh8g0r xexx8yu x4uap5 x18d9i69 xkhd6sd x16tdsg8 x1hl2dhg xggy1nq x1a2a7pz xt0b8zv x1qq9wsj xo1l8bm\" tabindex=\"0\" role=\"link\" href=\"https:\/\/www.facebook.com\/austriandevelopmentagency?__cft__[0]=AZWVl8B5Fnio_dO-KALQwx_C0hiseiLDVAPIgyEL9Sw_pPhFAAvXiyyIATKd6RfmhYbdXIpFkPZ4-y5aHM8h3dOg_WhYtrSc3pirhePbXd6k4nDNdzjipPAVURIW3UvXDo2hTTfQsGwpC5TOxTG08xYRFVFeIio7bslijdc_RSF2ZlLSjScQK4O_6Jja1umLy40&amp;__tn__=-]K-R\"><span class=\"xt0psk2\">Austrian Development Agency<\/span><\/a>, p\u00ebr angazhimin e saj t\u00eb pal\u00ebkundur n\u00eb mb\u00ebshtetjen e nismave q\u00eb fuqizojn\u00eb grat\u00eb n\u00eb komunitetin ton\u00eb. I jemi mir\u00ebnjoh\u00ebs edhe z. \ud835\udc03\ud835\udc22\ud835\udc1a\ud835\udc26\ud835\udc1a\ud835\udc27\ud835\udc2d \ud835\udc01\ud835\udc32\ud835\udc2d\ud835\udc32\ud835\udc2a\ud835\udc22, n\u00ebnkryetar i Komun\u00ebs s\u00eb Lipjanit, p\u00ebr fjal\u00ebt inkurajuese dhe p\u00ebrkrah\u00ebse p\u00ebr projektin ton\u00eb. Dhe s\u00eb fundi, d\u00ebshirojm\u00eb t\u00eb shprehim fal\u00ebnderimet tona t\u00eb p\u00ebrzem\u00ebrta p\u00ebr znj. \ud835\udc0d\ud835\udc1a\ud835\udc22\ud835\udc26\ud835\udc1e \ud835\udc13\ud835\udc1a\ud835\udc1f\ud835\udc1a, grantiste e faz\u00ebs s\u00eb par\u00eb t\u00eb projektit, p\u00ebr tregimin e saj t\u00eb fuqish\u00ebm t\u00eb transformimit dhe ndikimin q\u00eb ky projekt ka pasur n\u00eb jet\u00ebn e saj.<\/div>\n<\/div>\n<div class=\"x11i5rnm xat24cr x1mh8g0r x1vvkbs xtlvy1s x126k92a\">\n<div dir=\"auto\">Bashkohuni me ne n\u00eb mb\u00ebshtetjen e k\u00ebtij projekti jetik dhe le t\u00eb ndihmojm\u00eb t\u00eb ndikojm\u00eb pozitivisht n\u00eb komunitetin ton\u00eb. S\u00eb bashku, ne mund t\u00eb fuqizojm\u00eb grat\u00eb dhe t\u00eb nd\u00ebrtojm\u00eb nj\u00eb t\u00eb ardhme m\u00eb t\u00eb ndritshme p\u00ebr t\u00eb gjith\u00eb.<\/div>\n<\/div>\n","protected":false},"excerpt":{"rendered":"<p>Kemi knaq\u00ebsin\u00eb t\u00eb lansojm\u00eb faz\u00ebn e dyt\u00eb t\u00eb projektit &#8220;Mund\u00ebsit\u00eb e p\u00ebrmir\u00ebsuara t\u00eb vet\u00ebpun\u00ebsimit dhe pun\u00ebsimit&#8221;, q\u00eb synon fuqizimin e grave t\u00eb cilave iu mungojn\u00eb mund\u00ebsit\u00eb n\u00eb tregun e pun\u00ebs. Kjo nism\u00eb do t\u00eb ofroj\u00eb trajnime dhe mund\u00ebsi p\u00ebr t\u00eb ndihmuar grat\u00eb t\u00eb zhvillojn\u00eb aft\u00ebsi t\u00eb reja, t\u00eb fillojn\u00eb biznese ose t\u00eb gjejn\u00eb nj\u00eb pun\u00eb [&hellip;]<\/p>\n","protected":false},"author":2,"featured_media":15989,"comment_status":"open","ping_status":"open","sticky":false,"template":"","format":"standard","meta":{"footnotes":""},"categories":[59],"tags":[],"class_list":["post-15988","post","type-post","status-publish","format-standard","has-post-thumbnail","hentry","category-lajme"],"yoast_head":"<!-- This site is optimized with the Yoast SEO plugin v27.0 - https:\/\/yoast.com\/product\/yoast-seo-wordpress\/ -->\n<title>Faza e dyt\u00eb e projektit &quot;Mund\u00ebsit\u00eb e p\u00ebrmir\u00ebsuara t\u00eb vet\u00ebpun\u00ebsimit dhe pun\u00ebsimit&quot; - KW4W<\/title>\n<meta name=\"robots\" content=\"index, follow, max-snippet:-1, max-image-preview:large, max-video-preview:-1\" \/>\n<link rel=\"canonical\" href=\"https:\/\/www.k-w4w.org\/en\/faza-e-dyte-e-projektit-mundesite-e-permiresuara-te-vetepunesimit-dhe-punesimit\/\" \/>\n<meta property=\"og:locale\" content=\"en_US\" \/>\n<meta property=\"og:type\" content=\"article\" \/>\n<meta property=\"og:title\" content=\"Faza e dyt\u00eb e projektit &quot;Mund\u00ebsit\u00eb e p\u00ebrmir\u00ebsuara t\u00eb vet\u00ebpun\u00ebsimit dhe pun\u00ebsimit&quot; - KW4W\" \/>\n<meta property=\"og:description\" content=\"Kemi knaq\u00ebsin\u00eb t\u00eb lansojm\u00eb faz\u00ebn e dyt\u00eb t\u00eb projektit &#8220;Mund\u00ebsit\u00eb e p\u00ebrmir\u00ebsuara t\u00eb vet\u00ebpun\u00ebsimit dhe pun\u00ebsimit&#8221;, q\u00eb synon fuqizimin e grave t\u00eb cilave iu mungojn\u00eb mund\u00ebsit\u00eb n\u00eb tregun e pun\u00ebs. Kjo nism\u00eb do t\u00eb ofroj\u00eb trajnime dhe mund\u00ebsi p\u00ebr t\u00eb ndihmuar grat\u00eb t\u00eb zhvillojn\u00eb aft\u00ebsi t\u00eb reja, t\u00eb fillojn\u00eb biznese ose t\u00eb gjejn\u00eb nj\u00eb pun\u00eb [&hellip;]\" \/>\n<meta property=\"og:url\" content=\"https:\/\/www.k-w4w.org\/en\/faza-e-dyte-e-projektit-mundesite-e-permiresuara-te-vetepunesimit-dhe-punesimit\/\" \/>\n<meta property=\"og:site_name\" content=\"KW4W\" \/>\n<meta property=\"article:publisher\" content=\"https:\/\/www.facebook.com\/KosovaWomen4Women\" \/>\n<meta property=\"article:published_time\" content=\"2023-02-23T09:01:14+00:00\" \/>\n<meta property=\"article:modified_time\" content=\"2023-02-27T09:02:40+00:00\" \/>\n<meta property=\"og:image\" content=\"https:\/\/www.k-w4w.org\/wp-content\/uploads\/2023\/02\/kush.jpg\" \/>\n\t<meta property=\"og:image:width\" content=\"2048\" \/>\n\t<meta property=\"og:image:height\" content=\"1365\" \/>\n\t<meta property=\"og:image:type\" content=\"image\/jpeg\" \/>\n<meta name=\"author\" content=\"kw4w\" \/>\n<meta name=\"twitter:card\" content=\"summary_large_image\" \/>\n<meta name=\"twitter:label1\" content=\"Written by\" \/>\n\t<meta name=\"twitter:data1\" content=\"kw4w\" \/>\n\t<meta name=\"twitter:label2\" content=\"Est. reading time\" \/>\n\t<meta name=\"twitter:data2\" content=\"1 minute\" \/>\n<script type=\"application\/ld+json\" class=\"yoast-schema-graph\">{\"@context\":\"https:\/\/schema.org\",\"@graph\":[{\"@type\":\"Article\",\"@id\":\"https:\/\/www.k-w4w.org\/faza-e-dyte-e-projektit-mundesite-e-permiresuara-te-vetepunesimit-dhe-punesimit\/#article\",\"isPartOf\":{\"@id\":\"https:\/\/www.k-w4w.org\/faza-e-dyte-e-projektit-mundesite-e-permiresuara-te-vetepunesimit-dhe-punesimit\/\"},\"author\":{\"name\":\"kw4w\",\"@id\":\"https:\/\/www.k-w4w.org\/en\/#\/schema\/person\/bea620f132061dd98aa21df3225035f4\"},\"headline\":\"Faza e dyt\u00eb e projektit &#8220;Mund\u00ebsit\u00eb e p\u00ebrmir\u00ebsuara t\u00eb vet\u00ebpun\u00ebsimit dhe pun\u00ebsimit&#8221;\",\"datePublished\":\"2023-02-23T09:01:14+00:00\",\"dateModified\":\"2023-02-27T09:02:40+00:00\",\"mainEntityOfPage\":{\"@id\":\"https:\/\/www.k-w4w.org\/faza-e-dyte-e-projektit-mundesite-e-permiresuara-te-vetepunesimit-dhe-punesimit\/\"},\"wordCount\":292,\"commentCount\":0,\"publisher\":{\"@id\":\"https:\/\/www.k-w4w.org\/en\/#organization\"},\"image\":{\"@id\":\"https:\/\/www.k-w4w.org\/faza-e-dyte-e-projektit-mundesite-e-permiresuara-te-vetepunesimit-dhe-punesimit\/#primaryimage\"},\"thumbnailUrl\":\"https:\/\/www.k-w4w.org\/wp-content\/uploads\/2023\/02\/kush.jpg\",\"articleSection\":[\"Lajme\"],\"inLanguage\":\"en-US\",\"potentialAction\":[{\"@type\":\"CommentAction\",\"name\":\"Comment\",\"target\":[\"https:\/\/www.k-w4w.org\/faza-e-dyte-e-projektit-mundesite-e-permiresuara-te-vetepunesimit-dhe-punesimit\/#respond\"]}]},{\"@type\":\"WebPage\",\"@id\":\"https:\/\/www.k-w4w.org\/faza-e-dyte-e-projektit-mundesite-e-permiresuara-te-vetepunesimit-dhe-punesimit\/\",\"url\":\"https:\/\/www.k-w4w.org\/faza-e-dyte-e-projektit-mundesite-e-permiresuara-te-vetepunesimit-dhe-punesimit\/\",\"name\":\"Faza e dyt\u00eb e projektit \\\"Mund\u00ebsit\u00eb e p\u00ebrmir\u00ebsuara t\u00eb vet\u00ebpun\u00ebsimit dhe pun\u00ebsimit\\\" - KW4W\",\"isPartOf\":{\"@id\":\"https:\/\/www.k-w4w.org\/en\/#website\"},\"primaryImageOfPage\":{\"@id\":\"https:\/\/www.k-w4w.org\/faza-e-dyte-e-projektit-mundesite-e-permiresuara-te-vetepunesimit-dhe-punesimit\/#primaryimage\"},\"image\":{\"@id\":\"https:\/\/www.k-w4w.org\/faza-e-dyte-e-projektit-mundesite-e-permiresuara-te-vetepunesimit-dhe-punesimit\/#primaryimage\"},\"thumbnailUrl\":\"https:\/\/www.k-w4w.org\/wp-content\/uploads\/2023\/02\/kush.jpg\",\"datePublished\":\"2023-02-23T09:01:14+00:00\",\"dateModified\":\"2023-02-27T09:02:40+00:00\",\"breadcrumb\":{\"@id\":\"https:\/\/www.k-w4w.org\/faza-e-dyte-e-projektit-mundesite-e-permiresuara-te-vetepunesimit-dhe-punesimit\/#breadcrumb\"},\"inLanguage\":\"en-US\",\"potentialAction\":[{\"@type\":\"ReadAction\",\"target\":[\"https:\/\/www.k-w4w.org\/faza-e-dyte-e-projektit-mundesite-e-permiresuara-te-vetepunesimit-dhe-punesimit\/\"]}]},{\"@type\":\"ImageObject\",\"inLanguage\":\"en-US\",\"@id\":\"https:\/\/www.k-w4w.org\/faza-e-dyte-e-projektit-mundesite-e-permiresuara-te-vetepunesimit-dhe-punesimit\/#primaryimage\",\"url\":\"https:\/\/www.k-w4w.org\/wp-content\/uploads\/2023\/02\/kush.jpg\",\"contentUrl\":\"https:\/\/www.k-w4w.org\/wp-content\/uploads\/2023\/02\/kush.jpg\",\"width\":2048,\"height\":1365},{\"@type\":\"BreadcrumbList\",\"@id\":\"https:\/\/www.k-w4w.org\/faza-e-dyte-e-projektit-mundesite-e-permiresuara-te-vetepunesimit-dhe-punesimit\/#breadcrumb\",\"itemListElement\":[{\"@type\":\"ListItem\",\"position\":1,\"name\":\"Home\",\"item\":\"https:\/\/www.k-w4w.org\/\"},{\"@type\":\"ListItem\",\"position\":2,\"name\":\"Faza e dyt\u00eb e projektit &#8220;Mund\u00ebsit\u00eb e p\u00ebrmir\u00ebsuara t\u00eb vet\u00ebpun\u00ebsimit dhe pun\u00ebsimit&#8221;\"}]},{\"@type\":\"WebSite\",\"@id\":\"https:\/\/www.k-w4w.org\/en\/#website\",\"url\":\"https:\/\/www.k-w4w.org\/en\/\",\"name\":\"KW4W\",\"description\":\"\",\"publisher\":{\"@id\":\"https:\/\/www.k-w4w.org\/en\/#organization\"},\"potentialAction\":[{\"@type\":\"SearchAction\",\"target\":{\"@type\":\"EntryPoint\",\"urlTemplate\":\"https:\/\/www.k-w4w.org\/en\/?s={search_term_string}\"},\"query-input\":{\"@type\":\"PropertyValueSpecification\",\"valueRequired\":true,\"valueName\":\"search_term_string\"}}],\"inLanguage\":\"en-US\"},{\"@type\":\"Organization\",\"@id\":\"https:\/\/www.k-w4w.org\/en\/#organization\",\"name\":\"KW4W\",\"url\":\"https:\/\/www.k-w4w.org\/en\/\",\"logo\":{\"@type\":\"ImageObject\",\"inLanguage\":\"en-US\",\"@id\":\"https:\/\/www.k-w4w.org\/en\/#\/schema\/logo\/image\/\",\"url\":\"https:\/\/www.k-w4w.org\/wp-content\/uploads\/2023\/02\/cropped-wfwi_logo_color_gradient_cmyk.jpg\",\"contentUrl\":\"https:\/\/www.k-w4w.org\/wp-content\/uploads\/2023\/02\/cropped-wfwi_logo_color_gradient_cmyk.jpg\",\"width\":1243,\"height\":199,\"caption\":\"KW4W\"},\"image\":{\"@id\":\"https:\/\/www.k-w4w.org\/en\/#\/schema\/logo\/image\/\"},\"sameAs\":[\"https:\/\/www.facebook.com\/KosovaWomen4Women\",\"https:\/\/www.instagram.com\/womenforwomenkosova\/\"]},{\"@type\":\"Person\",\"@id\":\"https:\/\/www.k-w4w.org\/en\/#\/schema\/person\/bea620f132061dd98aa21df3225035f4\",\"name\":\"kw4w\",\"image\":{\"@type\":\"ImageObject\",\"inLanguage\":\"en-US\",\"@id\":\"https:\/\/www.k-w4w.org\/en\/#\/schema\/person\/image\/\",\"url\":\"https:\/\/secure.gravatar.com\/avatar\/35dca332a41f9d006f5b77ee9d9b90ed02181b4dcf7b166dcf848cb4e40abd74?s=96&d=mm&r=g\",\"contentUrl\":\"https:\/\/secure.gravatar.com\/avatar\/35dca332a41f9d006f5b77ee9d9b90ed02181b4dcf7b166dcf848cb4e40abd74?s=96&d=mm&r=g\",\"caption\":\"kw4w\"},\"sameAs\":[\"https:\/\/www.k-w4w.org\/\"],\"url\":\"https:\/\/www.k-w4w.org\/en\/author\/kw4w\/\"}]}<\/script>\n<!-- \/ Yoast SEO plugin. -->","yoast_head_json":{"title":"Faza e dyt\u00eb e projektit \"Mund\u00ebsit\u00eb e p\u00ebrmir\u00ebsuara t\u00eb vet\u00ebpun\u00ebsimit dhe pun\u00ebsimit\" - KW4W","robots":{"index":"index","follow":"follow","max-snippet":"max-snippet:-1","max-image-preview":"max-image-preview:large","max-video-preview":"max-video-preview:-1"},"canonical":"https:\/\/www.k-w4w.org\/en\/faza-e-dyte-e-projektit-mundesite-e-permiresuara-te-vetepunesimit-dhe-punesimit\/","og_locale":"en_US","og_type":"article","og_title":"Faza e dyt\u00eb e projektit \"Mund\u00ebsit\u00eb e p\u00ebrmir\u00ebsuara t\u00eb vet\u00ebpun\u00ebsimit dhe pun\u00ebsimit\" - KW4W","og_description":"Kemi knaq\u00ebsin\u00eb t\u00eb lansojm\u00eb faz\u00ebn e dyt\u00eb t\u00eb projektit &#8220;Mund\u00ebsit\u00eb e p\u00ebrmir\u00ebsuara t\u00eb vet\u00ebpun\u00ebsimit dhe pun\u00ebsimit&#8221;, q\u00eb synon fuqizimin e grave t\u00eb cilave iu mungojn\u00eb mund\u00ebsit\u00eb n\u00eb tregun e pun\u00ebs. Kjo nism\u00eb do t\u00eb ofroj\u00eb trajnime dhe mund\u00ebsi p\u00ebr t\u00eb ndihmuar grat\u00eb t\u00eb zhvillojn\u00eb aft\u00ebsi t\u00eb reja, t\u00eb fillojn\u00eb biznese ose t\u00eb gjejn\u00eb nj\u00eb pun\u00eb [&hellip;]","og_url":"https:\/\/www.k-w4w.org\/en\/faza-e-dyte-e-projektit-mundesite-e-permiresuara-te-vetepunesimit-dhe-punesimit\/","og_site_name":"KW4W","article_publisher":"https:\/\/www.facebook.com\/KosovaWomen4Women","article_published_time":"2023-02-23T09:01:14+00:00","article_modified_time":"2023-02-27T09:02:40+00:00","og_image":[{"width":2048,"height":1365,"url":"https:\/\/www.k-w4w.org\/wp-content\/uploads\/2023\/02\/kush.jpg","type":"image\/jpeg"}],"author":"kw4w","twitter_card":"summary_large_image","twitter_misc":{"Written by":"kw4w","Est. reading time":"1 minute"},"schema":{"@context":"https:\/\/schema.org","@graph":[{"@type":"Article","@id":"https:\/\/www.k-w4w.org\/faza-e-dyte-e-projektit-mundesite-e-permiresuara-te-vetepunesimit-dhe-punesimit\/#article","isPartOf":{"@id":"https:\/\/www.k-w4w.org\/faza-e-dyte-e-projektit-mundesite-e-permiresuara-te-vetepunesimit-dhe-punesimit\/"},"author":{"name":"kw4w","@id":"https:\/\/www.k-w4w.org\/en\/#\/schema\/person\/bea620f132061dd98aa21df3225035f4"},"headline":"Faza e dyt\u00eb e projektit &#8220;Mund\u00ebsit\u00eb e p\u00ebrmir\u00ebsuara t\u00eb vet\u00ebpun\u00ebsimit dhe pun\u00ebsimit&#8221;","datePublished":"2023-02-23T09:01:14+00:00","dateModified":"2023-02-27T09:02:40+00:00","mainEntityOfPage":{"@id":"https:\/\/www.k-w4w.org\/faza-e-dyte-e-projektit-mundesite-e-permiresuara-te-vetepunesimit-dhe-punesimit\/"},"wordCount":292,"commentCount":0,"publisher":{"@id":"https:\/\/www.k-w4w.org\/en\/#organization"},"image":{"@id":"https:\/\/www.k-w4w.org\/faza-e-dyte-e-projektit-mundesite-e-permiresuara-te-vetepunesimit-dhe-punesimit\/#primaryimage"},"thumbnailUrl":"https:\/\/www.k-w4w.org\/wp-content\/uploads\/2023\/02\/kush.jpg","articleSection":["Lajme"],"inLanguage":"en-US","potentialAction":[{"@type":"CommentAction","name":"Comment","target":["https:\/\/www.k-w4w.org\/faza-e-dyte-e-projektit-mundesite-e-permiresuara-te-vetepunesimit-dhe-punesimit\/#respond"]}]},{"@type":"WebPage","@id":"https:\/\/www.k-w4w.org\/faza-e-dyte-e-projektit-mundesite-e-permiresuara-te-vetepunesimit-dhe-punesimit\/","url":"https:\/\/www.k-w4w.org\/faza-e-dyte-e-projektit-mundesite-e-permiresuara-te-vetepunesimit-dhe-punesimit\/","name":"Faza e dyt\u00eb e projektit \"Mund\u00ebsit\u00eb e p\u00ebrmir\u00ebsuara t\u00eb vet\u00ebpun\u00ebsimit dhe pun\u00ebsimit\" - KW4W","isPartOf":{"@id":"https:\/\/www.k-w4w.org\/en\/#website"},"primaryImageOfPage":{"@id":"https:\/\/www.k-w4w.org\/faza-e-dyte-e-projektit-mundesite-e-permiresuara-te-vetepunesimit-dhe-punesimit\/#primaryimage"},"image":{"@id":"https:\/\/www.k-w4w.org\/faza-e-dyte-e-projektit-mundesite-e-permiresuara-te-vetepunesimit-dhe-punesimit\/#primaryimage"},"thumbnailUrl":"https:\/\/www.k-w4w.org\/wp-content\/uploads\/2023\/02\/kush.jpg","datePublished":"2023-02-23T09:01:14+00:00","dateModified":"2023-02-27T09:02:40+00:00","breadcrumb":{"@id":"https:\/\/www.k-w4w.org\/faza-e-dyte-e-projektit-mundesite-e-permiresuara-te-vetepunesimit-dhe-punesimit\/#breadcrumb"},"inLanguage":"en-US","potentialAction":[{"@type":"ReadAction","target":["https:\/\/www.k-w4w.org\/faza-e-dyte-e-projektit-mundesite-e-permiresuara-te-vetepunesimit-dhe-punesimit\/"]}]},{"@type":"ImageObject","inLanguage":"en-US","@id":"https:\/\/www.k-w4w.org\/faza-e-dyte-e-projektit-mundesite-e-permiresuara-te-vetepunesimit-dhe-punesimit\/#primaryimage","url":"https:\/\/www.k-w4w.org\/wp-content\/uploads\/2023\/02\/kush.jpg","contentUrl":"https:\/\/www.k-w4w.org\/wp-content\/uploads\/2023\/02\/kush.jpg","width":2048,"height":1365},{"@type":"BreadcrumbList","@id":"https:\/\/www.k-w4w.org\/faza-e-dyte-e-projektit-mundesite-e-permiresuara-te-vetepunesimit-dhe-punesimit\/#breadcrumb","itemListElement":[{"@type":"ListItem","position":1,"name":"Home","item":"https:\/\/www.k-w4w.org\/"},{"@type":"ListItem","position":2,"name":"Faza e dyt\u00eb e projektit &#8220;Mund\u00ebsit\u00eb e p\u00ebrmir\u00ebsuara t\u00eb vet\u00ebpun\u00ebsimit dhe pun\u00ebsimit&#8221;"}]},{"@type":"WebSite","@id":"https:\/\/www.k-w4w.org\/en\/#website","url":"https:\/\/www.k-w4w.org\/en\/","name":"KW4W","description":"","publisher":{"@id":"https:\/\/www.k-w4w.org\/en\/#organization"},"potentialAction":[{"@type":"SearchAction","target":{"@type":"EntryPoint","urlTemplate":"https:\/\/www.k-w4w.org\/en\/?s={search_term_string}"},"query-input":{"@type":"PropertyValueSpecification","valueRequired":true,"valueName":"search_term_string"}}],"inLanguage":"en-US"},{"@type":"Organization","@id":"https:\/\/www.k-w4w.org\/en\/#organization","name":"KW4W","url":"https:\/\/www.k-w4w.org\/en\/","logo":{"@type":"ImageObject","inLanguage":"en-US","@id":"https:\/\/www.k-w4w.org\/en\/#\/schema\/logo\/image\/","url":"https:\/\/www.k-w4w.org\/wp-content\/uploads\/2023\/02\/cropped-wfwi_logo_color_gradient_cmyk.jpg","contentUrl":"https:\/\/www.k-w4w.org\/wp-content\/uploads\/2023\/02\/cropped-wfwi_logo_color_gradient_cmyk.jpg","width":1243,"height":199,"caption":"KW4W"},"image":{"@id":"https:\/\/www.k-w4w.org\/en\/#\/schema\/logo\/image\/"},"sameAs":["https:\/\/www.facebook.com\/KosovaWomen4Women","https:\/\/www.instagram.com\/womenforwomenkosova\/"]},{"@type":"Person","@id":"https:\/\/www.k-w4w.org\/en\/#\/schema\/person\/bea620f132061dd98aa21df3225035f4","name":"kw4w","image":{"@type":"ImageObject","inLanguage":"en-US","@id":"https:\/\/www.k-w4w.org\/en\/#\/schema\/person\/image\/","url":"https:\/\/secure.gravatar.com\/avatar\/35dca332a41f9d006f5b77ee9d9b90ed02181b4dcf7b166dcf848cb4e40abd74?s=96&d=mm&r=g","contentUrl":"https:\/\/secure.gravatar.com\/avatar\/35dca332a41f9d006f5b77ee9d9b90ed02181b4dcf7b166dcf848cb4e40abd74?s=96&d=mm&r=g","caption":"kw4w"},"sameAs":["https:\/\/www.k-w4w.org\/"],"url":"https:\/\/www.k-w4w.org\/en\/author\/kw4w\/"}]}},"_links":{"self":[{"href":"https:\/\/www.k-w4w.org\/en\/wp-json\/wp\/v2\/posts\/15988","targetHints":{"allow":["GET"]}}],"collection":[{"href":"https:\/\/www.k-w4w.org\/en\/wp-json\/wp\/v2\/posts"}],"about":[{"href":"https:\/\/www.k-w4w.org\/en\/wp-json\/wp\/v2\/types\/post"}],"author":[{"embeddable":true,"href":"https:\/\/www.k-w4w.org\/en\/wp-json\/wp\/v2\/users\/2"}],"replies":[{"embeddable":true,"href":"https:\/\/www.k-w4w.org\/en\/wp-json\/wp\/v2\/comments?post=15988"}],"version-history":[{"count":1,"href":"https:\/\/www.k-w4w.org\/en\/wp-json\/wp\/v2\/posts\/15988\/revisions"}],"predecessor-version":[{"id":15990,"href":"https:\/\/www.k-w4w.org\/en\/wp-json\/wp\/v2\/posts\/15988\/revisions\/15990"}],"wp:featuredmedia":[{"embeddable":true,"href":"https:\/\/www.k-w4w.org\/en\/wp-json\/wp\/v2\/media\/15989"}],"wp:attachment":[{"href":"https:\/\/www.k-w4w.org\/en\/wp-json\/wp\/v2\/media?parent=15988"}],"wp:term":[{"taxonomy":"category","embeddable":true,"href":"https:\/\/www.k-w4w.org\/en\/wp-json\/wp\/v2\/categories?post=15988"},{"taxonomy":"post_tag","embeddable":true,"href":"https:\/\/www.k-w4w.org\/en\/wp-json\/wp\/v2\/tags?post=15988"}],"curies":[{"name":"wp","href":"https:\/\/api.w.org\/{rel}","templated":true}]}}