{"id":16026,"date":"2023-02-27T13:46:02","date_gmt":"2023-02-27T13:46:02","guid":{"rendered":"https:\/\/www.k-w4w.org\/?p=16026"},"modified":"2023-02-27T13:46:02","modified_gmt":"2023-02-27T13:46:02","slug":"seminari-ne-kuader-te-projektit-iwka-perfshirja-e-grave-ne-agrobiznesin-e-kosoves","status":"publish","type":"post","link":"https:\/\/www.k-w4w.org\/en\/seminari-ne-kuader-te-projektit-iwka-perfshirja-e-grave-ne-agrobiznesin-e-kosoves\/","title":{"rendered":"Seminari n\u00eb kuad\u00ebr t\u00eb projektit \u201cIWKA &#8211; P\u00ebrfshirja e grave n\u00eb agrobiznesin e Kosov\u00ebs\u201d"},"content":{"rendered":"<div>\n<div class=\"\" dir=\"auto\">\n<div id=\"jsc_c_2j\" class=\"x1iorvi4 x1pi30zi x1swvt13 x1l90r2v\" data-ad-comet-preview=\"message\" data-ad-preview=\"message\">\n<div class=\"x78zum5 xdt5ytf xz62fqu x16ldp7u\">\n<div class=\"xu06os2 x1ok221b\">\n<div class=\"x11i5rnm xat24cr x1mh8g0r x1vvkbs xdj266r x126k92a\">\n<div dir=\"auto\">N\u00eb kuad\u00ebr t\u00eb projektit \u201cIWKA &#8211; P\u00ebrfshirja e grave n\u00eb agrobiznesin e Kosov\u00ebs\u201d, n\u00eb Komun\u00ebn e Prishtin\u00ebs \u00ebsht\u00eb mbajtur seminari i cili ka trajtuar temat: Korniza ligjore n\u00eb fush\u00ebn e migracionit n\u00eb Kosov\u00eb dhe Reintegrimi i migrant\u00ebve n\u00eb Kosov\u00eb, t\u00eb ligjeruara nga ekspert\u00ebt e organizat\u00ebs partnere CRP\/K si dhe temat: Barazia Gjniore dhe E drejta n\u00eb Pron\u00eb t\u00eb ligjeruara nga trajnerja e organizat\u00ebs K-W4W.<\/div>\n<div dir=\"auto\">N\u00eb seminar kan\u00eb qen\u00eb prezente grat\u00eb p\u00ebrfituese t\u00eb grantit nga Komuna e Prishtin\u00ebs. Seminari do t\u00eb vazhdoj\u00eb edhe n\u00eb Komunat e tjera: Ferizaj. Gracanic\u00eb dhe Junik.<\/div>\n<\/div>\n<div class=\"x11i5rnm xat24cr x1mh8g0r x1vvkbs xtlvy1s x126k92a\">\n<div dir=\"auto\">Projekti IWKA &#8211; P\u00ebrfshirja e grave n\u00eb agrobiznesin e Kosov\u00ebs &#8211; P\u00ebrmir\u00ebsimi i statusit ekonomik dhe social t\u00eb grave n\u00eb Kosov\u00eb duke mb\u00ebshtetur agrobiznesin e udh\u00ebhequr nga grat\u00eb, synon fuqizimin e grave n\u00eb rrezik t\u00eb varf\u00ebris\u00eb dhe t\u00eb grave t\u00eb kthyera p\u00ebrmes p\u00ebrvet\u00ebsimit t\u00eb aft\u00ebsive bujq\u00ebsore, n\u00eb komun\u00ebn e Prishtin\u00ebs, Gra\u00e7anic\u00ebs, Ferizajit dhe Junikut. Projekti financohet nga Ministria Federale Gjermane p\u00ebr Bashk\u00ebpunim dhe Zhvillim Ekonomik (BMZ) p\u00ebrmes Engagement Global GgmbH, dhe implementohet nga CARE International dhe organizatat partnere lokale: Kosova-Women 4 Women (K-W4W) dhe Programi p\u00ebr t\u00eb Drejta Civile n\u00eb Kosov\u00eb (CRPK).<\/div>\n<\/div>\n<div class=\"x11i5rnm xat24cr x1mh8g0r x1vvkbs xtlvy1s x126k92a\">\n<div dir=\"auto\"><a class=\"x1i10hfl xjbqb8w x6umtig x1b1mbwd xaqea5y xav7gou x9f619 x1ypdohk xt0psk2 xe8uvvx xdj266r x11i5rnm xat24cr x1mh8g0r xexx8yu x4uap5 x18d9i69 xkhd6sd x16tdsg8 x1hl2dhg xggy1nq x1a2a7pz xt0b8zv x1qq9wsj xo1l8bm\" tabindex=\"0\" role=\"link\" href=\"https:\/\/www.facebook.com\/hashtag\/strongwomen?__eep__=6&amp;__cft__[0]=AZXEIqfL0B85cqihm1mrc6qXF_7tP0R-l6yGFrFu3qOxD5vU7lUjiCoBLkG53XejlzawKfjjBR84xtNgimHpBlxCkcnWt7MVJwF8G3gAyuo3HgT020T-4ICevP8LTQRJXX-A-kbjOLSYv2DsIaJ57tNDerQIwp8RZ7J04po7SOXU_K_Ui1yMeNgXFHEC4mLVpgu8yIilq9rgRkIxd3FBEbOFtwG4f7LbgN6-9SvqdgR3EQ&amp;__tn__=*NK-R\">#strongwomen<\/a><\/div>\n<div dir=\"auto\"><a class=\"x1i10hfl xjbqb8w x6umtig x1b1mbwd xaqea5y xav7gou x9f619 x1ypdohk xt0psk2 xe8uvvx xdj266r x11i5rnm xat24cr x1mh8g0r xexx8yu x4uap5 x18d9i69 xkhd6sd x16tdsg8 x1hl2dhg xggy1nq x1a2a7pz xt0b8zv x1qq9wsj xo1l8bm\" tabindex=\"0\" role=\"link\" href=\"https:\/\/www.facebook.com\/hashtag\/womensrigh?__eep__=6&amp;__cft__[0]=AZXEIqfL0B85cqihm1mrc6qXF_7tP0R-l6yGFrFu3qOxD5vU7lUjiCoBLkG53XejlzawKfjjBR84xtNgimHpBlxCkcnWt7MVJwF8G3gAyuo3HgT020T-4ICevP8LTQRJXX-A-kbjOLSYv2DsIaJ57tNDerQIwp8RZ7J04po7SOXU_K_Ui1yMeNgXFHEC4mLVpgu8yIilq9rgRkIxd3FBEbOFtwG4f7LbgN6-9SvqdgR3EQ&amp;__tn__=*NK-R\">#womensrigh<\/a><\/div>\n<div dir=\"auto\"><a class=\"x1i10hfl xjbqb8w x6umtig x1b1mbwd xaqea5y xav7gou x9f619 x1ypdohk xt0psk2 xe8uvvx xdj266r x11i5rnm xat24cr x1mh8g0r xexx8yu x4uap5 x18d9i69 xkhd6sd x16tdsg8 x1hl2dhg xggy1nq x1a2a7pz xt0b8zv x1qq9wsj xo1l8bm\" tabindex=\"0\" role=\"link\" href=\"https:\/\/www.facebook.com\/hashtag\/genderequality?__eep__=6&amp;__cft__[0]=AZXEIqfL0B85cqihm1mrc6qXF_7tP0R-l6yGFrFu3qOxD5vU7lUjiCoBLkG53XejlzawKfjjBR84xtNgimHpBlxCkcnWt7MVJwF8G3gAyuo3HgT020T-4ICevP8LTQRJXX-A-kbjOLSYv2DsIaJ57tNDerQIwp8RZ7J04po7SOXU_K_Ui1yMeNgXFHEC4mLVpgu8yIilq9rgRkIxd3FBEbOFtwG4f7LbgN6-9SvqdgR3EQ&amp;__tn__=*NK-R\">#genderequality<\/a><\/div>\n<div dir=\"auto\"><a class=\"x1i10hfl xjbqb8w x6umtig x1b1mbwd xaqea5y xav7gou x9f619 x1ypdohk xt0psk2 xe8uvvx xdj266r x11i5rnm xat24cr x1mh8g0r xexx8yu x4uap5 x18d9i69 xkhd6sd x16tdsg8 x1hl2dhg xggy1nq x1a2a7pz xt0b8zv x1qq9wsj xo1l8bm\" tabindex=\"0\" role=\"link\" href=\"https:\/\/www.facebook.com\/hashtag\/migration?__eep__=6&amp;__cft__[0]=AZXEIqfL0B85cqihm1mrc6qXF_7tP0R-l6yGFrFu3qOxD5vU7lUjiCoBLkG53XejlzawKfjjBR84xtNgimHpBlxCkcnWt7MVJwF8G3gAyuo3HgT020T-4ICevP8LTQRJXX-A-kbjOLSYv2DsIaJ57tNDerQIwp8RZ7J04po7SOXU_K_Ui1yMeNgXFHEC4mLVpgu8yIilq9rgRkIxd3FBEbOFtwG4f7LbgN6-9SvqdgR3EQ&amp;__tn__=*NK-R\">#migration\u00a0<\/a><\/div>\n<\/div>\n<\/div>\n<\/div>\n<\/div>\n<\/div>\n<\/div>\n<div>\n<div class=\"x168nmei x13lgxp2 x30kzoy x9jhf4c x6ikm8r x10wlt62\" data-visualcompletion=\"ignore-dynamic\">\n<div>\n<div>\n<div>\n<div class=\"x1n2onr6\">\n<div class=\"x6s0dn4 xi81zsa x78zum5 x6prxxf x13a6bvl xvq8zen xdj266r xktsk01 xat24cr x1d52u69 x889kno x4uap5 x1a8lsjc xkhd6sd xdppsyt\">\n<div class=\"x1c4vz4f x2lah0s xci0xqf\"><\/div>\n<div class=\"x9f619 x1n2onr6 x1ja2u2z x78zum5 x2lah0s x1qughib x1qjc9v5 xozqiw3 x1q0g3np xykv574 xbmpl8g x4cne27 xifccgj\"><\/div>\n<\/div>\n<\/div>\n<\/div>\n<\/div>\n<\/div>\n<\/div>\n<\/div>\n","protected":false},"excerpt":{"rendered":"<p>N\u00eb kuad\u00ebr t\u00eb projektit \u201cIWKA &#8211; P\u00ebrfshirja e grave n\u00eb agrobiznesin e Kosov\u00ebs\u201d, n\u00eb Komun\u00ebn e Prishtin\u00ebs \u00ebsht\u00eb mbajtur seminari i cili ka trajtuar temat: Korniza ligjore n\u00eb fush\u00ebn e migracionit n\u00eb Kosov\u00eb dhe Reintegrimi i migrant\u00ebve n\u00eb Kosov\u00eb, t\u00eb ligjeruara nga ekspert\u00ebt e organizat\u00ebs partnere CRP\/K si dhe temat: Barazia Gjniore dhe E drejta [&hellip;]<\/p>\n","protected":false},"author":2,"featured_media":16027,"comment_status":"open","ping_status":"open","sticky":false,"template":"","format":"standard","meta":{"footnotes":""},"categories":[59],"tags":[],"class_list":["post-16026","post","type-post","status-publish","format-standard","has-post-thumbnail","hentry","category-lajme"],"yoast_head":"<!-- This site is optimized with the Yoast SEO plugin v27.0 - https:\/\/yoast.com\/product\/yoast-seo-wordpress\/ -->\n<title>Seminari n\u00eb kuad\u00ebr t\u00eb projektit \u201cIWKA - P\u00ebrfshirja e grave n\u00eb agrobiznesin e Kosov\u00ebs\u201d - KW4W<\/title>\n<meta name=\"robots\" content=\"index, follow, max-snippet:-1, max-image-preview:large, max-video-preview:-1\" \/>\n<link rel=\"canonical\" href=\"https:\/\/www.k-w4w.org\/en\/seminari-ne-kuader-te-projektit-iwka-perfshirja-e-grave-ne-agrobiznesin-e-kosoves\/\" \/>\n<meta property=\"og:locale\" content=\"en_US\" \/>\n<meta property=\"og:type\" content=\"article\" \/>\n<meta property=\"og:title\" content=\"Seminari n\u00eb kuad\u00ebr t\u00eb projektit \u201cIWKA - P\u00ebrfshirja e grave n\u00eb agrobiznesin e Kosov\u00ebs\u201d - KW4W\" \/>\n<meta property=\"og:description\" content=\"N\u00eb kuad\u00ebr t\u00eb projektit \u201cIWKA &#8211; P\u00ebrfshirja e grave n\u00eb agrobiznesin e Kosov\u00ebs\u201d, n\u00eb Komun\u00ebn e Prishtin\u00ebs \u00ebsht\u00eb mbajtur seminari i cili ka trajtuar temat: Korniza ligjore n\u00eb fush\u00ebn e migracionit n\u00eb Kosov\u00eb dhe Reintegrimi i migrant\u00ebve n\u00eb Kosov\u00eb, t\u00eb ligjeruara nga ekspert\u00ebt e organizat\u00ebs partnere CRP\/K si dhe temat: Barazia Gjniore dhe E drejta [&hellip;]\" \/>\n<meta property=\"og:url\" content=\"https:\/\/www.k-w4w.org\/en\/seminari-ne-kuader-te-projektit-iwka-perfshirja-e-grave-ne-agrobiznesin-e-kosoves\/\" \/>\n<meta property=\"og:site_name\" content=\"KW4W\" \/>\n<meta property=\"article:publisher\" content=\"https:\/\/www.facebook.com\/KosovaWomen4Women\" \/>\n<meta property=\"article:published_time\" content=\"2023-02-27T13:46:02+00:00\" \/>\n<meta property=\"og:image\" content=\"https:\/\/www.k-w4w.org\/wp-content\/uploads\/2023\/02\/ikwa.jpg\" \/>\n\t<meta property=\"og:image:width\" content=\"2048\" \/>\n\t<meta property=\"og:image:height\" content=\"1536\" \/>\n\t<meta property=\"og:image:type\" content=\"image\/jpeg\" \/>\n<meta name=\"author\" content=\"kw4w\" \/>\n<meta name=\"twitter:card\" content=\"summary_large_image\" \/>\n<meta name=\"twitter:label1\" content=\"Written by\" \/>\n\t<meta name=\"twitter:data1\" content=\"kw4w\" \/>\n\t<meta name=\"twitter:label2\" content=\"Est. reading time\" \/>\n\t<meta name=\"twitter:data2\" content=\"1 minute\" \/>\n<script type=\"application\/ld+json\" class=\"yoast-schema-graph\">{\"@context\":\"https:\/\/schema.org\",\"@graph\":[{\"@type\":\"Article\",\"@id\":\"https:\/\/www.k-w4w.org\/seminari-ne-kuader-te-projektit-iwka-perfshirja-e-grave-ne-agrobiznesin-e-kosoves\/#article\",\"isPartOf\":{\"@id\":\"https:\/\/www.k-w4w.org\/seminari-ne-kuader-te-projektit-iwka-perfshirja-e-grave-ne-agrobiznesin-e-kosoves\/\"},\"author\":{\"name\":\"kw4w\",\"@id\":\"https:\/\/www.k-w4w.org\/en\/#\/schema\/person\/bea620f132061dd98aa21df3225035f4\"},\"headline\":\"Seminari n\u00eb kuad\u00ebr t\u00eb projektit \u201cIWKA &#8211; P\u00ebrfshirja e grave n\u00eb agrobiznesin e Kosov\u00ebs\u201d\",\"datePublished\":\"2023-02-27T13:46:02+00:00\",\"mainEntityOfPage\":{\"@id\":\"https:\/\/www.k-w4w.org\/seminari-ne-kuader-te-projektit-iwka-perfshirja-e-grave-ne-agrobiznesin-e-kosoves\/\"},\"wordCount\":237,\"commentCount\":0,\"publisher\":{\"@id\":\"https:\/\/www.k-w4w.org\/en\/#organization\"},\"image\":{\"@id\":\"https:\/\/www.k-w4w.org\/seminari-ne-kuader-te-projektit-iwka-perfshirja-e-grave-ne-agrobiznesin-e-kosoves\/#primaryimage\"},\"thumbnailUrl\":\"https:\/\/www.k-w4w.org\/wp-content\/uploads\/2023\/02\/ikwa.jpg\",\"articleSection\":[\"Lajme\"],\"inLanguage\":\"en-US\",\"potentialAction\":[{\"@type\":\"CommentAction\",\"name\":\"Comment\",\"target\":[\"https:\/\/www.k-w4w.org\/seminari-ne-kuader-te-projektit-iwka-perfshirja-e-grave-ne-agrobiznesin-e-kosoves\/#respond\"]}]},{\"@type\":\"WebPage\",\"@id\":\"https:\/\/www.k-w4w.org\/seminari-ne-kuader-te-projektit-iwka-perfshirja-e-grave-ne-agrobiznesin-e-kosoves\/\",\"url\":\"https:\/\/www.k-w4w.org\/seminari-ne-kuader-te-projektit-iwka-perfshirja-e-grave-ne-agrobiznesin-e-kosoves\/\",\"name\":\"Seminari n\u00eb kuad\u00ebr t\u00eb projektit \u201cIWKA - P\u00ebrfshirja e grave n\u00eb agrobiznesin e Kosov\u00ebs\u201d - KW4W\",\"isPartOf\":{\"@id\":\"https:\/\/www.k-w4w.org\/en\/#website\"},\"primaryImageOfPage\":{\"@id\":\"https:\/\/www.k-w4w.org\/seminari-ne-kuader-te-projektit-iwka-perfshirja-e-grave-ne-agrobiznesin-e-kosoves\/#primaryimage\"},\"image\":{\"@id\":\"https:\/\/www.k-w4w.org\/seminari-ne-kuader-te-projektit-iwka-perfshirja-e-grave-ne-agrobiznesin-e-kosoves\/#primaryimage\"},\"thumbnailUrl\":\"https:\/\/www.k-w4w.org\/wp-content\/uploads\/2023\/02\/ikwa.jpg\",\"datePublished\":\"2023-02-27T13:46:02+00:00\",\"breadcrumb\":{\"@id\":\"https:\/\/www.k-w4w.org\/seminari-ne-kuader-te-projektit-iwka-perfshirja-e-grave-ne-agrobiznesin-e-kosoves\/#breadcrumb\"},\"inLanguage\":\"en-US\",\"potentialAction\":[{\"@type\":\"ReadAction\",\"target\":[\"https:\/\/www.k-w4w.org\/seminari-ne-kuader-te-projektit-iwka-perfshirja-e-grave-ne-agrobiznesin-e-kosoves\/\"]}]},{\"@type\":\"ImageObject\",\"inLanguage\":\"en-US\",\"@id\":\"https:\/\/www.k-w4w.org\/seminari-ne-kuader-te-projektit-iwka-perfshirja-e-grave-ne-agrobiznesin-e-kosoves\/#primaryimage\",\"url\":\"https:\/\/www.k-w4w.org\/wp-content\/uploads\/2023\/02\/ikwa.jpg\",\"contentUrl\":\"https:\/\/www.k-w4w.org\/wp-content\/uploads\/2023\/02\/ikwa.jpg\",\"width\":2048,\"height\":1536},{\"@type\":\"BreadcrumbList\",\"@id\":\"https:\/\/www.k-w4w.org\/seminari-ne-kuader-te-projektit-iwka-perfshirja-e-grave-ne-agrobiznesin-e-kosoves\/#breadcrumb\",\"itemListElement\":[{\"@type\":\"ListItem\",\"position\":1,\"name\":\"Home\",\"item\":\"https:\/\/www.k-w4w.org\/\"},{\"@type\":\"ListItem\",\"position\":2,\"name\":\"Seminari n\u00eb kuad\u00ebr t\u00eb projektit \u201cIWKA &#8211; P\u00ebrfshirja e grave n\u00eb agrobiznesin e Kosov\u00ebs\u201d\"}]},{\"@type\":\"WebSite\",\"@id\":\"https:\/\/www.k-w4w.org\/en\/#website\",\"url\":\"https:\/\/www.k-w4w.org\/en\/\",\"name\":\"KW4W\",\"description\":\"\",\"publisher\":{\"@id\":\"https:\/\/www.k-w4w.org\/en\/#organization\"},\"potentialAction\":[{\"@type\":\"SearchAction\",\"target\":{\"@type\":\"EntryPoint\",\"urlTemplate\":\"https:\/\/www.k-w4w.org\/en\/?s={search_term_string}\"},\"query-input\":{\"@type\":\"PropertyValueSpecification\",\"valueRequired\":true,\"valueName\":\"search_term_string\"}}],\"inLanguage\":\"en-US\"},{\"@type\":\"Organization\",\"@id\":\"https:\/\/www.k-w4w.org\/en\/#organization\",\"name\":\"KW4W\",\"url\":\"https:\/\/www.k-w4w.org\/en\/\",\"logo\":{\"@type\":\"ImageObject\",\"inLanguage\":\"en-US\",\"@id\":\"https:\/\/www.k-w4w.org\/en\/#\/schema\/logo\/image\/\",\"url\":\"https:\/\/www.k-w4w.org\/wp-content\/uploads\/2023\/02\/cropped-wfwi_logo_color_gradient_cmyk.jpg\",\"contentUrl\":\"https:\/\/www.k-w4w.org\/wp-content\/uploads\/2023\/02\/cropped-wfwi_logo_color_gradient_cmyk.jpg\",\"width\":1243,\"height\":199,\"caption\":\"KW4W\"},\"image\":{\"@id\":\"https:\/\/www.k-w4w.org\/en\/#\/schema\/logo\/image\/\"},\"sameAs\":[\"https:\/\/www.facebook.com\/KosovaWomen4Women\",\"https:\/\/www.instagram.com\/womenforwomenkosova\/\"]},{\"@type\":\"Person\",\"@id\":\"https:\/\/www.k-w4w.org\/en\/#\/schema\/person\/bea620f132061dd98aa21df3225035f4\",\"name\":\"kw4w\",\"image\":{\"@type\":\"ImageObject\",\"inLanguage\":\"en-US\",\"@id\":\"https:\/\/www.k-w4w.org\/en\/#\/schema\/person\/image\/\",\"url\":\"https:\/\/secure.gravatar.com\/avatar\/35dca332a41f9d006f5b77ee9d9b90ed02181b4dcf7b166dcf848cb4e40abd74?s=96&d=mm&r=g\",\"contentUrl\":\"https:\/\/secure.gravatar.com\/avatar\/35dca332a41f9d006f5b77ee9d9b90ed02181b4dcf7b166dcf848cb4e40abd74?s=96&d=mm&r=g\",\"caption\":\"kw4w\"},\"sameAs\":[\"https:\/\/www.k-w4w.org\/\"],\"url\":\"https:\/\/www.k-w4w.org\/en\/author\/kw4w\/\"}]}<\/script>\n<!-- \/ Yoast SEO plugin. -->","yoast_head_json":{"title":"Seminari n\u00eb kuad\u00ebr t\u00eb projektit \u201cIWKA - P\u00ebrfshirja e grave n\u00eb agrobiznesin e Kosov\u00ebs\u201d - KW4W","robots":{"index":"index","follow":"follow","max-snippet":"max-snippet:-1","max-image-preview":"max-image-preview:large","max-video-preview":"max-video-preview:-1"},"canonical":"https:\/\/www.k-w4w.org\/en\/seminari-ne-kuader-te-projektit-iwka-perfshirja-e-grave-ne-agrobiznesin-e-kosoves\/","og_locale":"en_US","og_type":"article","og_title":"Seminari n\u00eb kuad\u00ebr t\u00eb projektit \u201cIWKA - P\u00ebrfshirja e grave n\u00eb agrobiznesin e Kosov\u00ebs\u201d - KW4W","og_description":"N\u00eb kuad\u00ebr t\u00eb projektit \u201cIWKA &#8211; P\u00ebrfshirja e grave n\u00eb agrobiznesin e Kosov\u00ebs\u201d, n\u00eb Komun\u00ebn e Prishtin\u00ebs \u00ebsht\u00eb mbajtur seminari i cili ka trajtuar temat: Korniza ligjore n\u00eb fush\u00ebn e migracionit n\u00eb Kosov\u00eb dhe Reintegrimi i migrant\u00ebve n\u00eb Kosov\u00eb, t\u00eb ligjeruara nga ekspert\u00ebt e organizat\u00ebs partnere CRP\/K si dhe temat: Barazia Gjniore dhe E drejta [&hellip;]","og_url":"https:\/\/www.k-w4w.org\/en\/seminari-ne-kuader-te-projektit-iwka-perfshirja-e-grave-ne-agrobiznesin-e-kosoves\/","og_site_name":"KW4W","article_publisher":"https:\/\/www.facebook.com\/KosovaWomen4Women","article_published_time":"2023-02-27T13:46:02+00:00","og_image":[{"width":2048,"height":1536,"url":"https:\/\/www.k-w4w.org\/wp-content\/uploads\/2023\/02\/ikwa.jpg","type":"image\/jpeg"}],"author":"kw4w","twitter_card":"summary_large_image","twitter_misc":{"Written by":"kw4w","Est. reading time":"1 minute"},"schema":{"@context":"https:\/\/schema.org","@graph":[{"@type":"Article","@id":"https:\/\/www.k-w4w.org\/seminari-ne-kuader-te-projektit-iwka-perfshirja-e-grave-ne-agrobiznesin-e-kosoves\/#article","isPartOf":{"@id":"https:\/\/www.k-w4w.org\/seminari-ne-kuader-te-projektit-iwka-perfshirja-e-grave-ne-agrobiznesin-e-kosoves\/"},"author":{"name":"kw4w","@id":"https:\/\/www.k-w4w.org\/en\/#\/schema\/person\/bea620f132061dd98aa21df3225035f4"},"headline":"Seminari n\u00eb kuad\u00ebr t\u00eb projektit \u201cIWKA &#8211; P\u00ebrfshirja e grave n\u00eb agrobiznesin e Kosov\u00ebs\u201d","datePublished":"2023-02-27T13:46:02+00:00","mainEntityOfPage":{"@id":"https:\/\/www.k-w4w.org\/seminari-ne-kuader-te-projektit-iwka-perfshirja-e-grave-ne-agrobiznesin-e-kosoves\/"},"wordCount":237,"commentCount":0,"publisher":{"@id":"https:\/\/www.k-w4w.org\/en\/#organization"},"image":{"@id":"https:\/\/www.k-w4w.org\/seminari-ne-kuader-te-projektit-iwka-perfshirja-e-grave-ne-agrobiznesin-e-kosoves\/#primaryimage"},"thumbnailUrl":"https:\/\/www.k-w4w.org\/wp-content\/uploads\/2023\/02\/ikwa.jpg","articleSection":["Lajme"],"inLanguage":"en-US","potentialAction":[{"@type":"CommentAction","name":"Comment","target":["https:\/\/www.k-w4w.org\/seminari-ne-kuader-te-projektit-iwka-perfshirja-e-grave-ne-agrobiznesin-e-kosoves\/#respond"]}]},{"@type":"WebPage","@id":"https:\/\/www.k-w4w.org\/seminari-ne-kuader-te-projektit-iwka-perfshirja-e-grave-ne-agrobiznesin-e-kosoves\/","url":"https:\/\/www.k-w4w.org\/seminari-ne-kuader-te-projektit-iwka-perfshirja-e-grave-ne-agrobiznesin-e-kosoves\/","name":"Seminari n\u00eb kuad\u00ebr t\u00eb projektit \u201cIWKA - P\u00ebrfshirja e grave n\u00eb agrobiznesin e Kosov\u00ebs\u201d - KW4W","isPartOf":{"@id":"https:\/\/www.k-w4w.org\/en\/#website"},"primaryImageOfPage":{"@id":"https:\/\/www.k-w4w.org\/seminari-ne-kuader-te-projektit-iwka-perfshirja-e-grave-ne-agrobiznesin-e-kosoves\/#primaryimage"},"image":{"@id":"https:\/\/www.k-w4w.org\/seminari-ne-kuader-te-projektit-iwka-perfshirja-e-grave-ne-agrobiznesin-e-kosoves\/#primaryimage"},"thumbnailUrl":"https:\/\/www.k-w4w.org\/wp-content\/uploads\/2023\/02\/ikwa.jpg","datePublished":"2023-02-27T13:46:02+00:00","breadcrumb":{"@id":"https:\/\/www.k-w4w.org\/seminari-ne-kuader-te-projektit-iwka-perfshirja-e-grave-ne-agrobiznesin-e-kosoves\/#breadcrumb"},"inLanguage":"en-US","potentialAction":[{"@type":"ReadAction","target":["https:\/\/www.k-w4w.org\/seminari-ne-kuader-te-projektit-iwka-perfshirja-e-grave-ne-agrobiznesin-e-kosoves\/"]}]},{"@type":"ImageObject","inLanguage":"en-US","@id":"https:\/\/www.k-w4w.org\/seminari-ne-kuader-te-projektit-iwka-perfshirja-e-grave-ne-agrobiznesin-e-kosoves\/#primaryimage","url":"https:\/\/www.k-w4w.org\/wp-content\/uploads\/2023\/02\/ikwa.jpg","contentUrl":"https:\/\/www.k-w4w.org\/wp-content\/uploads\/2023\/02\/ikwa.jpg","width":2048,"height":1536},{"@type":"BreadcrumbList","@id":"https:\/\/www.k-w4w.org\/seminari-ne-kuader-te-projektit-iwka-perfshirja-e-grave-ne-agrobiznesin-e-kosoves\/#breadcrumb","itemListElement":[{"@type":"ListItem","position":1,"name":"Home","item":"https:\/\/www.k-w4w.org\/"},{"@type":"ListItem","position":2,"name":"Seminari n\u00eb kuad\u00ebr t\u00eb projektit \u201cIWKA &#8211; P\u00ebrfshirja e grave n\u00eb agrobiznesin e Kosov\u00ebs\u201d"}]},{"@type":"WebSite","@id":"https:\/\/www.k-w4w.org\/en\/#website","url":"https:\/\/www.k-w4w.org\/en\/","name":"KW4W","description":"","publisher":{"@id":"https:\/\/www.k-w4w.org\/en\/#organization"},"potentialAction":[{"@type":"SearchAction","target":{"@type":"EntryPoint","urlTemplate":"https:\/\/www.k-w4w.org\/en\/?s={search_term_string}"},"query-input":{"@type":"PropertyValueSpecification","valueRequired":true,"valueName":"search_term_string"}}],"inLanguage":"en-US"},{"@type":"Organization","@id":"https:\/\/www.k-w4w.org\/en\/#organization","name":"KW4W","url":"https:\/\/www.k-w4w.org\/en\/","logo":{"@type":"ImageObject","inLanguage":"en-US","@id":"https:\/\/www.k-w4w.org\/en\/#\/schema\/logo\/image\/","url":"https:\/\/www.k-w4w.org\/wp-content\/uploads\/2023\/02\/cropped-wfwi_logo_color_gradient_cmyk.jpg","contentUrl":"https:\/\/www.k-w4w.org\/wp-content\/uploads\/2023\/02\/cropped-wfwi_logo_color_gradient_cmyk.jpg","width":1243,"height":199,"caption":"KW4W"},"image":{"@id":"https:\/\/www.k-w4w.org\/en\/#\/schema\/logo\/image\/"},"sameAs":["https:\/\/www.facebook.com\/KosovaWomen4Women","https:\/\/www.instagram.com\/womenforwomenkosova\/"]},{"@type":"Person","@id":"https:\/\/www.k-w4w.org\/en\/#\/schema\/person\/bea620f132061dd98aa21df3225035f4","name":"kw4w","image":{"@type":"ImageObject","inLanguage":"en-US","@id":"https:\/\/www.k-w4w.org\/en\/#\/schema\/person\/image\/","url":"https:\/\/secure.gravatar.com\/avatar\/35dca332a41f9d006f5b77ee9d9b90ed02181b4dcf7b166dcf848cb4e40abd74?s=96&d=mm&r=g","contentUrl":"https:\/\/secure.gravatar.com\/avatar\/35dca332a41f9d006f5b77ee9d9b90ed02181b4dcf7b166dcf848cb4e40abd74?s=96&d=mm&r=g","caption":"kw4w"},"sameAs":["https:\/\/www.k-w4w.org\/"],"url":"https:\/\/www.k-w4w.org\/en\/author\/kw4w\/"}]}},"_links":{"self":[{"href":"https:\/\/www.k-w4w.org\/en\/wp-json\/wp\/v2\/posts\/16026","targetHints":{"allow":["GET"]}}],"collection":[{"href":"https:\/\/www.k-w4w.org\/en\/wp-json\/wp\/v2\/posts"}],"about":[{"href":"https:\/\/www.k-w4w.org\/en\/wp-json\/wp\/v2\/types\/post"}],"author":[{"embeddable":true,"href":"https:\/\/www.k-w4w.org\/en\/wp-json\/wp\/v2\/users\/2"}],"replies":[{"embeddable":true,"href":"https:\/\/www.k-w4w.org\/en\/wp-json\/wp\/v2\/comments?post=16026"}],"version-history":[{"count":1,"href":"https:\/\/www.k-w4w.org\/en\/wp-json\/wp\/v2\/posts\/16026\/revisions"}],"predecessor-version":[{"id":16028,"href":"https:\/\/www.k-w4w.org\/en\/wp-json\/wp\/v2\/posts\/16026\/revisions\/16028"}],"wp:featuredmedia":[{"embeddable":true,"href":"https:\/\/www.k-w4w.org\/en\/wp-json\/wp\/v2\/media\/16027"}],"wp:attachment":[{"href":"https:\/\/www.k-w4w.org\/en\/wp-json\/wp\/v2\/media?parent=16026"}],"wp:term":[{"taxonomy":"category","embeddable":true,"href":"https:\/\/www.k-w4w.org\/en\/wp-json\/wp\/v2\/categories?post=16026"},{"taxonomy":"post_tag","embeddable":true,"href":"https:\/\/www.k-w4w.org\/en\/wp-json\/wp\/v2\/tags?post=16026"}],"curies":[{"name":"wp","href":"https:\/\/api.w.org\/{rel}","templated":true}]}}