{"id":16174,"date":"2023-06-26T08:26:56","date_gmt":"2023-06-26T08:26:56","guid":{"rendered":"https:\/\/www.k-w4w.org\/?p=16174"},"modified":"2023-06-26T08:28:02","modified_gmt":"2023-06-26T08:28:02","slug":"ne-kuader-te-projektit-iwka-perfshirja-e-grave-ne-agrobiznesin-e-kosoves-u-realizua-shperndarja-e-bleteve-tek-perfitueset-e-grantit-ne-komunen-e-ferizajit-junikut-prishtines-dhe","status":"publish","type":"post","link":"https:\/\/www.k-w4w.org\/en\/ne-kuader-te-projektit-iwka-perfshirja-e-grave-ne-agrobiznesin-e-kosoves-u-realizua-shperndarja-e-bleteve-tek-perfitueset-e-grantit-ne-komunen-e-ferizajit-junikut-prishtines-dhe\/","title":{"rendered":"N\u00eb kuad\u00ebr t\u00eb projektit \u201cIWKA &#8211; P\u00ebrfshirja e grave n\u00eb agrobiznesin e Kosov\u00ebs\u201d u realizua shp\u00ebrndarja e blet\u00ebve tek p\u00ebrfitueset e grantit n\u00eb Komun\u00ebn e Ferizajit, Junikut, Prishtin\u00ebs dhe Gra\u00e7anic\u00ebs"},"content":{"rendered":"<div class=\"xdj266r x11i5rnm xat24cr x1mh8g0r x1vvkbs x126k92a\">\n<div dir=\"auto\">P\u00ebrfshirja e grave n\u00eb Kosov\u00eb ka nj\u00eb r\u00ebnd\u00ebsi t\u00eb madhe n\u00eb zhvillimin e sektorit bujq\u00ebsor dhe ekonomis\u00eb vendore. Grat\u00eb luajn\u00eb nj\u00eb rol t\u00eb r\u00ebnd\u00ebsish\u00ebm si prodhuese, menaxhere, dhe kontribuese n\u00eb inovacionin e sektorit bujq\u00ebsor n\u00eb Kosov\u00eb.<\/div>\n<\/div>\n<div class=\"x11i5rnm xat24cr x1mh8g0r x1vvkbs xtlvy1s x126k92a\">\n<div dir=\"auto\">N\u00eb kuad\u00ebr t\u00eb projektit \u201cIWKA &#8211; P\u00ebrfshirja e grave n\u00eb agrobiznesin e Kosov\u00ebs\u201d u realizua shp\u00ebrndarja e blet\u00ebve tek p\u00ebrfitueset e grantit n\u00eb Komun\u00ebn e Ferizajit, Junikut, Prishtin\u00ebs dhe Gra\u00e7anic\u00ebs. Numri i p\u00ebrfitueseve me blet\u00eb n\u00eb k\u00ebt\u00eb Faz\u00eb ka qen\u00eb 11. P\u00ebrfitueseve t\u00eb grantit n\u00eb kuad\u00ebr t\u00eb projektit poashtu i u \u00ebsht\u00eb ofruar trajnimi profesional p\u00ebr menaxhimin e biznesit t\u00eb tyre si dhe n\u00eb t\u00eb ardhmen e af\u00ebrt do ju ofrohet k\u00ebshillim teknik nga specialist\u00ebt e fush\u00ebs. K\u00ebto k\u00ebshillime do t\u00eb p\u00ebrfshijn\u00eb praktika t\u00eb mira n\u00eb menaxhimin e blet\u00ebve, kontrollin e s\u00ebmundjeve dhe parazit\u00ebve, si dhe teknikat e prodhimit t\u00eb produkteve t\u00eb tjera si mjalti, propolisi etj.<\/div>\n<\/div>\n<div class=\"x11i5rnm xat24cr x1mh8g0r x1vvkbs xtlvy1s x126k92a\">\n<div dir=\"auto\">Fuqizimi ekonomik i grave \u00ebsht\u00eb procesi i p\u00ebrmir\u00ebsimit t\u00eb pozit\u00ebs ekonomike t\u00eb grave n\u00eb shoq\u00ebri. Kjo p\u00ebrfshin rritjen e aksesit t\u00eb grave n\u00eb burime financiare, mund\u00ebsi p\u00ebr pun\u00ebsim dhe rritjen e t\u00eb ardhurave, si dhe rritjen e aft\u00ebsive t\u00eb tyre n\u00eb menaxhimin e financave dhe n\u00eb marrjen e vendimeve t\u00eb nd\u00ebrgjegjshme t\u00eb biznesit.<\/div>\n<\/div>\n<div class=\"x11i5rnm xat24cr x1mh8g0r x1vvkbs xtlvy1s x126k92a\">\n<div dir=\"auto\">Projekti IWKA &#8211; P\u00ebrfshirja e grave n\u00eb agrobiznesin e Kosov\u00ebs &#8211; P\u00ebrmir\u00ebsimi i statusit ekonomik dhe social t\u00eb grave n\u00eb Kosov\u00eb duke mb\u00ebshtetur agrobiznesin e udh\u00ebhequr nga grat\u00eb, synon fuqizimin e grave n\u00eb rrezik t\u00eb varf\u00ebris\u00eb dhe t\u00eb grave t\u00eb kthyera p\u00ebrmes p\u00ebrvet\u00ebsimit t\u00eb aft\u00ebsive bujq\u00ebsore, n\u00eb komun\u00ebn e Prishtin\u00ebs, Gra\u00e7anic\u00ebs, Ferizajit dhe Junikut.<\/div>\n<div dir=\"auto\">Projekti financohet nga Ministria Federale Gjermane p\u00ebr Bashk\u00ebpunim dhe Zhvillim Ekonomik (BMZ) p\u00ebrmes Engagement Global GgmbH, dhe implementohet nga CARE International dhe organizatat partnere lokale: Kosova-Women 4 Women (K-W4W) dhe Programi p\u00ebr t\u00eb Drejta Civile n\u00eb Kosov\u00eb (CRPK).<\/div>\n<\/div>\n<div class=\"x11i5rnm xat24cr x1mh8g0r x1vvkbs xtlvy1s x126k92a\">\n<div dir=\"auto\">Suksese te gjithave!<\/div>\n<\/div>\n<div class=\"x11i5rnm xat24cr x1mh8g0r x1vvkbs xtlvy1s x126k92a\">\n<div dir=\"auto\"><a class=\"x1i10hfl xjbqb8w x6umtig x1b1mbwd xaqea5y xav7gou x9f619 x1ypdohk xt0psk2 xe8uvvx xdj266r x11i5rnm xat24cr x1mh8g0r xexx8yu x4uap5 x18d9i69 xkhd6sd x16tdsg8 x1hl2dhg xggy1nq x1a2a7pz xt0b8zv x1qq9wsj xo1l8bm\" tabindex=\"0\" role=\"link\" href=\"https:\/\/www.facebook.com\/hashtag\/fuqizimiekonomik?__eep__=6&amp;__cft__[0]=AZUqKmcWvuh4OdLFrAOWWpOeCa9hnt0ekyF-89U4L4q5YxUC4hzktor7xq7FRC2kyRsWBaYeX_OglhXkqGGS4BFnwpZiYf8WZyrvVXhKkJS_hDBNIxaNoGNUjapoGlAD0MLI4E5-gnXu3gVjNryI88iK3-23MY5-9IYUeDxelM6i0RuoZOeb0rU1zSnnLuRYCbc&amp;__tn__=*NK-R\">#fuqizimiekonomik<\/a><\/div>\n<div dir=\"auto\"><a class=\"x1i10hfl xjbqb8w x6umtig x1b1mbwd xaqea5y xav7gou x9f619 x1ypdohk xt0psk2 xe8uvvx xdj266r x11i5rnm xat24cr x1mh8g0r xexx8yu x4uap5 x18d9i69 xkhd6sd x16tdsg8 x1hl2dhg xggy1nq x1a2a7pz xt0b8zv x1qq9wsj xo1l8bm\" tabindex=\"0\" role=\"link\" href=\"https:\/\/www.facebook.com\/hashtag\/strongwomen?__eep__=6&amp;__cft__[0]=AZUqKmcWvuh4OdLFrAOWWpOeCa9hnt0ekyF-89U4L4q5YxUC4hzktor7xq7FRC2kyRsWBaYeX_OglhXkqGGS4BFnwpZiYf8WZyrvVXhKkJS_hDBNIxaNoGNUjapoGlAD0MLI4E5-gnXu3gVjNryI88iK3-23MY5-9IYUeDxelM6i0RuoZOeb0rU1zSnnLuRYCbc&amp;__tn__=*NK-R\">#strongwomen<\/a><\/div>\n<div dir=\"auto\"><a class=\"x1i10hfl xjbqb8w x6umtig x1b1mbwd xaqea5y xav7gou x9f619 x1ypdohk xt0psk2 xe8uvvx xdj266r x11i5rnm xat24cr x1mh8g0r xexx8yu x4uap5 x18d9i69 xkhd6sd x16tdsg8 x1hl2dhg xggy1nq x1a2a7pz xt0b8zv x1qq9wsj xo1l8bm\" tabindex=\"0\" role=\"link\" href=\"https:\/\/www.facebook.com\/hashtag\/zhvillimekonomik?__eep__=6&amp;__cft__[0]=AZUqKmcWvuh4OdLFrAOWWpOeCa9hnt0ekyF-89U4L4q5YxUC4hzktor7xq7FRC2kyRsWBaYeX_OglhXkqGGS4BFnwpZiYf8WZyrvVXhKkJS_hDBNIxaNoGNUjapoGlAD0MLI4E5-gnXu3gVjNryI88iK3-23MY5-9IYUeDxelM6i0RuoZOeb0rU1zSnnLuRYCbc&amp;__tn__=*NK-R\">#zhvillimekonomik<\/a><\/div>\n<\/div>\n","protected":false},"excerpt":{"rendered":"<p>P\u00ebrfshirja e grave n\u00eb Kosov\u00eb ka nj\u00eb r\u00ebnd\u00ebsi t\u00eb madhe n\u00eb zhvillimin e sektorit bujq\u00ebsor dhe ekonomis\u00eb vendore. Grat\u00eb luajn\u00eb nj\u00eb rol t\u00eb r\u00ebnd\u00ebsish\u00ebm si prodhuese, menaxhere, dhe kontribuese n\u00eb inovacionin e sektorit bujq\u00ebsor n\u00eb Kosov\u00eb. N\u00eb kuad\u00ebr t\u00eb projektit \u201cIWKA &#8211; P\u00ebrfshirja e grave n\u00eb agrobiznesin e Kosov\u00ebs\u201d u realizua shp\u00ebrndarja e blet\u00ebve tek [&hellip;]<\/p>\n","protected":false},"author":2,"featured_media":16175,"comment_status":"open","ping_status":"open","sticky":false,"template":"","format":"standard","meta":{"footnotes":""},"categories":[59],"tags":[],"class_list":["post-16174","post","type-post","status-publish","format-standard","has-post-thumbnail","hentry","category-lajme"],"yoast_head":"<!-- This site is optimized with the Yoast SEO plugin v27.0 - https:\/\/yoast.com\/product\/yoast-seo-wordpress\/ -->\n<title>N\u00eb kuad\u00ebr t\u00eb projektit \u201cIWKA - P\u00ebrfshirja e grave n\u00eb agrobiznesin e Kosov\u00ebs\u201d u realizua shp\u00ebrndarja e blet\u00ebve tek p\u00ebrfitueset e grantit n\u00eb Komun\u00ebn e Ferizajit, Junikut, Prishtin\u00ebs dhe Gra\u00e7anic\u00ebs - KW4W<\/title>\n<meta name=\"robots\" content=\"index, follow, max-snippet:-1, max-image-preview:large, max-video-preview:-1\" \/>\n<link rel=\"canonical\" href=\"https:\/\/www.k-w4w.org\/en\/ne-kuader-te-projektit-iwka-perfshirja-e-grave-ne-agrobiznesin-e-kosoves-u-realizua-shperndarja-e-bleteve-tek-perfitueset-e-grantit-ne-komunen-e-ferizajit-junikut-prishtines-dhe\/\" \/>\n<meta property=\"og:locale\" content=\"en_US\" \/>\n<meta property=\"og:type\" content=\"article\" \/>\n<meta property=\"og:title\" content=\"N\u00eb kuad\u00ebr t\u00eb projektit \u201cIWKA - P\u00ebrfshirja e grave n\u00eb agrobiznesin e Kosov\u00ebs\u201d u realizua shp\u00ebrndarja e blet\u00ebve tek p\u00ebrfitueset e grantit n\u00eb Komun\u00ebn e Ferizajit, Junikut, Prishtin\u00ebs dhe Gra\u00e7anic\u00ebs - KW4W\" \/>\n<meta property=\"og:description\" content=\"P\u00ebrfshirja e grave n\u00eb Kosov\u00eb ka nj\u00eb r\u00ebnd\u00ebsi t\u00eb madhe n\u00eb zhvillimin e sektorit bujq\u00ebsor dhe ekonomis\u00eb vendore. Grat\u00eb luajn\u00eb nj\u00eb rol t\u00eb r\u00ebnd\u00ebsish\u00ebm si prodhuese, menaxhere, dhe kontribuese n\u00eb inovacionin e sektorit bujq\u00ebsor n\u00eb Kosov\u00eb. N\u00eb kuad\u00ebr t\u00eb projektit \u201cIWKA &#8211; P\u00ebrfshirja e grave n\u00eb agrobiznesin e Kosov\u00ebs\u201d u realizua shp\u00ebrndarja e blet\u00ebve tek [&hellip;]\" \/>\n<meta property=\"og:url\" content=\"https:\/\/www.k-w4w.org\/en\/ne-kuader-te-projektit-iwka-perfshirja-e-grave-ne-agrobiznesin-e-kosoves-u-realizua-shperndarja-e-bleteve-tek-perfitueset-e-grantit-ne-komunen-e-ferizajit-junikut-prishtines-dhe\/\" \/>\n<meta property=\"og:site_name\" content=\"KW4W\" \/>\n<meta property=\"article:publisher\" content=\"https:\/\/www.facebook.com\/KosovaWomen4Women\" \/>\n<meta property=\"article:published_time\" content=\"2023-06-26T08:26:56+00:00\" \/>\n<meta property=\"article:modified_time\" content=\"2023-06-26T08:28:02+00:00\" \/>\n<meta property=\"og:image\" content=\"https:\/\/www.k-w4w.org\/wp-content\/uploads\/2023\/06\/iwka.jpg\" \/>\n\t<meta property=\"og:image:width\" content=\"2048\" \/>\n\t<meta property=\"og:image:height\" content=\"1536\" \/>\n\t<meta property=\"og:image:type\" content=\"image\/jpeg\" \/>\n<meta name=\"author\" content=\"kw4w\" \/>\n<meta name=\"twitter:card\" content=\"summary_large_image\" \/>\n<meta name=\"twitter:label1\" content=\"Written by\" \/>\n\t<meta name=\"twitter:data1\" content=\"kw4w\" \/>\n\t<meta name=\"twitter:label2\" content=\"Est. reading time\" \/>\n\t<meta name=\"twitter:data2\" content=\"2 minutes\" \/>\n<script type=\"application\/ld+json\" class=\"yoast-schema-graph\">{\"@context\":\"https:\/\/schema.org\",\"@graph\":[{\"@type\":\"Article\",\"@id\":\"https:\/\/www.k-w4w.org\/ne-kuader-te-projektit-iwka-perfshirja-e-grave-ne-agrobiznesin-e-kosoves-u-realizua-shperndarja-e-bleteve-tek-perfitueset-e-grantit-ne-komunen-e-ferizajit-junikut-prishtines-dhe\/#article\",\"isPartOf\":{\"@id\":\"https:\/\/www.k-w4w.org\/ne-kuader-te-projektit-iwka-perfshirja-e-grave-ne-agrobiznesin-e-kosoves-u-realizua-shperndarja-e-bleteve-tek-perfitueset-e-grantit-ne-komunen-e-ferizajit-junikut-prishtines-dhe\/\"},\"author\":{\"name\":\"kw4w\",\"@id\":\"https:\/\/www.k-w4w.org\/en\/#\/schema\/person\/bea620f132061dd98aa21df3225035f4\"},\"headline\":\"N\u00eb kuad\u00ebr t\u00eb projektit \u201cIWKA &#8211; P\u00ebrfshirja e grave n\u00eb agrobiznesin e Kosov\u00ebs\u201d u realizua shp\u00ebrndarja e blet\u00ebve tek p\u00ebrfitueset e grantit n\u00eb Komun\u00ebn e Ferizajit, Junikut, Prishtin\u00ebs dhe Gra\u00e7anic\u00ebs\",\"datePublished\":\"2023-06-26T08:26:56+00:00\",\"dateModified\":\"2023-06-26T08:28:02+00:00\",\"mainEntityOfPage\":{\"@id\":\"https:\/\/www.k-w4w.org\/ne-kuader-te-projektit-iwka-perfshirja-e-grave-ne-agrobiznesin-e-kosoves-u-realizua-shperndarja-e-bleteve-tek-perfitueset-e-grantit-ne-komunen-e-ferizajit-junikut-prishtines-dhe\/\"},\"wordCount\":396,\"commentCount\":0,\"publisher\":{\"@id\":\"https:\/\/www.k-w4w.org\/en\/#organization\"},\"image\":{\"@id\":\"https:\/\/www.k-w4w.org\/ne-kuader-te-projektit-iwka-perfshirja-e-grave-ne-agrobiznesin-e-kosoves-u-realizua-shperndarja-e-bleteve-tek-perfitueset-e-grantit-ne-komunen-e-ferizajit-junikut-prishtines-dhe\/#primaryimage\"},\"thumbnailUrl\":\"https:\/\/www.k-w4w.org\/wp-content\/uploads\/2023\/06\/iwka.jpg\",\"articleSection\":[\"Lajme\"],\"inLanguage\":\"en-US\",\"potentialAction\":[{\"@type\":\"CommentAction\",\"name\":\"Comment\",\"target\":[\"https:\/\/www.k-w4w.org\/ne-kuader-te-projektit-iwka-perfshirja-e-grave-ne-agrobiznesin-e-kosoves-u-realizua-shperndarja-e-bleteve-tek-perfitueset-e-grantit-ne-komunen-e-ferizajit-junikut-prishtines-dhe\/#respond\"]}]},{\"@type\":\"WebPage\",\"@id\":\"https:\/\/www.k-w4w.org\/ne-kuader-te-projektit-iwka-perfshirja-e-grave-ne-agrobiznesin-e-kosoves-u-realizua-shperndarja-e-bleteve-tek-perfitueset-e-grantit-ne-komunen-e-ferizajit-junikut-prishtines-dhe\/\",\"url\":\"https:\/\/www.k-w4w.org\/ne-kuader-te-projektit-iwka-perfshirja-e-grave-ne-agrobiznesin-e-kosoves-u-realizua-shperndarja-e-bleteve-tek-perfitueset-e-grantit-ne-komunen-e-ferizajit-junikut-prishtines-dhe\/\",\"name\":\"N\u00eb kuad\u00ebr t\u00eb projektit \u201cIWKA - P\u00ebrfshirja e grave n\u00eb agrobiznesin e Kosov\u00ebs\u201d u realizua shp\u00ebrndarja e blet\u00ebve tek p\u00ebrfitueset e grantit n\u00eb Komun\u00ebn e Ferizajit, Junikut, Prishtin\u00ebs dhe Gra\u00e7anic\u00ebs - KW4W\",\"isPartOf\":{\"@id\":\"https:\/\/www.k-w4w.org\/en\/#website\"},\"primaryImageOfPage\":{\"@id\":\"https:\/\/www.k-w4w.org\/ne-kuader-te-projektit-iwka-perfshirja-e-grave-ne-agrobiznesin-e-kosoves-u-realizua-shperndarja-e-bleteve-tek-perfitueset-e-grantit-ne-komunen-e-ferizajit-junikut-prishtines-dhe\/#primaryimage\"},\"image\":{\"@id\":\"https:\/\/www.k-w4w.org\/ne-kuader-te-projektit-iwka-perfshirja-e-grave-ne-agrobiznesin-e-kosoves-u-realizua-shperndarja-e-bleteve-tek-perfitueset-e-grantit-ne-komunen-e-ferizajit-junikut-prishtines-dhe\/#primaryimage\"},\"thumbnailUrl\":\"https:\/\/www.k-w4w.org\/wp-content\/uploads\/2023\/06\/iwka.jpg\",\"datePublished\":\"2023-06-26T08:26:56+00:00\",\"dateModified\":\"2023-06-26T08:28:02+00:00\",\"breadcrumb\":{\"@id\":\"https:\/\/www.k-w4w.org\/ne-kuader-te-projektit-iwka-perfshirja-e-grave-ne-agrobiznesin-e-kosoves-u-realizua-shperndarja-e-bleteve-tek-perfitueset-e-grantit-ne-komunen-e-ferizajit-junikut-prishtines-dhe\/#breadcrumb\"},\"inLanguage\":\"en-US\",\"potentialAction\":[{\"@type\":\"ReadAction\",\"target\":[\"https:\/\/www.k-w4w.org\/ne-kuader-te-projektit-iwka-perfshirja-e-grave-ne-agrobiznesin-e-kosoves-u-realizua-shperndarja-e-bleteve-tek-perfitueset-e-grantit-ne-komunen-e-ferizajit-junikut-prishtines-dhe\/\"]}]},{\"@type\":\"ImageObject\",\"inLanguage\":\"en-US\",\"@id\":\"https:\/\/www.k-w4w.org\/ne-kuader-te-projektit-iwka-perfshirja-e-grave-ne-agrobiznesin-e-kosoves-u-realizua-shperndarja-e-bleteve-tek-perfitueset-e-grantit-ne-komunen-e-ferizajit-junikut-prishtines-dhe\/#primaryimage\",\"url\":\"https:\/\/www.k-w4w.org\/wp-content\/uploads\/2023\/06\/iwka.jpg\",\"contentUrl\":\"https:\/\/www.k-w4w.org\/wp-content\/uploads\/2023\/06\/iwka.jpg\",\"width\":2048,\"height\":1536},{\"@type\":\"BreadcrumbList\",\"@id\":\"https:\/\/www.k-w4w.org\/ne-kuader-te-projektit-iwka-perfshirja-e-grave-ne-agrobiznesin-e-kosoves-u-realizua-shperndarja-e-bleteve-tek-perfitueset-e-grantit-ne-komunen-e-ferizajit-junikut-prishtines-dhe\/#breadcrumb\",\"itemListElement\":[{\"@type\":\"ListItem\",\"position\":1,\"name\":\"Home\",\"item\":\"https:\/\/www.k-w4w.org\/\"},{\"@type\":\"ListItem\",\"position\":2,\"name\":\"N\u00eb kuad\u00ebr t\u00eb projektit \u201cIWKA &#8211; P\u00ebrfshirja e grave n\u00eb agrobiznesin e Kosov\u00ebs\u201d u realizua shp\u00ebrndarja e blet\u00ebve tek p\u00ebrfitueset e grantit n\u00eb Komun\u00ebn e Ferizajit, Junikut, Prishtin\u00ebs dhe Gra\u00e7anic\u00ebs\"}]},{\"@type\":\"WebSite\",\"@id\":\"https:\/\/www.k-w4w.org\/en\/#website\",\"url\":\"https:\/\/www.k-w4w.org\/en\/\",\"name\":\"KW4W\",\"description\":\"\",\"publisher\":{\"@id\":\"https:\/\/www.k-w4w.org\/en\/#organization\"},\"potentialAction\":[{\"@type\":\"SearchAction\",\"target\":{\"@type\":\"EntryPoint\",\"urlTemplate\":\"https:\/\/www.k-w4w.org\/en\/?s={search_term_string}\"},\"query-input\":{\"@type\":\"PropertyValueSpecification\",\"valueRequired\":true,\"valueName\":\"search_term_string\"}}],\"inLanguage\":\"en-US\"},{\"@type\":\"Organization\",\"@id\":\"https:\/\/www.k-w4w.org\/en\/#organization\",\"name\":\"KW4W\",\"url\":\"https:\/\/www.k-w4w.org\/en\/\",\"logo\":{\"@type\":\"ImageObject\",\"inLanguage\":\"en-US\",\"@id\":\"https:\/\/www.k-w4w.org\/en\/#\/schema\/logo\/image\/\",\"url\":\"https:\/\/www.k-w4w.org\/wp-content\/uploads\/2023\/02\/cropped-wfwi_logo_color_gradient_cmyk.jpg\",\"contentUrl\":\"https:\/\/www.k-w4w.org\/wp-content\/uploads\/2023\/02\/cropped-wfwi_logo_color_gradient_cmyk.jpg\",\"width\":1243,\"height\":199,\"caption\":\"KW4W\"},\"image\":{\"@id\":\"https:\/\/www.k-w4w.org\/en\/#\/schema\/logo\/image\/\"},\"sameAs\":[\"https:\/\/www.facebook.com\/KosovaWomen4Women\",\"https:\/\/www.instagram.com\/womenforwomenkosova\/\"]},{\"@type\":\"Person\",\"@id\":\"https:\/\/www.k-w4w.org\/en\/#\/schema\/person\/bea620f132061dd98aa21df3225035f4\",\"name\":\"kw4w\",\"image\":{\"@type\":\"ImageObject\",\"inLanguage\":\"en-US\",\"@id\":\"https:\/\/www.k-w4w.org\/en\/#\/schema\/person\/image\/\",\"url\":\"https:\/\/secure.gravatar.com\/avatar\/35dca332a41f9d006f5b77ee9d9b90ed02181b4dcf7b166dcf848cb4e40abd74?s=96&d=mm&r=g\",\"contentUrl\":\"https:\/\/secure.gravatar.com\/avatar\/35dca332a41f9d006f5b77ee9d9b90ed02181b4dcf7b166dcf848cb4e40abd74?s=96&d=mm&r=g\",\"caption\":\"kw4w\"},\"sameAs\":[\"https:\/\/www.k-w4w.org\/\"],\"url\":\"https:\/\/www.k-w4w.org\/en\/author\/kw4w\/\"}]}<\/script>\n<!-- \/ Yoast SEO plugin. -->","yoast_head_json":{"title":"N\u00eb kuad\u00ebr t\u00eb projektit \u201cIWKA - P\u00ebrfshirja e grave n\u00eb agrobiznesin e Kosov\u00ebs\u201d u realizua shp\u00ebrndarja e blet\u00ebve tek p\u00ebrfitueset e grantit n\u00eb Komun\u00ebn e Ferizajit, Junikut, Prishtin\u00ebs dhe Gra\u00e7anic\u00ebs - KW4W","robots":{"index":"index","follow":"follow","max-snippet":"max-snippet:-1","max-image-preview":"max-image-preview:large","max-video-preview":"max-video-preview:-1"},"canonical":"https:\/\/www.k-w4w.org\/en\/ne-kuader-te-projektit-iwka-perfshirja-e-grave-ne-agrobiznesin-e-kosoves-u-realizua-shperndarja-e-bleteve-tek-perfitueset-e-grantit-ne-komunen-e-ferizajit-junikut-prishtines-dhe\/","og_locale":"en_US","og_type":"article","og_title":"N\u00eb kuad\u00ebr t\u00eb projektit \u201cIWKA - P\u00ebrfshirja e grave n\u00eb agrobiznesin e Kosov\u00ebs\u201d u realizua shp\u00ebrndarja e blet\u00ebve tek p\u00ebrfitueset e grantit n\u00eb Komun\u00ebn e Ferizajit, Junikut, Prishtin\u00ebs dhe Gra\u00e7anic\u00ebs - KW4W","og_description":"P\u00ebrfshirja e grave n\u00eb Kosov\u00eb ka nj\u00eb r\u00ebnd\u00ebsi t\u00eb madhe n\u00eb zhvillimin e sektorit bujq\u00ebsor dhe ekonomis\u00eb vendore. Grat\u00eb luajn\u00eb nj\u00eb rol t\u00eb r\u00ebnd\u00ebsish\u00ebm si prodhuese, menaxhere, dhe kontribuese n\u00eb inovacionin e sektorit bujq\u00ebsor n\u00eb Kosov\u00eb. N\u00eb kuad\u00ebr t\u00eb projektit \u201cIWKA &#8211; P\u00ebrfshirja e grave n\u00eb agrobiznesin e Kosov\u00ebs\u201d u realizua shp\u00ebrndarja e blet\u00ebve tek [&hellip;]","og_url":"https:\/\/www.k-w4w.org\/en\/ne-kuader-te-projektit-iwka-perfshirja-e-grave-ne-agrobiznesin-e-kosoves-u-realizua-shperndarja-e-bleteve-tek-perfitueset-e-grantit-ne-komunen-e-ferizajit-junikut-prishtines-dhe\/","og_site_name":"KW4W","article_publisher":"https:\/\/www.facebook.com\/KosovaWomen4Women","article_published_time":"2023-06-26T08:26:56+00:00","article_modified_time":"2023-06-26T08:28:02+00:00","og_image":[{"width":2048,"height":1536,"url":"https:\/\/www.k-w4w.org\/wp-content\/uploads\/2023\/06\/iwka.jpg","type":"image\/jpeg"}],"author":"kw4w","twitter_card":"summary_large_image","twitter_misc":{"Written by":"kw4w","Est. reading time":"2 minutes"},"schema":{"@context":"https:\/\/schema.org","@graph":[{"@type":"Article","@id":"https:\/\/www.k-w4w.org\/ne-kuader-te-projektit-iwka-perfshirja-e-grave-ne-agrobiznesin-e-kosoves-u-realizua-shperndarja-e-bleteve-tek-perfitueset-e-grantit-ne-komunen-e-ferizajit-junikut-prishtines-dhe\/#article","isPartOf":{"@id":"https:\/\/www.k-w4w.org\/ne-kuader-te-projektit-iwka-perfshirja-e-grave-ne-agrobiznesin-e-kosoves-u-realizua-shperndarja-e-bleteve-tek-perfitueset-e-grantit-ne-komunen-e-ferizajit-junikut-prishtines-dhe\/"},"author":{"name":"kw4w","@id":"https:\/\/www.k-w4w.org\/en\/#\/schema\/person\/bea620f132061dd98aa21df3225035f4"},"headline":"N\u00eb kuad\u00ebr t\u00eb projektit \u201cIWKA &#8211; P\u00ebrfshirja e grave n\u00eb agrobiznesin e Kosov\u00ebs\u201d u realizua shp\u00ebrndarja e blet\u00ebve tek p\u00ebrfitueset e grantit n\u00eb Komun\u00ebn e Ferizajit, Junikut, Prishtin\u00ebs dhe Gra\u00e7anic\u00ebs","datePublished":"2023-06-26T08:26:56+00:00","dateModified":"2023-06-26T08:28:02+00:00","mainEntityOfPage":{"@id":"https:\/\/www.k-w4w.org\/ne-kuader-te-projektit-iwka-perfshirja-e-grave-ne-agrobiznesin-e-kosoves-u-realizua-shperndarja-e-bleteve-tek-perfitueset-e-grantit-ne-komunen-e-ferizajit-junikut-prishtines-dhe\/"},"wordCount":396,"commentCount":0,"publisher":{"@id":"https:\/\/www.k-w4w.org\/en\/#organization"},"image":{"@id":"https:\/\/www.k-w4w.org\/ne-kuader-te-projektit-iwka-perfshirja-e-grave-ne-agrobiznesin-e-kosoves-u-realizua-shperndarja-e-bleteve-tek-perfitueset-e-grantit-ne-komunen-e-ferizajit-junikut-prishtines-dhe\/#primaryimage"},"thumbnailUrl":"https:\/\/www.k-w4w.org\/wp-content\/uploads\/2023\/06\/iwka.jpg","articleSection":["Lajme"],"inLanguage":"en-US","potentialAction":[{"@type":"CommentAction","name":"Comment","target":["https:\/\/www.k-w4w.org\/ne-kuader-te-projektit-iwka-perfshirja-e-grave-ne-agrobiznesin-e-kosoves-u-realizua-shperndarja-e-bleteve-tek-perfitueset-e-grantit-ne-komunen-e-ferizajit-junikut-prishtines-dhe\/#respond"]}]},{"@type":"WebPage","@id":"https:\/\/www.k-w4w.org\/ne-kuader-te-projektit-iwka-perfshirja-e-grave-ne-agrobiznesin-e-kosoves-u-realizua-shperndarja-e-bleteve-tek-perfitueset-e-grantit-ne-komunen-e-ferizajit-junikut-prishtines-dhe\/","url":"https:\/\/www.k-w4w.org\/ne-kuader-te-projektit-iwka-perfshirja-e-grave-ne-agrobiznesin-e-kosoves-u-realizua-shperndarja-e-bleteve-tek-perfitueset-e-grantit-ne-komunen-e-ferizajit-junikut-prishtines-dhe\/","name":"N\u00eb kuad\u00ebr t\u00eb projektit \u201cIWKA - P\u00ebrfshirja e grave n\u00eb agrobiznesin e Kosov\u00ebs\u201d u realizua shp\u00ebrndarja e blet\u00ebve tek p\u00ebrfitueset e grantit n\u00eb Komun\u00ebn e Ferizajit, Junikut, Prishtin\u00ebs dhe Gra\u00e7anic\u00ebs - KW4W","isPartOf":{"@id":"https:\/\/www.k-w4w.org\/en\/#website"},"primaryImageOfPage":{"@id":"https:\/\/www.k-w4w.org\/ne-kuader-te-projektit-iwka-perfshirja-e-grave-ne-agrobiznesin-e-kosoves-u-realizua-shperndarja-e-bleteve-tek-perfitueset-e-grantit-ne-komunen-e-ferizajit-junikut-prishtines-dhe\/#primaryimage"},"image":{"@id":"https:\/\/www.k-w4w.org\/ne-kuader-te-projektit-iwka-perfshirja-e-grave-ne-agrobiznesin-e-kosoves-u-realizua-shperndarja-e-bleteve-tek-perfitueset-e-grantit-ne-komunen-e-ferizajit-junikut-prishtines-dhe\/#primaryimage"},"thumbnailUrl":"https:\/\/www.k-w4w.org\/wp-content\/uploads\/2023\/06\/iwka.jpg","datePublished":"2023-06-26T08:26:56+00:00","dateModified":"2023-06-26T08:28:02+00:00","breadcrumb":{"@id":"https:\/\/www.k-w4w.org\/ne-kuader-te-projektit-iwka-perfshirja-e-grave-ne-agrobiznesin-e-kosoves-u-realizua-shperndarja-e-bleteve-tek-perfitueset-e-grantit-ne-komunen-e-ferizajit-junikut-prishtines-dhe\/#breadcrumb"},"inLanguage":"en-US","potentialAction":[{"@type":"ReadAction","target":["https:\/\/www.k-w4w.org\/ne-kuader-te-projektit-iwka-perfshirja-e-grave-ne-agrobiznesin-e-kosoves-u-realizua-shperndarja-e-bleteve-tek-perfitueset-e-grantit-ne-komunen-e-ferizajit-junikut-prishtines-dhe\/"]}]},{"@type":"ImageObject","inLanguage":"en-US","@id":"https:\/\/www.k-w4w.org\/ne-kuader-te-projektit-iwka-perfshirja-e-grave-ne-agrobiznesin-e-kosoves-u-realizua-shperndarja-e-bleteve-tek-perfitueset-e-grantit-ne-komunen-e-ferizajit-junikut-prishtines-dhe\/#primaryimage","url":"https:\/\/www.k-w4w.org\/wp-content\/uploads\/2023\/06\/iwka.jpg","contentUrl":"https:\/\/www.k-w4w.org\/wp-content\/uploads\/2023\/06\/iwka.jpg","width":2048,"height":1536},{"@type":"BreadcrumbList","@id":"https:\/\/www.k-w4w.org\/ne-kuader-te-projektit-iwka-perfshirja-e-grave-ne-agrobiznesin-e-kosoves-u-realizua-shperndarja-e-bleteve-tek-perfitueset-e-grantit-ne-komunen-e-ferizajit-junikut-prishtines-dhe\/#breadcrumb","itemListElement":[{"@type":"ListItem","position":1,"name":"Home","item":"https:\/\/www.k-w4w.org\/"},{"@type":"ListItem","position":2,"name":"N\u00eb kuad\u00ebr t\u00eb projektit \u201cIWKA &#8211; P\u00ebrfshirja e grave n\u00eb agrobiznesin e Kosov\u00ebs\u201d u realizua shp\u00ebrndarja e blet\u00ebve tek p\u00ebrfitueset e grantit n\u00eb Komun\u00ebn e Ferizajit, Junikut, Prishtin\u00ebs dhe Gra\u00e7anic\u00ebs"}]},{"@type":"WebSite","@id":"https:\/\/www.k-w4w.org\/en\/#website","url":"https:\/\/www.k-w4w.org\/en\/","name":"KW4W","description":"","publisher":{"@id":"https:\/\/www.k-w4w.org\/en\/#organization"},"potentialAction":[{"@type":"SearchAction","target":{"@type":"EntryPoint","urlTemplate":"https:\/\/www.k-w4w.org\/en\/?s={search_term_string}"},"query-input":{"@type":"PropertyValueSpecification","valueRequired":true,"valueName":"search_term_string"}}],"inLanguage":"en-US"},{"@type":"Organization","@id":"https:\/\/www.k-w4w.org\/en\/#organization","name":"KW4W","url":"https:\/\/www.k-w4w.org\/en\/","logo":{"@type":"ImageObject","inLanguage":"en-US","@id":"https:\/\/www.k-w4w.org\/en\/#\/schema\/logo\/image\/","url":"https:\/\/www.k-w4w.org\/wp-content\/uploads\/2023\/02\/cropped-wfwi_logo_color_gradient_cmyk.jpg","contentUrl":"https:\/\/www.k-w4w.org\/wp-content\/uploads\/2023\/02\/cropped-wfwi_logo_color_gradient_cmyk.jpg","width":1243,"height":199,"caption":"KW4W"},"image":{"@id":"https:\/\/www.k-w4w.org\/en\/#\/schema\/logo\/image\/"},"sameAs":["https:\/\/www.facebook.com\/KosovaWomen4Women","https:\/\/www.instagram.com\/womenforwomenkosova\/"]},{"@type":"Person","@id":"https:\/\/www.k-w4w.org\/en\/#\/schema\/person\/bea620f132061dd98aa21df3225035f4","name":"kw4w","image":{"@type":"ImageObject","inLanguage":"en-US","@id":"https:\/\/www.k-w4w.org\/en\/#\/schema\/person\/image\/","url":"https:\/\/secure.gravatar.com\/avatar\/35dca332a41f9d006f5b77ee9d9b90ed02181b4dcf7b166dcf848cb4e40abd74?s=96&d=mm&r=g","contentUrl":"https:\/\/secure.gravatar.com\/avatar\/35dca332a41f9d006f5b77ee9d9b90ed02181b4dcf7b166dcf848cb4e40abd74?s=96&d=mm&r=g","caption":"kw4w"},"sameAs":["https:\/\/www.k-w4w.org\/"],"url":"https:\/\/www.k-w4w.org\/en\/author\/kw4w\/"}]}},"_links":{"self":[{"href":"https:\/\/www.k-w4w.org\/en\/wp-json\/wp\/v2\/posts\/16174","targetHints":{"allow":["GET"]}}],"collection":[{"href":"https:\/\/www.k-w4w.org\/en\/wp-json\/wp\/v2\/posts"}],"about":[{"href":"https:\/\/www.k-w4w.org\/en\/wp-json\/wp\/v2\/types\/post"}],"author":[{"embeddable":true,"href":"https:\/\/www.k-w4w.org\/en\/wp-json\/wp\/v2\/users\/2"}],"replies":[{"embeddable":true,"href":"https:\/\/www.k-w4w.org\/en\/wp-json\/wp\/v2\/comments?post=16174"}],"version-history":[{"count":1,"href":"https:\/\/www.k-w4w.org\/en\/wp-json\/wp\/v2\/posts\/16174\/revisions"}],"predecessor-version":[{"id":16177,"href":"https:\/\/www.k-w4w.org\/en\/wp-json\/wp\/v2\/posts\/16174\/revisions\/16177"}],"wp:featuredmedia":[{"embeddable":true,"href":"https:\/\/www.k-w4w.org\/en\/wp-json\/wp\/v2\/media\/16175"}],"wp:attachment":[{"href":"https:\/\/www.k-w4w.org\/en\/wp-json\/wp\/v2\/media?parent=16174"}],"wp:term":[{"taxonomy":"category","embeddable":true,"href":"https:\/\/www.k-w4w.org\/en\/wp-json\/wp\/v2\/categories?post=16174"},{"taxonomy":"post_tag","embeddable":true,"href":"https:\/\/www.k-w4w.org\/en\/wp-json\/wp\/v2\/tags?post=16174"}],"curies":[{"name":"wp","href":"https:\/\/api.w.org\/{rel}","templated":true}]}}