{"id":16179,"date":"2023-06-26T11:36:33","date_gmt":"2023-06-26T11:36:33","guid":{"rendered":"https:\/\/www.k-w4w.org\/?p=16179"},"modified":"2023-06-26T11:36:33","modified_gmt":"2023-06-26T11:36:33","slug":"realizimi-i-dy-paneleve-ne-skenderaj-ku-u-diskutuan-ceshtjet-kritike-te-pabarazise-gjinore-dhe-dhunes-me-baze-gjinore-ndaj-grave-si-ne-kosove-ashtu-edhe-ne-shkalle-globale","status":"publish","type":"post","link":"https:\/\/www.k-w4w.org\/en\/realizimi-i-dy-paneleve-ne-skenderaj-ku-u-diskutuan-ceshtjet-kritike-te-pabarazise-gjinore-dhe-dhunes-me-baze-gjinore-ndaj-grave-si-ne-kosove-ashtu-edhe-ne-shkalle-globale\/","title":{"rendered":"Realizimi i dy paneleve n\u00eb Skenderaj ku u diskutuan \u00e7\u00ebshtjet kritike t\u00eb pabarazis\u00eb gjinore dhe dhun\u00ebs me baz\u00eb gjinore ndaj grave, si n\u00eb Kosov\u00eb ashtu edhe n\u00eb shkall\u00eb globale"},"content":{"rendered":"<div class=\"xdj266r x11i5rnm xat24cr x1mh8g0r x1vvkbs x126k92a\">\n<div dir=\"auto\">Gjat\u00eb jav\u00ebs s\u00eb kaluar, ne realizuam me sukses dy panel diskutime ku u diskutuan \u00e7\u00ebshtjet kritike t\u00eb pabarazis\u00eb gjinore dhe dhun\u00ebs me baz\u00eb gjinore ndaj grave, si n\u00eb Kosov\u00eb ashtu edhe n\u00eb shkall\u00eb globale.<\/div>\n<\/div>\n<div class=\"x11i5rnm xat24cr x1mh8g0r x1vvkbs xtlvy1s x126k92a\">\n<div dir=\"auto\">K\u00ebto ngjarje ofruan nj\u00eb platform\u00eb t\u00eb vlefshme p\u00ebr grat\u00eb nga fshatrat Lubovec dhe Kryshec n\u00eb komun\u00ebn e Skenderajt p\u00ebr t\u00eb marr\u00eb pjes\u00eb aktive dhe p\u00ebr t\u00eb marr\u00eb njohuri nga ekspert\u00eb t\u00eb p\u00ebrkushtuar p\u00ebr luftimin e k\u00ebtyre \u00e7\u00ebshtjeve urgjente.<\/div>\n<\/div>\n<div class=\"x11i5rnm xat24cr x1mh8g0r x1vvkbs xtlvy1s x126k92a\">\n<div dir=\"auto\">Gjat\u00eb diskutimeve, ne ishim t\u00eb privilegjuar t\u00eb kishim panelist\u00eb q\u00eb p\u00ebrfaq\u00ebsonin institucione t\u00eb ndryshme ky\u00e7e. Nga Strehimorja kund\u00ebr Dhun\u00ebs n\u00eb Familje n\u00eb Mitrovic\u00eb, pat\u00ebm prezenc\u00ebn e \u00e7muar t\u00eb Albulena Muratit, psikologe e angazhuar thell\u00ebsisht n\u00eb pun\u00ebn e tyre t\u00eb r\u00ebnd\u00ebsishme. Gjithashtu, kemi pasur nderin t\u00eb presim p\u00ebrfaq\u00ebsues nga Policia e Kosov\u00ebs, p\u00ebrfshir\u00eb Bastri Beqirin, Muhamet Kajtazi dhe Shpresa Ukaj, t\u00eb cil\u00ebt ndan\u00eb k\u00ebndv\u00ebshtrimet e tyre p\u00ebr k\u00ebt\u00eb \u00e7\u00ebshtje. P\u00ebr m\u00eb tep\u00ebr, Shyhrete Feka-Hetemi dhe Mirjeta Veliu, p\u00ebrfaq\u00ebsuese t\u00eb Qendr\u00ebs p\u00ebr Pun\u00eb Sociale t\u00eb Skenderajt, dhan\u00eb njohurit\u00eb e tyre t\u00eb pa\u00e7mueshme. Biseda u moderua nga aktivistja Fortesa Kryeziu.<\/div>\n<\/div>\n<div class=\"x11i5rnm xat24cr x1mh8g0r x1vvkbs xtlvy1s x126k92a\">\n<div dir=\"auto\">Diskutimet e panelit krijuan nj\u00eb mjedis t\u00eb favorsh\u00ebm p\u00ebr nd\u00ebrveprim t\u00eb drejtp\u00ebrdrejt\u00eb midis ekspert\u00ebve dhe pjes\u00ebmarr\u00ebsve. Objektivi kryesor ishte edukimi i t\u00eb pranishm\u00ebve p\u00ebr format e ndryshme t\u00eb dhun\u00ebs, ofrimi i strategjive p\u00ebr ta luftuar at\u00eb dhe ekspozimi i nismave t\u00eb nd\u00ebrmarra nga institucionet e tyre p\u00ebrkat\u00ebse p\u00ebr t\u00eb luftuar dhun\u00ebn. Kjo p\u00ebrpjekje kolektive ka p\u00ebr q\u00ebllim nxitjen e nj\u00eb mjedisi m\u00eb t\u00eb sigurt dhe p\u00ebrmir\u00ebsimin e jet\u00ebs s\u00eb t\u00eb mbijetuarve t\u00eb dhun\u00ebs.<\/div>\n<\/div>\n<div class=\"x11i5rnm xat24cr x1mh8g0r x1vvkbs xtlvy1s x126k92a\">\n<div dir=\"auto\">Ne vler\u00ebsojm\u00eb shum\u00eb mb\u00ebshtetjen dhe angazhimin e t\u00eb gjith\u00eb pjes\u00ebmarr\u00ebsve, si dhe p\u00ebrkushtimin e panelist\u00ebve tan\u00eb t\u00eb nderuar. S\u00eb bashku, ne po punojm\u00eb drejt nj\u00eb t\u00eb ardhmeje pa dhun\u00eb!<\/div>\n<div dir=\"auto\">Ky panel u organizua n\u00eb kuad\u00ebr t\u00eb projektit \u201cS\u00eb Bashku Nd\u00ebrtojm\u00eb Rezilienc\u00ebn\u201d, t\u00eb financuar nga UN Trust Fund to End Violence against Women (UN Trust Fund). UN Trust Fund \u00ebsht\u00eb i vetmi mekaniz\u00ebm global p\u00ebr dh\u00ebnien e granteve, i dedikuar ekskluzivisht p\u00ebr adresimin e t\u00eb gjitha formave t\u00eb dhun\u00ebs ndaj grave dhe vajzave n\u00eb nivel lokal dhe komb\u00ebtar.<\/div>\n<\/div>","protected":false},"excerpt":{"rendered":"<p>Gjat\u00eb jav\u00ebs s\u00eb kaluar, ne realizuam me sukses dy panel diskutime ku u diskutuan \u00e7\u00ebshtjet kritike t\u00eb pabarazis\u00eb gjinore dhe dhun\u00ebs me baz\u00eb gjinore ndaj grave, si n\u00eb Kosov\u00eb ashtu edhe n\u00eb shkall\u00eb globale. K\u00ebto ngjarje ofruan nj\u00eb platform\u00eb t\u00eb vlefshme p\u00ebr grat\u00eb nga fshatrat Lubovec dhe Kryshec n\u00eb komun\u00ebn e Skenderajt p\u00ebr t\u00eb marr\u00eb [&hellip;]<\/p>\n","protected":false},"author":2,"featured_media":16180,"comment_status":"open","ping_status":"open","sticky":false,"template":"","format":"standard","meta":{"footnotes":""},"categories":[59],"tags":[],"class_list":["post-16179","post","type-post","status-publish","format-standard","has-post-thumbnail","hentry","category-lajme"],"yoast_head":"<!-- This site is optimized with the Yoast SEO plugin v27.0 - https:\/\/yoast.com\/product\/yoast-seo-wordpress\/ -->\n<title>Realizimi i dy paneleve n\u00eb Skenderaj ku u diskutuan \u00e7\u00ebshtjet kritike t\u00eb pabarazis\u00eb gjinore dhe dhun\u00ebs me baz\u00eb gjinore ndaj grave, si n\u00eb Kosov\u00eb ashtu edhe n\u00eb shkall\u00eb globale - KW4W<\/title>\n<meta name=\"robots\" content=\"index, follow, max-snippet:-1, max-image-preview:large, max-video-preview:-1\" \/>\n<link rel=\"canonical\" href=\"https:\/\/www.k-w4w.org\/en\/realizimi-i-dy-paneleve-ne-skenderaj-ku-u-diskutuan-ceshtjet-kritike-te-pabarazise-gjinore-dhe-dhunes-me-baze-gjinore-ndaj-grave-si-ne-kosove-ashtu-edhe-ne-shkalle-globale\/\" \/>\n<meta property=\"og:locale\" content=\"en_US\" \/>\n<meta property=\"og:type\" content=\"article\" \/>\n<meta property=\"og:title\" content=\"Realizimi i dy paneleve n\u00eb Skenderaj ku u diskutuan \u00e7\u00ebshtjet kritike t\u00eb pabarazis\u00eb gjinore dhe dhun\u00ebs me baz\u00eb gjinore ndaj grave, si n\u00eb Kosov\u00eb ashtu edhe n\u00eb shkall\u00eb globale - KW4W\" \/>\n<meta property=\"og:description\" content=\"Gjat\u00eb jav\u00ebs s\u00eb kaluar, ne realizuam me sukses dy panel diskutime ku u diskutuan \u00e7\u00ebshtjet kritike t\u00eb pabarazis\u00eb gjinore dhe dhun\u00ebs me baz\u00eb gjinore ndaj grave, si n\u00eb Kosov\u00eb ashtu edhe n\u00eb shkall\u00eb globale. K\u00ebto ngjarje ofruan nj\u00eb platform\u00eb t\u00eb vlefshme p\u00ebr grat\u00eb nga fshatrat Lubovec dhe Kryshec n\u00eb komun\u00ebn e Skenderajt p\u00ebr t\u00eb marr\u00eb [&hellip;]\" \/>\n<meta property=\"og:url\" content=\"https:\/\/www.k-w4w.org\/en\/realizimi-i-dy-paneleve-ne-skenderaj-ku-u-diskutuan-ceshtjet-kritike-te-pabarazise-gjinore-dhe-dhunes-me-baze-gjinore-ndaj-grave-si-ne-kosove-ashtu-edhe-ne-shkalle-globale\/\" \/>\n<meta property=\"og:site_name\" content=\"KW4W\" \/>\n<meta property=\"article:publisher\" content=\"https:\/\/www.facebook.com\/KosovaWomen4Women\" \/>\n<meta property=\"article:published_time\" content=\"2023-06-26T11:36:33+00:00\" \/>\n<meta property=\"og:image\" content=\"https:\/\/www.k-w4w.org\/wp-content\/uploads\/2023\/06\/pansken.jpg\" \/>\n\t<meta property=\"og:image:width\" content=\"2048\" \/>\n\t<meta property=\"og:image:height\" content=\"1026\" \/>\n\t<meta property=\"og:image:type\" content=\"image\/jpeg\" \/>\n<meta name=\"author\" content=\"kw4w\" \/>\n<meta name=\"twitter:card\" content=\"summary_large_image\" \/>\n<meta name=\"twitter:label1\" content=\"Written by\" \/>\n\t<meta name=\"twitter:data1\" content=\"kw4w\" \/>\n\t<meta name=\"twitter:label2\" content=\"Est. reading time\" \/>\n\t<meta name=\"twitter:data2\" content=\"2 minutes\" \/>\n<script type=\"application\/ld+json\" class=\"yoast-schema-graph\">{\"@context\":\"https:\/\/schema.org\",\"@graph\":[{\"@type\":\"Article\",\"@id\":\"https:\/\/www.k-w4w.org\/realizimi-i-dy-paneleve-ne-skenderaj-ku-u-diskutuan-ceshtjet-kritike-te-pabarazise-gjinore-dhe-dhunes-me-baze-gjinore-ndaj-grave-si-ne-kosove-ashtu-edhe-ne-shkalle-globale\/#article\",\"isPartOf\":{\"@id\":\"https:\/\/www.k-w4w.org\/realizimi-i-dy-paneleve-ne-skenderaj-ku-u-diskutuan-ceshtjet-kritike-te-pabarazise-gjinore-dhe-dhunes-me-baze-gjinore-ndaj-grave-si-ne-kosove-ashtu-edhe-ne-shkalle-globale\/\"},\"author\":{\"name\":\"kw4w\",\"@id\":\"https:\/\/www.k-w4w.org\/en\/#\/schema\/person\/bea620f132061dd98aa21df3225035f4\"},\"headline\":\"Realizimi i dy paneleve n\u00eb Skenderaj ku u diskutuan \u00e7\u00ebshtjet kritike t\u00eb pabarazis\u00eb gjinore dhe dhun\u00ebs me baz\u00eb gjinore ndaj grave, si n\u00eb Kosov\u00eb ashtu edhe n\u00eb shkall\u00eb globale\",\"datePublished\":\"2023-06-26T11:36:33+00:00\",\"mainEntityOfPage\":{\"@id\":\"https:\/\/www.k-w4w.org\/realizimi-i-dy-paneleve-ne-skenderaj-ku-u-diskutuan-ceshtjet-kritike-te-pabarazise-gjinore-dhe-dhunes-me-baze-gjinore-ndaj-grave-si-ne-kosove-ashtu-edhe-ne-shkalle-globale\/\"},\"wordCount\":434,\"commentCount\":0,\"publisher\":{\"@id\":\"https:\/\/www.k-w4w.org\/en\/#organization\"},\"image\":{\"@id\":\"https:\/\/www.k-w4w.org\/realizimi-i-dy-paneleve-ne-skenderaj-ku-u-diskutuan-ceshtjet-kritike-te-pabarazise-gjinore-dhe-dhunes-me-baze-gjinore-ndaj-grave-si-ne-kosove-ashtu-edhe-ne-shkalle-globale\/#primaryimage\"},\"thumbnailUrl\":\"https:\/\/www.k-w4w.org\/wp-content\/uploads\/2023\/06\/pansken.jpg\",\"articleSection\":[\"Lajme\"],\"inLanguage\":\"en-US\",\"potentialAction\":[{\"@type\":\"CommentAction\",\"name\":\"Comment\",\"target\":[\"https:\/\/www.k-w4w.org\/realizimi-i-dy-paneleve-ne-skenderaj-ku-u-diskutuan-ceshtjet-kritike-te-pabarazise-gjinore-dhe-dhunes-me-baze-gjinore-ndaj-grave-si-ne-kosove-ashtu-edhe-ne-shkalle-globale\/#respond\"]}]},{\"@type\":\"WebPage\",\"@id\":\"https:\/\/www.k-w4w.org\/realizimi-i-dy-paneleve-ne-skenderaj-ku-u-diskutuan-ceshtjet-kritike-te-pabarazise-gjinore-dhe-dhunes-me-baze-gjinore-ndaj-grave-si-ne-kosove-ashtu-edhe-ne-shkalle-globale\/\",\"url\":\"https:\/\/www.k-w4w.org\/realizimi-i-dy-paneleve-ne-skenderaj-ku-u-diskutuan-ceshtjet-kritike-te-pabarazise-gjinore-dhe-dhunes-me-baze-gjinore-ndaj-grave-si-ne-kosove-ashtu-edhe-ne-shkalle-globale\/\",\"name\":\"Realizimi i dy paneleve n\u00eb Skenderaj ku u diskutuan \u00e7\u00ebshtjet kritike t\u00eb pabarazis\u00eb gjinore dhe dhun\u00ebs me baz\u00eb gjinore ndaj grave, si n\u00eb Kosov\u00eb ashtu edhe n\u00eb shkall\u00eb globale - KW4W\",\"isPartOf\":{\"@id\":\"https:\/\/www.k-w4w.org\/en\/#website\"},\"primaryImageOfPage\":{\"@id\":\"https:\/\/www.k-w4w.org\/realizimi-i-dy-paneleve-ne-skenderaj-ku-u-diskutuan-ceshtjet-kritike-te-pabarazise-gjinore-dhe-dhunes-me-baze-gjinore-ndaj-grave-si-ne-kosove-ashtu-edhe-ne-shkalle-globale\/#primaryimage\"},\"image\":{\"@id\":\"https:\/\/www.k-w4w.org\/realizimi-i-dy-paneleve-ne-skenderaj-ku-u-diskutuan-ceshtjet-kritike-te-pabarazise-gjinore-dhe-dhunes-me-baze-gjinore-ndaj-grave-si-ne-kosove-ashtu-edhe-ne-shkalle-globale\/#primaryimage\"},\"thumbnailUrl\":\"https:\/\/www.k-w4w.org\/wp-content\/uploads\/2023\/06\/pansken.jpg\",\"datePublished\":\"2023-06-26T11:36:33+00:00\",\"breadcrumb\":{\"@id\":\"https:\/\/www.k-w4w.org\/realizimi-i-dy-paneleve-ne-skenderaj-ku-u-diskutuan-ceshtjet-kritike-te-pabarazise-gjinore-dhe-dhunes-me-baze-gjinore-ndaj-grave-si-ne-kosove-ashtu-edhe-ne-shkalle-globale\/#breadcrumb\"},\"inLanguage\":\"en-US\",\"potentialAction\":[{\"@type\":\"ReadAction\",\"target\":[\"https:\/\/www.k-w4w.org\/realizimi-i-dy-paneleve-ne-skenderaj-ku-u-diskutuan-ceshtjet-kritike-te-pabarazise-gjinore-dhe-dhunes-me-baze-gjinore-ndaj-grave-si-ne-kosove-ashtu-edhe-ne-shkalle-globale\/\"]}]},{\"@type\":\"ImageObject\",\"inLanguage\":\"en-US\",\"@id\":\"https:\/\/www.k-w4w.org\/realizimi-i-dy-paneleve-ne-skenderaj-ku-u-diskutuan-ceshtjet-kritike-te-pabarazise-gjinore-dhe-dhunes-me-baze-gjinore-ndaj-grave-si-ne-kosove-ashtu-edhe-ne-shkalle-globale\/#primaryimage\",\"url\":\"https:\/\/www.k-w4w.org\/wp-content\/uploads\/2023\/06\/pansken.jpg\",\"contentUrl\":\"https:\/\/www.k-w4w.org\/wp-content\/uploads\/2023\/06\/pansken.jpg\",\"width\":2048,\"height\":1026},{\"@type\":\"BreadcrumbList\",\"@id\":\"https:\/\/www.k-w4w.org\/realizimi-i-dy-paneleve-ne-skenderaj-ku-u-diskutuan-ceshtjet-kritike-te-pabarazise-gjinore-dhe-dhunes-me-baze-gjinore-ndaj-grave-si-ne-kosove-ashtu-edhe-ne-shkalle-globale\/#breadcrumb\",\"itemListElement\":[{\"@type\":\"ListItem\",\"position\":1,\"name\":\"Home\",\"item\":\"https:\/\/www.k-w4w.org\/\"},{\"@type\":\"ListItem\",\"position\":2,\"name\":\"Realizimi i dy paneleve n\u00eb Skenderaj ku u diskutuan \u00e7\u00ebshtjet kritike t\u00eb pabarazis\u00eb gjinore dhe dhun\u00ebs me baz\u00eb gjinore ndaj grave, si n\u00eb Kosov\u00eb ashtu edhe n\u00eb shkall\u00eb globale\"}]},{\"@type\":\"WebSite\",\"@id\":\"https:\/\/www.k-w4w.org\/en\/#website\",\"url\":\"https:\/\/www.k-w4w.org\/en\/\",\"name\":\"KW4W\",\"description\":\"\",\"publisher\":{\"@id\":\"https:\/\/www.k-w4w.org\/en\/#organization\"},\"potentialAction\":[{\"@type\":\"SearchAction\",\"target\":{\"@type\":\"EntryPoint\",\"urlTemplate\":\"https:\/\/www.k-w4w.org\/en\/?s={search_term_string}\"},\"query-input\":{\"@type\":\"PropertyValueSpecification\",\"valueRequired\":true,\"valueName\":\"search_term_string\"}}],\"inLanguage\":\"en-US\"},{\"@type\":\"Organization\",\"@id\":\"https:\/\/www.k-w4w.org\/en\/#organization\",\"name\":\"KW4W\",\"url\":\"https:\/\/www.k-w4w.org\/en\/\",\"logo\":{\"@type\":\"ImageObject\",\"inLanguage\":\"en-US\",\"@id\":\"https:\/\/www.k-w4w.org\/en\/#\/schema\/logo\/image\/\",\"url\":\"https:\/\/www.k-w4w.org\/wp-content\/uploads\/2023\/02\/cropped-wfwi_logo_color_gradient_cmyk.jpg\",\"contentUrl\":\"https:\/\/www.k-w4w.org\/wp-content\/uploads\/2023\/02\/cropped-wfwi_logo_color_gradient_cmyk.jpg\",\"width\":1243,\"height\":199,\"caption\":\"KW4W\"},\"image\":{\"@id\":\"https:\/\/www.k-w4w.org\/en\/#\/schema\/logo\/image\/\"},\"sameAs\":[\"https:\/\/www.facebook.com\/KosovaWomen4Women\",\"https:\/\/www.instagram.com\/womenforwomenkosova\/\"]},{\"@type\":\"Person\",\"@id\":\"https:\/\/www.k-w4w.org\/en\/#\/schema\/person\/bea620f132061dd98aa21df3225035f4\",\"name\":\"kw4w\",\"image\":{\"@type\":\"ImageObject\",\"inLanguage\":\"en-US\",\"@id\":\"https:\/\/www.k-w4w.org\/en\/#\/schema\/person\/image\/\",\"url\":\"https:\/\/secure.gravatar.com\/avatar\/35dca332a41f9d006f5b77ee9d9b90ed02181b4dcf7b166dcf848cb4e40abd74?s=96&d=mm&r=g\",\"contentUrl\":\"https:\/\/secure.gravatar.com\/avatar\/35dca332a41f9d006f5b77ee9d9b90ed02181b4dcf7b166dcf848cb4e40abd74?s=96&d=mm&r=g\",\"caption\":\"kw4w\"},\"sameAs\":[\"https:\/\/www.k-w4w.org\/\"],\"url\":\"https:\/\/www.k-w4w.org\/en\/author\/kw4w\/\"}]}<\/script>\n<!-- \/ Yoast SEO plugin. -->","yoast_head_json":{"title":"Realizimi i dy paneleve n\u00eb Skenderaj ku u diskutuan \u00e7\u00ebshtjet kritike t\u00eb pabarazis\u00eb gjinore dhe dhun\u00ebs me baz\u00eb gjinore ndaj grave, si n\u00eb Kosov\u00eb ashtu edhe n\u00eb shkall\u00eb globale - KW4W","robots":{"index":"index","follow":"follow","max-snippet":"max-snippet:-1","max-image-preview":"max-image-preview:large","max-video-preview":"max-video-preview:-1"},"canonical":"https:\/\/www.k-w4w.org\/en\/realizimi-i-dy-paneleve-ne-skenderaj-ku-u-diskutuan-ceshtjet-kritike-te-pabarazise-gjinore-dhe-dhunes-me-baze-gjinore-ndaj-grave-si-ne-kosove-ashtu-edhe-ne-shkalle-globale\/","og_locale":"en_US","og_type":"article","og_title":"Realizimi i dy paneleve n\u00eb Skenderaj ku u diskutuan \u00e7\u00ebshtjet kritike t\u00eb pabarazis\u00eb gjinore dhe dhun\u00ebs me baz\u00eb gjinore ndaj grave, si n\u00eb Kosov\u00eb ashtu edhe n\u00eb shkall\u00eb globale - KW4W","og_description":"Gjat\u00eb jav\u00ebs s\u00eb kaluar, ne realizuam me sukses dy panel diskutime ku u diskutuan \u00e7\u00ebshtjet kritike t\u00eb pabarazis\u00eb gjinore dhe dhun\u00ebs me baz\u00eb gjinore ndaj grave, si n\u00eb Kosov\u00eb ashtu edhe n\u00eb shkall\u00eb globale. K\u00ebto ngjarje ofruan nj\u00eb platform\u00eb t\u00eb vlefshme p\u00ebr grat\u00eb nga fshatrat Lubovec dhe Kryshec n\u00eb komun\u00ebn e Skenderajt p\u00ebr t\u00eb marr\u00eb [&hellip;]","og_url":"https:\/\/www.k-w4w.org\/en\/realizimi-i-dy-paneleve-ne-skenderaj-ku-u-diskutuan-ceshtjet-kritike-te-pabarazise-gjinore-dhe-dhunes-me-baze-gjinore-ndaj-grave-si-ne-kosove-ashtu-edhe-ne-shkalle-globale\/","og_site_name":"KW4W","article_publisher":"https:\/\/www.facebook.com\/KosovaWomen4Women","article_published_time":"2023-06-26T11:36:33+00:00","og_image":[{"width":2048,"height":1026,"url":"https:\/\/www.k-w4w.org\/wp-content\/uploads\/2023\/06\/pansken.jpg","type":"image\/jpeg"}],"author":"kw4w","twitter_card":"summary_large_image","twitter_misc":{"Written by":"kw4w","Est. reading time":"2 minutes"},"schema":{"@context":"https:\/\/schema.org","@graph":[{"@type":"Article","@id":"https:\/\/www.k-w4w.org\/realizimi-i-dy-paneleve-ne-skenderaj-ku-u-diskutuan-ceshtjet-kritike-te-pabarazise-gjinore-dhe-dhunes-me-baze-gjinore-ndaj-grave-si-ne-kosove-ashtu-edhe-ne-shkalle-globale\/#article","isPartOf":{"@id":"https:\/\/www.k-w4w.org\/realizimi-i-dy-paneleve-ne-skenderaj-ku-u-diskutuan-ceshtjet-kritike-te-pabarazise-gjinore-dhe-dhunes-me-baze-gjinore-ndaj-grave-si-ne-kosove-ashtu-edhe-ne-shkalle-globale\/"},"author":{"name":"kw4w","@id":"https:\/\/www.k-w4w.org\/en\/#\/schema\/person\/bea620f132061dd98aa21df3225035f4"},"headline":"Realizimi i dy paneleve n\u00eb Skenderaj ku u diskutuan \u00e7\u00ebshtjet kritike t\u00eb pabarazis\u00eb gjinore dhe dhun\u00ebs me baz\u00eb gjinore ndaj grave, si n\u00eb Kosov\u00eb ashtu edhe n\u00eb shkall\u00eb globale","datePublished":"2023-06-26T11:36:33+00:00","mainEntityOfPage":{"@id":"https:\/\/www.k-w4w.org\/realizimi-i-dy-paneleve-ne-skenderaj-ku-u-diskutuan-ceshtjet-kritike-te-pabarazise-gjinore-dhe-dhunes-me-baze-gjinore-ndaj-grave-si-ne-kosove-ashtu-edhe-ne-shkalle-globale\/"},"wordCount":434,"commentCount":0,"publisher":{"@id":"https:\/\/www.k-w4w.org\/en\/#organization"},"image":{"@id":"https:\/\/www.k-w4w.org\/realizimi-i-dy-paneleve-ne-skenderaj-ku-u-diskutuan-ceshtjet-kritike-te-pabarazise-gjinore-dhe-dhunes-me-baze-gjinore-ndaj-grave-si-ne-kosove-ashtu-edhe-ne-shkalle-globale\/#primaryimage"},"thumbnailUrl":"https:\/\/www.k-w4w.org\/wp-content\/uploads\/2023\/06\/pansken.jpg","articleSection":["Lajme"],"inLanguage":"en-US","potentialAction":[{"@type":"CommentAction","name":"Comment","target":["https:\/\/www.k-w4w.org\/realizimi-i-dy-paneleve-ne-skenderaj-ku-u-diskutuan-ceshtjet-kritike-te-pabarazise-gjinore-dhe-dhunes-me-baze-gjinore-ndaj-grave-si-ne-kosove-ashtu-edhe-ne-shkalle-globale\/#respond"]}]},{"@type":"WebPage","@id":"https:\/\/www.k-w4w.org\/realizimi-i-dy-paneleve-ne-skenderaj-ku-u-diskutuan-ceshtjet-kritike-te-pabarazise-gjinore-dhe-dhunes-me-baze-gjinore-ndaj-grave-si-ne-kosove-ashtu-edhe-ne-shkalle-globale\/","url":"https:\/\/www.k-w4w.org\/realizimi-i-dy-paneleve-ne-skenderaj-ku-u-diskutuan-ceshtjet-kritike-te-pabarazise-gjinore-dhe-dhunes-me-baze-gjinore-ndaj-grave-si-ne-kosove-ashtu-edhe-ne-shkalle-globale\/","name":"Realizimi i dy paneleve n\u00eb Skenderaj ku u diskutuan \u00e7\u00ebshtjet kritike t\u00eb pabarazis\u00eb gjinore dhe dhun\u00ebs me baz\u00eb gjinore ndaj grave, si n\u00eb Kosov\u00eb ashtu edhe n\u00eb shkall\u00eb globale - KW4W","isPartOf":{"@id":"https:\/\/www.k-w4w.org\/en\/#website"},"primaryImageOfPage":{"@id":"https:\/\/www.k-w4w.org\/realizimi-i-dy-paneleve-ne-skenderaj-ku-u-diskutuan-ceshtjet-kritike-te-pabarazise-gjinore-dhe-dhunes-me-baze-gjinore-ndaj-grave-si-ne-kosove-ashtu-edhe-ne-shkalle-globale\/#primaryimage"},"image":{"@id":"https:\/\/www.k-w4w.org\/realizimi-i-dy-paneleve-ne-skenderaj-ku-u-diskutuan-ceshtjet-kritike-te-pabarazise-gjinore-dhe-dhunes-me-baze-gjinore-ndaj-grave-si-ne-kosove-ashtu-edhe-ne-shkalle-globale\/#primaryimage"},"thumbnailUrl":"https:\/\/www.k-w4w.org\/wp-content\/uploads\/2023\/06\/pansken.jpg","datePublished":"2023-06-26T11:36:33+00:00","breadcrumb":{"@id":"https:\/\/www.k-w4w.org\/realizimi-i-dy-paneleve-ne-skenderaj-ku-u-diskutuan-ceshtjet-kritike-te-pabarazise-gjinore-dhe-dhunes-me-baze-gjinore-ndaj-grave-si-ne-kosove-ashtu-edhe-ne-shkalle-globale\/#breadcrumb"},"inLanguage":"en-US","potentialAction":[{"@type":"ReadAction","target":["https:\/\/www.k-w4w.org\/realizimi-i-dy-paneleve-ne-skenderaj-ku-u-diskutuan-ceshtjet-kritike-te-pabarazise-gjinore-dhe-dhunes-me-baze-gjinore-ndaj-grave-si-ne-kosove-ashtu-edhe-ne-shkalle-globale\/"]}]},{"@type":"ImageObject","inLanguage":"en-US","@id":"https:\/\/www.k-w4w.org\/realizimi-i-dy-paneleve-ne-skenderaj-ku-u-diskutuan-ceshtjet-kritike-te-pabarazise-gjinore-dhe-dhunes-me-baze-gjinore-ndaj-grave-si-ne-kosove-ashtu-edhe-ne-shkalle-globale\/#primaryimage","url":"https:\/\/www.k-w4w.org\/wp-content\/uploads\/2023\/06\/pansken.jpg","contentUrl":"https:\/\/www.k-w4w.org\/wp-content\/uploads\/2023\/06\/pansken.jpg","width":2048,"height":1026},{"@type":"BreadcrumbList","@id":"https:\/\/www.k-w4w.org\/realizimi-i-dy-paneleve-ne-skenderaj-ku-u-diskutuan-ceshtjet-kritike-te-pabarazise-gjinore-dhe-dhunes-me-baze-gjinore-ndaj-grave-si-ne-kosove-ashtu-edhe-ne-shkalle-globale\/#breadcrumb","itemListElement":[{"@type":"ListItem","position":1,"name":"Home","item":"https:\/\/www.k-w4w.org\/"},{"@type":"ListItem","position":2,"name":"Realizimi i dy paneleve n\u00eb Skenderaj ku u diskutuan \u00e7\u00ebshtjet kritike t\u00eb pabarazis\u00eb gjinore dhe dhun\u00ebs me baz\u00eb gjinore ndaj grave, si n\u00eb Kosov\u00eb ashtu edhe n\u00eb shkall\u00eb globale"}]},{"@type":"WebSite","@id":"https:\/\/www.k-w4w.org\/en\/#website","url":"https:\/\/www.k-w4w.org\/en\/","name":"KW4W","description":"","publisher":{"@id":"https:\/\/www.k-w4w.org\/en\/#organization"},"potentialAction":[{"@type":"SearchAction","target":{"@type":"EntryPoint","urlTemplate":"https:\/\/www.k-w4w.org\/en\/?s={search_term_string}"},"query-input":{"@type":"PropertyValueSpecification","valueRequired":true,"valueName":"search_term_string"}}],"inLanguage":"en-US"},{"@type":"Organization","@id":"https:\/\/www.k-w4w.org\/en\/#organization","name":"KW4W","url":"https:\/\/www.k-w4w.org\/en\/","logo":{"@type":"ImageObject","inLanguage":"en-US","@id":"https:\/\/www.k-w4w.org\/en\/#\/schema\/logo\/image\/","url":"https:\/\/www.k-w4w.org\/wp-content\/uploads\/2023\/02\/cropped-wfwi_logo_color_gradient_cmyk.jpg","contentUrl":"https:\/\/www.k-w4w.org\/wp-content\/uploads\/2023\/02\/cropped-wfwi_logo_color_gradient_cmyk.jpg","width":1243,"height":199,"caption":"KW4W"},"image":{"@id":"https:\/\/www.k-w4w.org\/en\/#\/schema\/logo\/image\/"},"sameAs":["https:\/\/www.facebook.com\/KosovaWomen4Women","https:\/\/www.instagram.com\/womenforwomenkosova\/"]},{"@type":"Person","@id":"https:\/\/www.k-w4w.org\/en\/#\/schema\/person\/bea620f132061dd98aa21df3225035f4","name":"kw4w","image":{"@type":"ImageObject","inLanguage":"en-US","@id":"https:\/\/www.k-w4w.org\/en\/#\/schema\/person\/image\/","url":"https:\/\/secure.gravatar.com\/avatar\/35dca332a41f9d006f5b77ee9d9b90ed02181b4dcf7b166dcf848cb4e40abd74?s=96&d=mm&r=g","contentUrl":"https:\/\/secure.gravatar.com\/avatar\/35dca332a41f9d006f5b77ee9d9b90ed02181b4dcf7b166dcf848cb4e40abd74?s=96&d=mm&r=g","caption":"kw4w"},"sameAs":["https:\/\/www.k-w4w.org\/"],"url":"https:\/\/www.k-w4w.org\/en\/author\/kw4w\/"}]}},"_links":{"self":[{"href":"https:\/\/www.k-w4w.org\/en\/wp-json\/wp\/v2\/posts\/16179","targetHints":{"allow":["GET"]}}],"collection":[{"href":"https:\/\/www.k-w4w.org\/en\/wp-json\/wp\/v2\/posts"}],"about":[{"href":"https:\/\/www.k-w4w.org\/en\/wp-json\/wp\/v2\/types\/post"}],"author":[{"embeddable":true,"href":"https:\/\/www.k-w4w.org\/en\/wp-json\/wp\/v2\/users\/2"}],"replies":[{"embeddable":true,"href":"https:\/\/www.k-w4w.org\/en\/wp-json\/wp\/v2\/comments?post=16179"}],"version-history":[{"count":1,"href":"https:\/\/www.k-w4w.org\/en\/wp-json\/wp\/v2\/posts\/16179\/revisions"}],"predecessor-version":[{"id":16181,"href":"https:\/\/www.k-w4w.org\/en\/wp-json\/wp\/v2\/posts\/16179\/revisions\/16181"}],"wp:featuredmedia":[{"embeddable":true,"href":"https:\/\/www.k-w4w.org\/en\/wp-json\/wp\/v2\/media\/16180"}],"wp:attachment":[{"href":"https:\/\/www.k-w4w.org\/en\/wp-json\/wp\/v2\/media?parent=16179"}],"wp:term":[{"taxonomy":"category","embeddable":true,"href":"https:\/\/www.k-w4w.org\/en\/wp-json\/wp\/v2\/categories?post=16179"},{"taxonomy":"post_tag","embeddable":true,"href":"https:\/\/www.k-w4w.org\/en\/wp-json\/wp\/v2\/tags?post=16179"}],"curies":[{"name":"wp","href":"https:\/\/api.w.org\/{rel}","templated":true}]}}