{"id":16208,"date":"2023-07-19T09:24:14","date_gmt":"2023-07-19T09:24:14","guid":{"rendered":"https:\/\/www.k-w4w.org\/?p=16208"},"modified":"2023-07-19T09:24:14","modified_gmt":"2023-07-19T09:24:14","slug":"kosova-women-4-women-do-te-perfaqesohet-me-krenari-ne-konferencen-globale-women-deliver-2023","status":"publish","type":"post","link":"https:\/\/www.k-w4w.org\/en\/kosova-women-4-women-do-te-perfaqesohet-me-krenari-ne-konferencen-globale-women-deliver-2023\/","title":{"rendered":"Kosova &#8211; Women 4 Women do t\u00eb p\u00ebrfaq\u00ebsohet me krenari n\u00eb Konferenc\u00ebn globale &#8220;Women Deliver 2023&#8221;"},"content":{"rendered":"<div class=\"xdj266r x11i5rnm xat24cr x1mh8g0r x1vvkbs x126k92a\">\n<div dir=\"auto\">\ud835\uddd8\ud835\udde1\ud835\uddda\ud835\udddf\ud835\udddc\ud835\udde6\ud835\udddb \ud835\uddd5\ud835\uddd8\ud835\udddf\ud835\udde2\ud835\uddea:<\/div>\n<div dir=\"auto\">Kosova &#8211; Women 4 Women do t\u00eb p\u00ebrfaq\u00ebsohet me krenari n\u00eb Konferenc\u00ebn globale &#8220;Women Deliver 2023&#8221;, nj\u00eb tubim me mbi 6,000 persona q\u00eb synon avancimin e barazis\u00eb gjinore dhe adresimin e sfidave me t\u00eb cilat p\u00ebrballen vajzat dhe grat\u00eb n\u00eb mbar\u00eb bot\u00ebn.<\/div>\n<\/div>\n<div class=\"x11i5rnm xat24cr x1mh8g0r x1vvkbs xtlvy1s x126k92a\">\n<div dir=\"auto\">Laura Cakolli, Zyrtare e Projektit p\u00ebr projektin &#8220;Together Building Resilience&#8221; financuar nga Fondi i Mir\u00ebbesimit i OKB-s\u00eb, do t\u00eb marr\u00eb pjes\u00eb n\u00eb em\u00ebr t\u00eb K-W4W.<\/div>\n<\/div>\n<div class=\"x11i5rnm xat24cr x1mh8g0r x1vvkbs xtlvy1s x126k92a\">\n<div dir=\"auto\">Konferenca q\u00eb po zhvillohet n\u00eb Kigali t\u00eb Ruand\u00ebs, si dhe virtualisht, ka mbledhur s\u00eb bashku nj\u00eb s\u00ebr\u00eb pjes\u00ebmarr\u00ebsish, p\u00ebrfshir\u00eb organizata t\u00eb ndryshme, qeveri multilaterale, sektorin privat, filantropit\u00eb dhe rinin\u00eb.<\/div>\n<\/div>\n<div class=\"x11i5rnm xat24cr x1mh8g0r x1vvkbs xtlvy1s x126k92a\">\n<div dir=\"auto\">N\u00ebn tem\u00ebn &#8220;Hap\u00ebsirat, Solidariteti dhe Zgjidhjet&#8221;, Konferenca Women Deliver 2023 synon t\u00eb p\u00ebrmir\u00ebsoj\u00eb veprimin kolektiv, ta fuqizoj\u00eb l\u00ebvizjen feministe globale, t&#8217;i mbaj\u00eb udh\u00ebheq\u00ebsit p\u00ebrgjegj\u00ebs dhe t\u00eb krijoj\u00eb hap\u00ebsira gjith\u00ebp\u00ebrfshir\u00ebse. Konferenca do t&#8217;i jap\u00eb p\u00ebrpar\u00ebsi qasjes nd\u00ebrsektoriale feministe, duke trajtuar nj\u00eb s\u00ebr\u00eb \u00e7\u00ebshtjesh kritike q\u00eb ndikojn\u00eb tek vajzat dhe grat\u00eb, si ndryshimi i klim\u00ebs, dhuna me baz\u00eb gjinore dhe puna e kujdesit t\u00eb papaguar.<\/div>\n<\/div>\n<div class=\"x11i5rnm xat24cr x1mh8g0r x1vvkbs xtlvy1s x126k92a\">\n<div dir=\"auto\">Fol\u00ebsit n\u00eb konferenc\u00eb p\u00ebrfshijn\u00eb figura t\u00eb shquara si Malala Yousafzai, Laureate e \u00c7mimit Nobel p\u00ebr Paqe dhe Bashk\u00ebthemeluese e Fondit Malala, Sima Bahous, Drejtore Ekzekutive e UN Women, Helen Clark, ish-kryeministre e Zeland\u00ebs s\u00eb Re dhe Natalia Kanem, Ekzekutive Drejtori i UNFPA-s\u00eb, nd\u00ebr t\u00eb tjera.<\/div>\n<\/div>\n<div class=\"x11i5rnm xat24cr x1mh8g0r x1vvkbs xtlvy1s x126k92a\">\n<div dir=\"auto\">N\u00eb kuad\u00ebr t\u00eb k\u00ebtij mjedisi dinamik dhe gjith\u00ebp\u00ebrfshir\u00ebs t\u00eb konferenc\u00ebs, Kosova &#8211; Women 4 Women, e p\u00ebrfaq\u00ebsuar nga Laura Cakolli, do t\u00eb kontribuoj\u00eb me p\u00ebrvojat dhe njohurit\u00eb tona. K-W4W \u00ebsht\u00eb e p\u00ebrkushtuar p\u00ebr t&#8217;i mb\u00ebshtetur grat\u00eb e margjinalizuara n\u00eb Kosov\u00eb, fuqizimin e tyre ekonomik dhe leht\u00ebsimin e pjes\u00ebmarrjes s\u00eb tyre aktive n\u00eb proceset vendimmarr\u00ebse. Projekti &#8220;Together Building Resilience&#8221;, i mb\u00ebshtetur nga Fondi i Mir\u00ebbesimit i OKB-s\u00eb (UN Trust Fund), trajton pasojat e pandemis\u00eb COVID-19 tek grat\u00eb n\u00eb rrezik dhe t\u00eb mbijetuarat e dhun\u00ebs, duke promovuar aksesin n\u00eb informacion, sh\u00ebrbime, mund\u00ebsi ekonomike dhe mb\u00ebshtetje psikologjike.<\/div>\n<\/div>\n<div class=\"x11i5rnm xat24cr x1mh8g0r x1vvkbs xtlvy1s x126k92a\">\n<div dir=\"auto\">Duke marr\u00eb pjes\u00eb n\u00eb Konferenc\u00ebn Women Deliver 2023, Kosova &#8211; Women 4 Women demonstron p\u00ebrkushtimin ton\u00eb p\u00ebr t&#8217;i katalizuar veprimet kolektive, p\u00ebr t\u00eb vazhduar me fuqizimin e grave dhe me krijimin e hap\u00ebsirave gjith\u00ebp\u00ebrfshir\u00ebse. Prania jon\u00eb amplifikon z\u00ebrat dhe p\u00ebrvojat e grave t\u00eb margjinalizuara n\u00eb Kosov\u00eb, duke kontribuar n\u00eb q\u00ebllimin m\u00eb t\u00eb gjer\u00eb t\u00eb avancimit t\u00eb barazis\u00eb gjinore dhe p\u00ebrmir\u00ebsimit t\u00eb mir\u00ebqenies s\u00eb vajzave dhe grave n\u00eb mbar\u00eb bot\u00ebn.<\/div>\n<\/div>\n<div class=\"x11i5rnm xat24cr x1mh8g0r x1vvkbs xtlvy1s x126k92a\">\n<div dir=\"auto\">Pjes\u00ebmarrja jon\u00eb n\u00eb konferenc\u00eb mb\u00ebshtetet nga UN Trust Fund.<\/div>\n<div dir=\"auto\">.<\/div>\n<div dir=\"auto\">.<\/div>\n<div dir=\"auto\">.<\/div>\n<\/div>\n<div class=\"x11i5rnm xat24cr x1mh8g0r x1vvkbs xtlvy1s x126k92a\">\n<div dir=\"auto\">\ud835\uddd8\ud835\udde1\ud835\uddda\ud835\udddf\ud835\udddc\ud835\udde6\ud835\udddb:<\/div>\n<div dir=\"auto\">Kosovo &#8211; Women 4 Women is delighted to announce its distinguished representation at the prestigious Women Deliver 2023 Global Conference. This significant gathering, uniting over 6,000 stakeholders, aims to advance gender equality and address the multifaceted challenges faced by girls and women worldwide.<\/div>\n<\/div>\n<div class=\"x11i5rnm xat24cr x1mh8g0r x1vvkbs xtlvy1s x126k92a\">\n<div dir=\"auto\">We are honored to have Laura Cakolli, our esteemed Project Officer for the Together Building Resilience project funded by the UN Trust Fund, attending the conference as our representative.<\/div>\n<\/div>\n<div class=\"x11i5rnm xat24cr x1mh8g0r x1vvkbs xtlvy1s x126k92a\">\n<div dir=\"auto\">The event, taking place in Kigali, Rwanda, and virtually, brings together a diverse range of participants, including organizations, multilateral governments, private sector entities, philanthropic organizations, and youth advocates.<\/div>\n<\/div>\n<div class=\"x11i5rnm xat24cr x1mh8g0r x1vvkbs xtlvy1s x126k92a\">\n<div dir=\"auto\">Under the theme &#8220;Spaces, Solidarity, and Solutions,&#8221; the Women Deliver 2023 Conference aims to foster collective action, empower the global feminist movement, promote accountability among leaders, and create inclusive spaces. Embracing an intersectional feminist approach, the conference addresses critical issues impacting girls and women, including climate change, gender-based violence, and unpaid care work.<\/div>\n<\/div>\n<div class=\"x11i5rnm xat24cr x1mh8g0r x1vvkbs xtlvy1s x126k92a\">\n<div dir=\"auto\">Renowned figures in the field of gender equality, such as Malala Yousafzai, Nobel Peace Prize Laureate and Co-Founder of the Malala Fund, Sima Bahous, Executive Director of UN Women, Helen Clark, former Prime Minister of New Zealand, and Natalia Kanem, Executive Director of UNFPA, among others, will grace the conference with their presence. Their participation underscores the conference&#8217;s commitment to championing gender equality and evidence-based solutions.<\/div>\n<\/div>\n<div class=\"x11i5rnm xat24cr x1mh8g0r x1vvkbs xtlvy1s x126k92a\">\n<div dir=\"auto\">In this dynamic and inclusive environment, Kosovo &#8211; Women 4 Women, represented by Laura Cakolli, will contribute our valuable experiences and expertise. Our organization is dedicated to supporting marginalized women in Kosovo, promoting their economic empowerment, and facilitating their active participation in decision-making processes. Through the &#8220;Together Building Resilience&#8221; project, supported by the UN Trust Fund, we address the adverse impacts of the COVID-19 pandemic on women at risk and survivors of violence. Our initiatives focus on providing access to information, services, economic opportunities, and psychological support.<\/div>\n<\/div>\n<div class=\"x11i5rnm xat24cr x1mh8g0r x1vvkbs xtlvy1s x126k92a\">\n<div dir=\"auto\">Participating in the Women Deliver 2023 Conference signifies Kosovo &#8211; Women 4 Women&#8217;s commitment to catalyzing collective action, empowering women, and fostering inclusive spaces. Our presence amplifies the voices and experiences of marginalized women in Kosovo, contributing to the broader goal of advancing gender equality and enhancing the well-being of girls and women worldwide.<\/div>\n<\/div>\n<div class=\"x11i5rnm xat24cr x1mh8g0r x1vvkbs xtlvy1s x126k92a\">\n<div dir=\"auto\">Our participation in the conference is funded by the UN Trust Fund.<\/div>\n<\/div>\n<div class=\"x11i5rnm xat24cr x1mh8g0r x1vvkbs xtlvy1s x126k92a\">\n<div dir=\"auto\"><a class=\"x1i10hfl xjbqb8w x6umtig x1b1mbwd xaqea5y xav7gou x9f619 x1ypdohk xt0psk2 xe8uvvx xdj266r x11i5rnm xat24cr x1mh8g0r xexx8yu x4uap5 x18d9i69 xkhd6sd x16tdsg8 x1hl2dhg xggy1nq x1a2a7pz xt0b8zv x1qq9wsj xo1l8bm\" tabindex=\"0\" role=\"link\" href=\"https:\/\/www.facebook.com\/hashtag\/wd2023?__eep__=6&amp;__cft__[0]=AZW2MVFwBS1Y45djBSjKACNajPk0x3wztI_HcHeK8nqhB8E02V9Si5grQJ3rOvnxzONpeGmIuCNAb0_d1Kk5r40hz6cOSJJ9CtavOmbVn7eityXT79L5rtIkvpnKzSLFOgc6_fsXmYfqztIwGHrGJuKNudNx5LxKef6bftSlDqVrsGp4uVZ5w2No2EbtOqG7vLQ&amp;__tn__=*NK-R\">#wd2023<\/a> <a class=\"x1i10hfl xjbqb8w x6umtig x1b1mbwd xaqea5y xav7gou x9f619 x1ypdohk xt0psk2 xe8uvvx xdj266r x11i5rnm xat24cr x1mh8g0r xexx8yu x4uap5 x18d9i69 xkhd6sd x16tdsg8 x1hl2dhg xggy1nq x1a2a7pz xt0b8zv x1qq9wsj xo1l8bm\" tabindex=\"0\" role=\"link\" href=\"https:\/\/www.facebook.com\/hashtag\/untf?__eep__=6&amp;__cft__[0]=AZW2MVFwBS1Y45djBSjKACNajPk0x3wztI_HcHeK8nqhB8E02V9Si5grQJ3rOvnxzONpeGmIuCNAb0_d1Kk5r40hz6cOSJJ9CtavOmbVn7eityXT79L5rtIkvpnKzSLFOgc6_fsXmYfqztIwGHrGJuKNudNx5LxKef6bftSlDqVrsGp4uVZ5w2No2EbtOqG7vLQ&amp;__tn__=*NK-R\">#untf<\/a><\/div>\n<\/div>\n","protected":false},"excerpt":{"rendered":"<p>\ud835\uddd8\ud835\udde1\ud835\uddda\ud835\udddf\ud835\udddc\ud835\udde6\ud835\udddb \ud835\uddd5\ud835\uddd8\ud835\udddf\ud835\udde2\ud835\uddea: Kosova &#8211; Women 4 Women do t\u00eb p\u00ebrfaq\u00ebsohet me krenari n\u00eb Konferenc\u00ebn globale &#8220;Women Deliver 2023&#8221;, nj\u00eb tubim me mbi 6,000 persona q\u00eb synon avancimin e barazis\u00eb gjinore dhe adresimin e sfidave me t\u00eb cilat p\u00ebrballen vajzat dhe grat\u00eb n\u00eb mbar\u00eb bot\u00ebn. Laura Cakolli, Zyrtare e Projektit p\u00ebr projektin &#8220;Together Building Resilience&#8221; financuar [&hellip;]<\/p>\n","protected":false},"author":2,"featured_media":16209,"comment_status":"open","ping_status":"open","sticky":false,"template":"","format":"standard","meta":{"footnotes":""},"categories":[59],"tags":[],"class_list":["post-16208","post","type-post","status-publish","format-standard","has-post-thumbnail","hentry","category-lajme"],"yoast_head":"<!-- This site is optimized with the Yoast SEO plugin v27.0 - https:\/\/yoast.com\/product\/yoast-seo-wordpress\/ -->\n<title>Kosova - Women 4 Women do t\u00eb p\u00ebrfaq\u00ebsohet me krenari n\u00eb Konferenc\u00ebn globale &quot;Women Deliver 2023&quot; - KW4W<\/title>\n<meta name=\"robots\" content=\"index, follow, max-snippet:-1, max-image-preview:large, max-video-preview:-1\" \/>\n<link rel=\"canonical\" href=\"https:\/\/www.k-w4w.org\/en\/kosova-women-4-women-do-te-perfaqesohet-me-krenari-ne-konferencen-globale-women-deliver-2023\/\" \/>\n<meta property=\"og:locale\" content=\"en_US\" \/>\n<meta property=\"og:type\" content=\"article\" \/>\n<meta property=\"og:title\" content=\"Kosova - Women 4 Women do t\u00eb p\u00ebrfaq\u00ebsohet me krenari n\u00eb Konferenc\u00ebn globale &quot;Women Deliver 2023&quot; - KW4W\" \/>\n<meta property=\"og:description\" content=\"\ud835\uddd8\ud835\udde1\ud835\uddda\ud835\udddf\ud835\udddc\ud835\udde6\ud835\udddb \ud835\uddd5\ud835\uddd8\ud835\udddf\ud835\udde2\ud835\uddea: Kosova &#8211; Women 4 Women do t\u00eb p\u00ebrfaq\u00ebsohet me krenari n\u00eb Konferenc\u00ebn globale &#8220;Women Deliver 2023&#8221;, nj\u00eb tubim me mbi 6,000 persona q\u00eb synon avancimin e barazis\u00eb gjinore dhe adresimin e sfidave me t\u00eb cilat p\u00ebrballen vajzat dhe grat\u00eb n\u00eb mbar\u00eb bot\u00ebn. Laura Cakolli, Zyrtare e Projektit p\u00ebr projektin &#8220;Together Building Resilience&#8221; financuar [&hellip;]\" \/>\n<meta property=\"og:url\" content=\"https:\/\/www.k-w4w.org\/en\/kosova-women-4-women-do-te-perfaqesohet-me-krenari-ne-konferencen-globale-women-deliver-2023\/\" \/>\n<meta property=\"og:site_name\" content=\"KW4W\" \/>\n<meta property=\"article:publisher\" content=\"https:\/\/www.facebook.com\/KosovaWomen4Women\" \/>\n<meta property=\"article:published_time\" content=\"2023-07-19T09:24:14+00:00\" \/>\n<meta property=\"og:image\" content=\"https:\/\/www.k-w4w.org\/wp-content\/uploads\/2023\/07\/laura.jpg\" \/>\n\t<meta property=\"og:image:width\" content=\"956\" \/>\n\t<meta property=\"og:image:height\" content=\"2048\" \/>\n\t<meta property=\"og:image:type\" content=\"image\/jpeg\" \/>\n<meta name=\"author\" content=\"kw4w\" \/>\n<meta name=\"twitter:card\" content=\"summary_large_image\" \/>\n<meta name=\"twitter:label1\" content=\"Written by\" \/>\n\t<meta name=\"twitter:data1\" content=\"kw4w\" \/>\n\t<meta name=\"twitter:label2\" content=\"Est. reading time\" \/>\n\t<meta name=\"twitter:data2\" content=\"4 minutes\" \/>\n<script type=\"application\/ld+json\" class=\"yoast-schema-graph\">{\"@context\":\"https:\/\/schema.org\",\"@graph\":[{\"@type\":\"Article\",\"@id\":\"https:\/\/www.k-w4w.org\/kosova-women-4-women-do-te-perfaqesohet-me-krenari-ne-konferencen-globale-women-deliver-2023\/#article\",\"isPartOf\":{\"@id\":\"https:\/\/www.k-w4w.org\/kosova-women-4-women-do-te-perfaqesohet-me-krenari-ne-konferencen-globale-women-deliver-2023\/\"},\"author\":{\"name\":\"kw4w\",\"@id\":\"https:\/\/www.k-w4w.org\/en\/#\/schema\/person\/bea620f132061dd98aa21df3225035f4\"},\"headline\":\"Kosova &#8211; Women 4 Women do t\u00eb p\u00ebrfaq\u00ebsohet me krenari n\u00eb Konferenc\u00ebn globale &#8220;Women Deliver 2023&#8221;\",\"datePublished\":\"2023-07-19T09:24:14+00:00\",\"mainEntityOfPage\":{\"@id\":\"https:\/\/www.k-w4w.org\/kosova-women-4-women-do-te-perfaqesohet-me-krenari-ne-konferencen-globale-women-deliver-2023\/\"},\"wordCount\":831,\"commentCount\":0,\"publisher\":{\"@id\":\"https:\/\/www.k-w4w.org\/en\/#organization\"},\"image\":{\"@id\":\"https:\/\/www.k-w4w.org\/kosova-women-4-women-do-te-perfaqesohet-me-krenari-ne-konferencen-globale-women-deliver-2023\/#primaryimage\"},\"thumbnailUrl\":\"https:\/\/www.k-w4w.org\/wp-content\/uploads\/2023\/07\/laura.jpg\",\"articleSection\":[\"Lajme\"],\"inLanguage\":\"en-US\",\"potentialAction\":[{\"@type\":\"CommentAction\",\"name\":\"Comment\",\"target\":[\"https:\/\/www.k-w4w.org\/kosova-women-4-women-do-te-perfaqesohet-me-krenari-ne-konferencen-globale-women-deliver-2023\/#respond\"]}]},{\"@type\":\"WebPage\",\"@id\":\"https:\/\/www.k-w4w.org\/kosova-women-4-women-do-te-perfaqesohet-me-krenari-ne-konferencen-globale-women-deliver-2023\/\",\"url\":\"https:\/\/www.k-w4w.org\/kosova-women-4-women-do-te-perfaqesohet-me-krenari-ne-konferencen-globale-women-deliver-2023\/\",\"name\":\"Kosova - Women 4 Women do t\u00eb p\u00ebrfaq\u00ebsohet me krenari n\u00eb Konferenc\u00ebn globale \\\"Women Deliver 2023\\\" - KW4W\",\"isPartOf\":{\"@id\":\"https:\/\/www.k-w4w.org\/en\/#website\"},\"primaryImageOfPage\":{\"@id\":\"https:\/\/www.k-w4w.org\/kosova-women-4-women-do-te-perfaqesohet-me-krenari-ne-konferencen-globale-women-deliver-2023\/#primaryimage\"},\"image\":{\"@id\":\"https:\/\/www.k-w4w.org\/kosova-women-4-women-do-te-perfaqesohet-me-krenari-ne-konferencen-globale-women-deliver-2023\/#primaryimage\"},\"thumbnailUrl\":\"https:\/\/www.k-w4w.org\/wp-content\/uploads\/2023\/07\/laura.jpg\",\"datePublished\":\"2023-07-19T09:24:14+00:00\",\"breadcrumb\":{\"@id\":\"https:\/\/www.k-w4w.org\/kosova-women-4-women-do-te-perfaqesohet-me-krenari-ne-konferencen-globale-women-deliver-2023\/#breadcrumb\"},\"inLanguage\":\"en-US\",\"potentialAction\":[{\"@type\":\"ReadAction\",\"target\":[\"https:\/\/www.k-w4w.org\/kosova-women-4-women-do-te-perfaqesohet-me-krenari-ne-konferencen-globale-women-deliver-2023\/\"]}]},{\"@type\":\"ImageObject\",\"inLanguage\":\"en-US\",\"@id\":\"https:\/\/www.k-w4w.org\/kosova-women-4-women-do-te-perfaqesohet-me-krenari-ne-konferencen-globale-women-deliver-2023\/#primaryimage\",\"url\":\"https:\/\/www.k-w4w.org\/wp-content\/uploads\/2023\/07\/laura.jpg\",\"contentUrl\":\"https:\/\/www.k-w4w.org\/wp-content\/uploads\/2023\/07\/laura.jpg\",\"width\":956,\"height\":2048},{\"@type\":\"BreadcrumbList\",\"@id\":\"https:\/\/www.k-w4w.org\/kosova-women-4-women-do-te-perfaqesohet-me-krenari-ne-konferencen-globale-women-deliver-2023\/#breadcrumb\",\"itemListElement\":[{\"@type\":\"ListItem\",\"position\":1,\"name\":\"Home\",\"item\":\"https:\/\/www.k-w4w.org\/\"},{\"@type\":\"ListItem\",\"position\":2,\"name\":\"Kosova &#8211; Women 4 Women do t\u00eb p\u00ebrfaq\u00ebsohet me krenari n\u00eb Konferenc\u00ebn globale &#8220;Women Deliver 2023&#8221;\"}]},{\"@type\":\"WebSite\",\"@id\":\"https:\/\/www.k-w4w.org\/en\/#website\",\"url\":\"https:\/\/www.k-w4w.org\/en\/\",\"name\":\"KW4W\",\"description\":\"\",\"publisher\":{\"@id\":\"https:\/\/www.k-w4w.org\/en\/#organization\"},\"potentialAction\":[{\"@type\":\"SearchAction\",\"target\":{\"@type\":\"EntryPoint\",\"urlTemplate\":\"https:\/\/www.k-w4w.org\/en\/?s={search_term_string}\"},\"query-input\":{\"@type\":\"PropertyValueSpecification\",\"valueRequired\":true,\"valueName\":\"search_term_string\"}}],\"inLanguage\":\"en-US\"},{\"@type\":\"Organization\",\"@id\":\"https:\/\/www.k-w4w.org\/en\/#organization\",\"name\":\"KW4W\",\"url\":\"https:\/\/www.k-w4w.org\/en\/\",\"logo\":{\"@type\":\"ImageObject\",\"inLanguage\":\"en-US\",\"@id\":\"https:\/\/www.k-w4w.org\/en\/#\/schema\/logo\/image\/\",\"url\":\"https:\/\/www.k-w4w.org\/wp-content\/uploads\/2023\/02\/cropped-wfwi_logo_color_gradient_cmyk.jpg\",\"contentUrl\":\"https:\/\/www.k-w4w.org\/wp-content\/uploads\/2023\/02\/cropped-wfwi_logo_color_gradient_cmyk.jpg\",\"width\":1243,\"height\":199,\"caption\":\"KW4W\"},\"image\":{\"@id\":\"https:\/\/www.k-w4w.org\/en\/#\/schema\/logo\/image\/\"},\"sameAs\":[\"https:\/\/www.facebook.com\/KosovaWomen4Women\",\"https:\/\/www.instagram.com\/womenforwomenkosova\/\"]},{\"@type\":\"Person\",\"@id\":\"https:\/\/www.k-w4w.org\/en\/#\/schema\/person\/bea620f132061dd98aa21df3225035f4\",\"name\":\"kw4w\",\"image\":{\"@type\":\"ImageObject\",\"inLanguage\":\"en-US\",\"@id\":\"https:\/\/www.k-w4w.org\/en\/#\/schema\/person\/image\/\",\"url\":\"https:\/\/secure.gravatar.com\/avatar\/35dca332a41f9d006f5b77ee9d9b90ed02181b4dcf7b166dcf848cb4e40abd74?s=96&d=mm&r=g\",\"contentUrl\":\"https:\/\/secure.gravatar.com\/avatar\/35dca332a41f9d006f5b77ee9d9b90ed02181b4dcf7b166dcf848cb4e40abd74?s=96&d=mm&r=g\",\"caption\":\"kw4w\"},\"sameAs\":[\"https:\/\/www.k-w4w.org\/\"],\"url\":\"https:\/\/www.k-w4w.org\/en\/author\/kw4w\/\"}]}<\/script>\n<!-- \/ Yoast SEO plugin. -->","yoast_head_json":{"title":"Kosova - Women 4 Women do t\u00eb p\u00ebrfaq\u00ebsohet me krenari n\u00eb Konferenc\u00ebn globale \"Women Deliver 2023\" - KW4W","robots":{"index":"index","follow":"follow","max-snippet":"max-snippet:-1","max-image-preview":"max-image-preview:large","max-video-preview":"max-video-preview:-1"},"canonical":"https:\/\/www.k-w4w.org\/en\/kosova-women-4-women-do-te-perfaqesohet-me-krenari-ne-konferencen-globale-women-deliver-2023\/","og_locale":"en_US","og_type":"article","og_title":"Kosova - Women 4 Women do t\u00eb p\u00ebrfaq\u00ebsohet me krenari n\u00eb Konferenc\u00ebn globale \"Women Deliver 2023\" - KW4W","og_description":"\ud835\uddd8\ud835\udde1\ud835\uddda\ud835\udddf\ud835\udddc\ud835\udde6\ud835\udddb \ud835\uddd5\ud835\uddd8\ud835\udddf\ud835\udde2\ud835\uddea: Kosova &#8211; Women 4 Women do t\u00eb p\u00ebrfaq\u00ebsohet me krenari n\u00eb Konferenc\u00ebn globale &#8220;Women Deliver 2023&#8221;, nj\u00eb tubim me mbi 6,000 persona q\u00eb synon avancimin e barazis\u00eb gjinore dhe adresimin e sfidave me t\u00eb cilat p\u00ebrballen vajzat dhe grat\u00eb n\u00eb mbar\u00eb bot\u00ebn. Laura Cakolli, Zyrtare e Projektit p\u00ebr projektin &#8220;Together Building Resilience&#8221; financuar [&hellip;]","og_url":"https:\/\/www.k-w4w.org\/en\/kosova-women-4-women-do-te-perfaqesohet-me-krenari-ne-konferencen-globale-women-deliver-2023\/","og_site_name":"KW4W","article_publisher":"https:\/\/www.facebook.com\/KosovaWomen4Women","article_published_time":"2023-07-19T09:24:14+00:00","og_image":[{"width":956,"height":2048,"url":"https:\/\/www.k-w4w.org\/wp-content\/uploads\/2023\/07\/laura.jpg","type":"image\/jpeg"}],"author":"kw4w","twitter_card":"summary_large_image","twitter_misc":{"Written by":"kw4w","Est. reading time":"4 minutes"},"schema":{"@context":"https:\/\/schema.org","@graph":[{"@type":"Article","@id":"https:\/\/www.k-w4w.org\/kosova-women-4-women-do-te-perfaqesohet-me-krenari-ne-konferencen-globale-women-deliver-2023\/#article","isPartOf":{"@id":"https:\/\/www.k-w4w.org\/kosova-women-4-women-do-te-perfaqesohet-me-krenari-ne-konferencen-globale-women-deliver-2023\/"},"author":{"name":"kw4w","@id":"https:\/\/www.k-w4w.org\/en\/#\/schema\/person\/bea620f132061dd98aa21df3225035f4"},"headline":"Kosova &#8211; Women 4 Women do t\u00eb p\u00ebrfaq\u00ebsohet me krenari n\u00eb Konferenc\u00ebn globale &#8220;Women Deliver 2023&#8221;","datePublished":"2023-07-19T09:24:14+00:00","mainEntityOfPage":{"@id":"https:\/\/www.k-w4w.org\/kosova-women-4-women-do-te-perfaqesohet-me-krenari-ne-konferencen-globale-women-deliver-2023\/"},"wordCount":831,"commentCount":0,"publisher":{"@id":"https:\/\/www.k-w4w.org\/en\/#organization"},"image":{"@id":"https:\/\/www.k-w4w.org\/kosova-women-4-women-do-te-perfaqesohet-me-krenari-ne-konferencen-globale-women-deliver-2023\/#primaryimage"},"thumbnailUrl":"https:\/\/www.k-w4w.org\/wp-content\/uploads\/2023\/07\/laura.jpg","articleSection":["Lajme"],"inLanguage":"en-US","potentialAction":[{"@type":"CommentAction","name":"Comment","target":["https:\/\/www.k-w4w.org\/kosova-women-4-women-do-te-perfaqesohet-me-krenari-ne-konferencen-globale-women-deliver-2023\/#respond"]}]},{"@type":"WebPage","@id":"https:\/\/www.k-w4w.org\/kosova-women-4-women-do-te-perfaqesohet-me-krenari-ne-konferencen-globale-women-deliver-2023\/","url":"https:\/\/www.k-w4w.org\/kosova-women-4-women-do-te-perfaqesohet-me-krenari-ne-konferencen-globale-women-deliver-2023\/","name":"Kosova - Women 4 Women do t\u00eb p\u00ebrfaq\u00ebsohet me krenari n\u00eb Konferenc\u00ebn globale \"Women Deliver 2023\" - KW4W","isPartOf":{"@id":"https:\/\/www.k-w4w.org\/en\/#website"},"primaryImageOfPage":{"@id":"https:\/\/www.k-w4w.org\/kosova-women-4-women-do-te-perfaqesohet-me-krenari-ne-konferencen-globale-women-deliver-2023\/#primaryimage"},"image":{"@id":"https:\/\/www.k-w4w.org\/kosova-women-4-women-do-te-perfaqesohet-me-krenari-ne-konferencen-globale-women-deliver-2023\/#primaryimage"},"thumbnailUrl":"https:\/\/www.k-w4w.org\/wp-content\/uploads\/2023\/07\/laura.jpg","datePublished":"2023-07-19T09:24:14+00:00","breadcrumb":{"@id":"https:\/\/www.k-w4w.org\/kosova-women-4-women-do-te-perfaqesohet-me-krenari-ne-konferencen-globale-women-deliver-2023\/#breadcrumb"},"inLanguage":"en-US","potentialAction":[{"@type":"ReadAction","target":["https:\/\/www.k-w4w.org\/kosova-women-4-women-do-te-perfaqesohet-me-krenari-ne-konferencen-globale-women-deliver-2023\/"]}]},{"@type":"ImageObject","inLanguage":"en-US","@id":"https:\/\/www.k-w4w.org\/kosova-women-4-women-do-te-perfaqesohet-me-krenari-ne-konferencen-globale-women-deliver-2023\/#primaryimage","url":"https:\/\/www.k-w4w.org\/wp-content\/uploads\/2023\/07\/laura.jpg","contentUrl":"https:\/\/www.k-w4w.org\/wp-content\/uploads\/2023\/07\/laura.jpg","width":956,"height":2048},{"@type":"BreadcrumbList","@id":"https:\/\/www.k-w4w.org\/kosova-women-4-women-do-te-perfaqesohet-me-krenari-ne-konferencen-globale-women-deliver-2023\/#breadcrumb","itemListElement":[{"@type":"ListItem","position":1,"name":"Home","item":"https:\/\/www.k-w4w.org\/"},{"@type":"ListItem","position":2,"name":"Kosova &#8211; Women 4 Women do t\u00eb p\u00ebrfaq\u00ebsohet me krenari n\u00eb Konferenc\u00ebn globale &#8220;Women Deliver 2023&#8221;"}]},{"@type":"WebSite","@id":"https:\/\/www.k-w4w.org\/en\/#website","url":"https:\/\/www.k-w4w.org\/en\/","name":"KW4W","description":"","publisher":{"@id":"https:\/\/www.k-w4w.org\/en\/#organization"},"potentialAction":[{"@type":"SearchAction","target":{"@type":"EntryPoint","urlTemplate":"https:\/\/www.k-w4w.org\/en\/?s={search_term_string}"},"query-input":{"@type":"PropertyValueSpecification","valueRequired":true,"valueName":"search_term_string"}}],"inLanguage":"en-US"},{"@type":"Organization","@id":"https:\/\/www.k-w4w.org\/en\/#organization","name":"KW4W","url":"https:\/\/www.k-w4w.org\/en\/","logo":{"@type":"ImageObject","inLanguage":"en-US","@id":"https:\/\/www.k-w4w.org\/en\/#\/schema\/logo\/image\/","url":"https:\/\/www.k-w4w.org\/wp-content\/uploads\/2023\/02\/cropped-wfwi_logo_color_gradient_cmyk.jpg","contentUrl":"https:\/\/www.k-w4w.org\/wp-content\/uploads\/2023\/02\/cropped-wfwi_logo_color_gradient_cmyk.jpg","width":1243,"height":199,"caption":"KW4W"},"image":{"@id":"https:\/\/www.k-w4w.org\/en\/#\/schema\/logo\/image\/"},"sameAs":["https:\/\/www.facebook.com\/KosovaWomen4Women","https:\/\/www.instagram.com\/womenforwomenkosova\/"]},{"@type":"Person","@id":"https:\/\/www.k-w4w.org\/en\/#\/schema\/person\/bea620f132061dd98aa21df3225035f4","name":"kw4w","image":{"@type":"ImageObject","inLanguage":"en-US","@id":"https:\/\/www.k-w4w.org\/en\/#\/schema\/person\/image\/","url":"https:\/\/secure.gravatar.com\/avatar\/35dca332a41f9d006f5b77ee9d9b90ed02181b4dcf7b166dcf848cb4e40abd74?s=96&d=mm&r=g","contentUrl":"https:\/\/secure.gravatar.com\/avatar\/35dca332a41f9d006f5b77ee9d9b90ed02181b4dcf7b166dcf848cb4e40abd74?s=96&d=mm&r=g","caption":"kw4w"},"sameAs":["https:\/\/www.k-w4w.org\/"],"url":"https:\/\/www.k-w4w.org\/en\/author\/kw4w\/"}]}},"_links":{"self":[{"href":"https:\/\/www.k-w4w.org\/en\/wp-json\/wp\/v2\/posts\/16208","targetHints":{"allow":["GET"]}}],"collection":[{"href":"https:\/\/www.k-w4w.org\/en\/wp-json\/wp\/v2\/posts"}],"about":[{"href":"https:\/\/www.k-w4w.org\/en\/wp-json\/wp\/v2\/types\/post"}],"author":[{"embeddable":true,"href":"https:\/\/www.k-w4w.org\/en\/wp-json\/wp\/v2\/users\/2"}],"replies":[{"embeddable":true,"href":"https:\/\/www.k-w4w.org\/en\/wp-json\/wp\/v2\/comments?post=16208"}],"version-history":[{"count":1,"href":"https:\/\/www.k-w4w.org\/en\/wp-json\/wp\/v2\/posts\/16208\/revisions"}],"predecessor-version":[{"id":16210,"href":"https:\/\/www.k-w4w.org\/en\/wp-json\/wp\/v2\/posts\/16208\/revisions\/16210"}],"wp:featuredmedia":[{"embeddable":true,"href":"https:\/\/www.k-w4w.org\/en\/wp-json\/wp\/v2\/media\/16209"}],"wp:attachment":[{"href":"https:\/\/www.k-w4w.org\/en\/wp-json\/wp\/v2\/media?parent=16208"}],"wp:term":[{"taxonomy":"category","embeddable":true,"href":"https:\/\/www.k-w4w.org\/en\/wp-json\/wp\/v2\/categories?post=16208"},{"taxonomy":"post_tag","embeddable":true,"href":"https:\/\/www.k-w4w.org\/en\/wp-json\/wp\/v2\/tags?post=16208"}],"curies":[{"name":"wp","href":"https:\/\/api.w.org\/{rel}","templated":true}]}}