{"id":16516,"date":"2023-10-23T09:29:46","date_gmt":"2023-10-23T09:29:46","guid":{"rendered":"https:\/\/www.k-w4w.org\/?p=16516"},"modified":"2025-06-26T09:30:28","modified_gmt":"2025-06-26T09:30:28","slug":"se-bashku-ndertojme-reziliencen-punetoria-per-avokim-me-grate-nga-bradash-revuq-dhe-brod","status":"publish","type":"post","link":"https:\/\/www.k-w4w.org\/en\/se-bashku-ndertojme-reziliencen-punetoria-per-avokim-me-grate-nga-bradash-revuq-dhe-brod\/","title":{"rendered":"\u201cS\u00eb Bashku Nd\u00ebrtojm\u00eb Rezilienc\u00ebn\u201d: Pun\u00ebtoria p\u00ebr Avokim me Grat\u00eb nga Bradash, Revuq dhe Brod"},"content":{"rendered":"<div class=\"xdj266r x14z9mp xat24cr x1lziwak x1vvkbs x126k92a\">\n<div dir=\"auto\">Po ndodh tani: Grat\u00eb si Agjente t\u00eb Ndryshimit<\/div>\n<\/div>\n<div class=\"x14z9mp xat24cr x1lziwak x1vvkbs xtlvy1s x126k92a\">\n<div dir=\"auto\">Sot ka filluar pun\u00ebtoria 5-ditore p\u00ebr avokim me grat\u00eb nga fshatrat Bradash dhe Revuq t\u00eb Podujev\u00ebs, dhe fshatit Brod n\u00eb komun\u00ebn e Sht\u00ebrpc\u00ebs.<\/div>\n<\/div>\n<div class=\"x14z9mp xat24cr x1lziwak x1vvkbs xtlvy1s x126k92a\">\n<div dir=\"auto\">N\u00ebn facilitimin e Erza Kurtit, grat\u00eb do t\u00eb m\u00ebsojn\u00eb t\u00eb identifikojn\u00eb probleme me t\u00eb cilat sfidohen grat\u00eb n\u00eb komunat e tyre dhe t\u00eb p\u00ebrpilojn\u00eb plane t\u00eb avokimit p\u00ebr zgjidhjen e k\u00ebtyre problemeve.<\/div>\n<\/div>\n<div class=\"x14z9mp xat24cr x1lziwak x1vvkbs xtlvy1s x126k92a\">\n<div dir=\"auto\">Grat\u00eb jan\u00eb agjente t\u00eb r\u00ebnd\u00ebsishme t\u00eb ndryshimeve n\u00eb shoq\u00ebrin\u00eb ton\u00eb \u2013 kur fuqizohen ato q\u00eb t\u00eb merren me \u00e7\u00ebshtje n\u00eb m\u00ebnyr\u00eb direkte, fuqizohet i t\u00ebr\u00eb komuniteti.<\/div>\n<\/div>\n<div class=\"x14z9mp xat24cr x1lziwak x1vvkbs xtlvy1s x126k92a\">\n<div dir=\"auto\">Ky aktivitet u organizua n\u00eb kuad\u00ebr t\u00eb projektit \u201cS\u00eb Bashku Nd\u00ebrtojm\u00eb Rezilienc\u00ebn\u201d, t\u00eb financuar nga UN Trust Fund to End Violence against Women (UN Trust Fund).<\/div>\n<\/div>\n<div class=\"x14z9mp xat24cr x1lziwak x1vvkbs xtlvy1s x126k92a\">\n<div dir=\"auto\"><span class=\"html-span xdj266r x14z9mp xat24cr x1lziwak xexx8yu xyri2b x18d9i69 x1c1uobl x1hl2dhg x16tdsg8 x1vvkbs\"><a class=\"x1i10hfl xjbqb8w x1ejq31n x18oe1m7 x1sy0etr xstzfhl x972fbf x10w94by x1qhh985 x14e42zd x9f619 x1ypdohk xt0psk2 xe8uvvx xdj266r x14z9mp xat24cr x1lziwak xexx8yu xyri2b x18d9i69 x1c1uobl x16tdsg8 x1hl2dhg xggy1nq x1a2a7pz xkrqix3 x1sur9pj x1fey0fg x1s688f\" tabindex=\"0\" role=\"link\" href=\"https:\/\/www.facebook.com\/hashtag\/untf?__eep__=6&amp;__cft__[0]=AZWVUtVtU5qPOv8vGPgq1n6MrM9CxnNbjqMaC-GEHD7qs-v4JchRpFb3lhUsa7RTaWWYPMFTQP6-x_uiiK1eJlJs2NbVr_mg6E26KrTH4WSCng-eK8H8jPKRFlou9wnAPoMnMmkV7M6n_PD3hKxx-KcHIu276yUz8Twm2V5zL73kRasfZWeKBc9l0TVBucNUQXY&amp;__tn__=*NK-R\">#UNTF<\/a><\/span> <span class=\"html-span xdj266r x14z9mp xat24cr x1lziwak xexx8yu xyri2b x18d9i69 x1c1uobl x1hl2dhg x16tdsg8 x1vvkbs\"><a class=\"x1i10hfl xjbqb8w x1ejq31n x18oe1m7 x1sy0etr xstzfhl x972fbf x10w94by x1qhh985 x14e42zd x9f619 x1ypdohk xt0psk2 xe8uvvx xdj266r x14z9mp xat24cr x1lziwak xexx8yu xyri2b x18d9i69 x1c1uobl x16tdsg8 x1hl2dhg xggy1nq x1a2a7pz xkrqix3 x1sur9pj x1fey0fg x1s688f\" tabindex=\"0\" role=\"link\" href=\"https:\/\/www.facebook.com\/hashtag\/s%C3%ABbashkup%C3%ABrrezilienc%C3%AB?__eep__=6&amp;__cft__[0]=AZWVUtVtU5qPOv8vGPgq1n6MrM9CxnNbjqMaC-GEHD7qs-v4JchRpFb3lhUsa7RTaWWYPMFTQP6-x_uiiK1eJlJs2NbVr_mg6E26KrTH4WSCng-eK8H8jPKRFlou9wnAPoMnMmkV7M6n_PD3hKxx-KcHIu276yUz8Twm2V5zL73kRasfZWeKBc9l0TVBucNUQXY&amp;__tn__=*NK-R\">#S\u00ebBashkuP\u00ebrRezilienc\u00eb<\/a><\/span><\/div>\n<div dir=\"auto\"><span class=\"html-span xdj266r x14z9mp xat24cr x1lziwak xexx8yu xyri2b x18d9i69 x1c1uobl x1hl2dhg x16tdsg8 x1vvkbs\"><a class=\"x1i10hfl xjbqb8w x1ejq31n x18oe1m7 x1sy0etr xstzfhl x972fbf x10w94by x1qhh985 x14e42zd x9f619 x1ypdohk xt0psk2 xe8uvvx xdj266r x14z9mp xat24cr x1lziwak xexx8yu xyri2b x18d9i69 x1c1uobl x16tdsg8 x1hl2dhg xggy1nq x1a2a7pz xkrqix3 x1sur9pj x1fey0fg x1s688f\" tabindex=\"0\" role=\"link\" href=\"https:\/\/www.facebook.com\/hashtag\/strongwomen?__eep__=6&amp;__cft__[0]=AZWVUtVtU5qPOv8vGPgq1n6MrM9CxnNbjqMaC-GEHD7qs-v4JchRpFb3lhUsa7RTaWWYPMFTQP6-x_uiiK1eJlJs2NbVr_mg6E26KrTH4WSCng-eK8H8jPKRFlou9wnAPoMnMmkV7M6n_PD3hKxx-KcHIu276yUz8Twm2V5zL73kRasfZWeKBc9l0TVBucNUQXY&amp;__tn__=*NK-R\">#strongwomen<\/a><\/span><\/div>\n<\/div>\n<div class=\"x14z9mp xat24cr x1lziwak x1vvkbs xtlvy1s x126k92a\">\n<div dir=\"auto\">UN Trust Fund \u00ebsht\u00eb i vetmi mekaniz\u00ebm global p\u00ebr dh\u00ebnien e granteve, i dedikuar ekskluzivisht p\u00ebr adresimin e t\u00eb gjitha formave t\u00eb dhun\u00ebs ndaj grave dhe vajzave n\u00eb nivel lokal dhe komb\u00ebtar. Deri m\u00eb sot, UN Trust Fund ka mb\u00ebshtetur 646 iniciativa n\u00eb 140 vende dhe territore.<\/div>\n<div dir=\"auto\">.<\/div>\n<\/div>\n","protected":false},"excerpt":{"rendered":"<p>Po ndodh tani: Grat\u00eb si Agjente t\u00eb Ndryshimit Sot ka filluar pun\u00ebtoria 5-ditore p\u00ebr avokim me grat\u00eb nga fshatrat Bradash dhe Revuq t\u00eb Podujev\u00ebs, dhe fshatit Brod n\u00eb komun\u00ebn e Sht\u00ebrpc\u00ebs. N\u00ebn facilitimin e Erza Kurtit, grat\u00eb do t\u00eb m\u00ebsojn\u00eb t\u00eb identifikojn\u00eb probleme me t\u00eb cilat sfidohen grat\u00eb n\u00eb komunat e tyre dhe t\u00eb p\u00ebrpilojn\u00eb [&hellip;]<\/p>\n","protected":false},"author":2,"featured_media":16517,"comment_status":"open","ping_status":"open","sticky":false,"template":"","format":"standard","meta":{"footnotes":""},"categories":[59],"tags":[],"class_list":["post-16516","post","type-post","status-publish","format-standard","has-post-thumbnail","hentry","category-lajme"],"yoast_head":"<!-- This site is optimized with the Yoast SEO plugin v27.0 - https:\/\/yoast.com\/product\/yoast-seo-wordpress\/ -->\n<title>\u201cS\u00eb Bashku Nd\u00ebrtojm\u00eb Rezilienc\u00ebn\u201d: Pun\u00ebtoria p\u00ebr Avokim me Grat\u00eb nga Bradash, Revuq dhe Brod - KW4W<\/title>\n<meta name=\"robots\" content=\"index, follow, max-snippet:-1, max-image-preview:large, max-video-preview:-1\" \/>\n<link rel=\"canonical\" href=\"https:\/\/www.k-w4w.org\/en\/se-bashku-ndertojme-reziliencen-punetoria-per-avokim-me-grate-nga-bradash-revuq-dhe-brod\/\" \/>\n<meta property=\"og:locale\" content=\"en_US\" \/>\n<meta property=\"og:type\" content=\"article\" \/>\n<meta property=\"og:title\" content=\"\u201cS\u00eb Bashku Nd\u00ebrtojm\u00eb Rezilienc\u00ebn\u201d: Pun\u00ebtoria p\u00ebr Avokim me Grat\u00eb nga Bradash, Revuq dhe Brod - KW4W\" \/>\n<meta property=\"og:description\" content=\"Po ndodh tani: Grat\u00eb si Agjente t\u00eb Ndryshimit Sot ka filluar pun\u00ebtoria 5-ditore p\u00ebr avokim me grat\u00eb nga fshatrat Bradash dhe Revuq t\u00eb Podujev\u00ebs, dhe fshatit Brod n\u00eb komun\u00ebn e Sht\u00ebrpc\u00ebs. N\u00ebn facilitimin e Erza Kurtit, grat\u00eb do t\u00eb m\u00ebsojn\u00eb t\u00eb identifikojn\u00eb probleme me t\u00eb cilat sfidohen grat\u00eb n\u00eb komunat e tyre dhe t\u00eb p\u00ebrpilojn\u00eb [&hellip;]\" \/>\n<meta property=\"og:url\" content=\"https:\/\/www.k-w4w.org\/en\/se-bashku-ndertojme-reziliencen-punetoria-per-avokim-me-grate-nga-bradash-revuq-dhe-brod\/\" \/>\n<meta property=\"og:site_name\" content=\"KW4W\" \/>\n<meta property=\"article:publisher\" content=\"https:\/\/www.facebook.com\/KosovaWomen4Women\" \/>\n<meta property=\"article:published_time\" content=\"2023-10-23T09:29:46+00:00\" \/>\n<meta property=\"article:modified_time\" content=\"2025-06-26T09:30:28+00:00\" \/>\n<meta property=\"og:image\" content=\"https:\/\/www.k-w4w.org\/wp-content\/uploads\/2025\/06\/idk.jpg\" \/>\n\t<meta property=\"og:image:width\" content=\"2048\" \/>\n\t<meta property=\"og:image:height\" content=\"1365\" \/>\n\t<meta property=\"og:image:type\" content=\"image\/jpeg\" \/>\n<meta name=\"author\" content=\"kw4w\" \/>\n<meta name=\"twitter:card\" content=\"summary_large_image\" \/>\n<meta name=\"twitter:label1\" content=\"Written by\" \/>\n\t<meta name=\"twitter:data1\" content=\"kw4w\" \/>\n\t<meta name=\"twitter:label2\" content=\"Est. reading time\" \/>\n\t<meta name=\"twitter:data2\" content=\"1 minute\" \/>\n<script type=\"application\/ld+json\" class=\"yoast-schema-graph\">{\"@context\":\"https:\/\/schema.org\",\"@graph\":[{\"@type\":\"Article\",\"@id\":\"https:\/\/www.k-w4w.org\/se-bashku-ndertojme-reziliencen-punetoria-per-avokim-me-grate-nga-bradash-revuq-dhe-brod\/#article\",\"isPartOf\":{\"@id\":\"https:\/\/www.k-w4w.org\/se-bashku-ndertojme-reziliencen-punetoria-per-avokim-me-grate-nga-bradash-revuq-dhe-brod\/\"},\"author\":{\"name\":\"kw4w\",\"@id\":\"https:\/\/www.k-w4w.org\/en\/#\/schema\/person\/bea620f132061dd98aa21df3225035f4\"},\"headline\":\"\u201cS\u00eb Bashku Nd\u00ebrtojm\u00eb Rezilienc\u00ebn\u201d: Pun\u00ebtoria p\u00ebr Avokim me Grat\u00eb nga Bradash, Revuq dhe Brod\",\"datePublished\":\"2023-10-23T09:29:46+00:00\",\"dateModified\":\"2025-06-26T09:30:28+00:00\",\"mainEntityOfPage\":{\"@id\":\"https:\/\/www.k-w4w.org\/se-bashku-ndertojme-reziliencen-punetoria-per-avokim-me-grate-nga-bradash-revuq-dhe-brod\/\"},\"wordCount\":208,\"commentCount\":0,\"publisher\":{\"@id\":\"https:\/\/www.k-w4w.org\/en\/#organization\"},\"image\":{\"@id\":\"https:\/\/www.k-w4w.org\/se-bashku-ndertojme-reziliencen-punetoria-per-avokim-me-grate-nga-bradash-revuq-dhe-brod\/#primaryimage\"},\"thumbnailUrl\":\"https:\/\/www.k-w4w.org\/wp-content\/uploads\/2025\/06\/idk.jpg\",\"articleSection\":[\"Lajme\"],\"inLanguage\":\"en-US\",\"potentialAction\":[{\"@type\":\"CommentAction\",\"name\":\"Comment\",\"target\":[\"https:\/\/www.k-w4w.org\/se-bashku-ndertojme-reziliencen-punetoria-per-avokim-me-grate-nga-bradash-revuq-dhe-brod\/#respond\"]}]},{\"@type\":\"WebPage\",\"@id\":\"https:\/\/www.k-w4w.org\/se-bashku-ndertojme-reziliencen-punetoria-per-avokim-me-grate-nga-bradash-revuq-dhe-brod\/\",\"url\":\"https:\/\/www.k-w4w.org\/se-bashku-ndertojme-reziliencen-punetoria-per-avokim-me-grate-nga-bradash-revuq-dhe-brod\/\",\"name\":\"\u201cS\u00eb Bashku Nd\u00ebrtojm\u00eb Rezilienc\u00ebn\u201d: Pun\u00ebtoria p\u00ebr Avokim me Grat\u00eb nga Bradash, Revuq dhe Brod - KW4W\",\"isPartOf\":{\"@id\":\"https:\/\/www.k-w4w.org\/en\/#website\"},\"primaryImageOfPage\":{\"@id\":\"https:\/\/www.k-w4w.org\/se-bashku-ndertojme-reziliencen-punetoria-per-avokim-me-grate-nga-bradash-revuq-dhe-brod\/#primaryimage\"},\"image\":{\"@id\":\"https:\/\/www.k-w4w.org\/se-bashku-ndertojme-reziliencen-punetoria-per-avokim-me-grate-nga-bradash-revuq-dhe-brod\/#primaryimage\"},\"thumbnailUrl\":\"https:\/\/www.k-w4w.org\/wp-content\/uploads\/2025\/06\/idk.jpg\",\"datePublished\":\"2023-10-23T09:29:46+00:00\",\"dateModified\":\"2025-06-26T09:30:28+00:00\",\"breadcrumb\":{\"@id\":\"https:\/\/www.k-w4w.org\/se-bashku-ndertojme-reziliencen-punetoria-per-avokim-me-grate-nga-bradash-revuq-dhe-brod\/#breadcrumb\"},\"inLanguage\":\"en-US\",\"potentialAction\":[{\"@type\":\"ReadAction\",\"target\":[\"https:\/\/www.k-w4w.org\/se-bashku-ndertojme-reziliencen-punetoria-per-avokim-me-grate-nga-bradash-revuq-dhe-brod\/\"]}]},{\"@type\":\"ImageObject\",\"inLanguage\":\"en-US\",\"@id\":\"https:\/\/www.k-w4w.org\/se-bashku-ndertojme-reziliencen-punetoria-per-avokim-me-grate-nga-bradash-revuq-dhe-brod\/#primaryimage\",\"url\":\"https:\/\/www.k-w4w.org\/wp-content\/uploads\/2025\/06\/idk.jpg\",\"contentUrl\":\"https:\/\/www.k-w4w.org\/wp-content\/uploads\/2025\/06\/idk.jpg\",\"width\":2048,\"height\":1365},{\"@type\":\"BreadcrumbList\",\"@id\":\"https:\/\/www.k-w4w.org\/se-bashku-ndertojme-reziliencen-punetoria-per-avokim-me-grate-nga-bradash-revuq-dhe-brod\/#breadcrumb\",\"itemListElement\":[{\"@type\":\"ListItem\",\"position\":1,\"name\":\"Home\",\"item\":\"https:\/\/www.k-w4w.org\/\"},{\"@type\":\"ListItem\",\"position\":2,\"name\":\"\u201cS\u00eb Bashku Nd\u00ebrtojm\u00eb Rezilienc\u00ebn\u201d: Pun\u00ebtoria p\u00ebr Avokim me Grat\u00eb nga Bradash, Revuq dhe Brod\"}]},{\"@type\":\"WebSite\",\"@id\":\"https:\/\/www.k-w4w.org\/en\/#website\",\"url\":\"https:\/\/www.k-w4w.org\/en\/\",\"name\":\"KW4W\",\"description\":\"\",\"publisher\":{\"@id\":\"https:\/\/www.k-w4w.org\/en\/#organization\"},\"potentialAction\":[{\"@type\":\"SearchAction\",\"target\":{\"@type\":\"EntryPoint\",\"urlTemplate\":\"https:\/\/www.k-w4w.org\/en\/?s={search_term_string}\"},\"query-input\":{\"@type\":\"PropertyValueSpecification\",\"valueRequired\":true,\"valueName\":\"search_term_string\"}}],\"inLanguage\":\"en-US\"},{\"@type\":\"Organization\",\"@id\":\"https:\/\/www.k-w4w.org\/en\/#organization\",\"name\":\"KW4W\",\"url\":\"https:\/\/www.k-w4w.org\/en\/\",\"logo\":{\"@type\":\"ImageObject\",\"inLanguage\":\"en-US\",\"@id\":\"https:\/\/www.k-w4w.org\/en\/#\/schema\/logo\/image\/\",\"url\":\"https:\/\/www.k-w4w.org\/wp-content\/uploads\/2023\/02\/cropped-wfwi_logo_color_gradient_cmyk.jpg\",\"contentUrl\":\"https:\/\/www.k-w4w.org\/wp-content\/uploads\/2023\/02\/cropped-wfwi_logo_color_gradient_cmyk.jpg\",\"width\":1243,\"height\":199,\"caption\":\"KW4W\"},\"image\":{\"@id\":\"https:\/\/www.k-w4w.org\/en\/#\/schema\/logo\/image\/\"},\"sameAs\":[\"https:\/\/www.facebook.com\/KosovaWomen4Women\",\"https:\/\/www.instagram.com\/womenforwomenkosova\/\"]},{\"@type\":\"Person\",\"@id\":\"https:\/\/www.k-w4w.org\/en\/#\/schema\/person\/bea620f132061dd98aa21df3225035f4\",\"name\":\"kw4w\",\"image\":{\"@type\":\"ImageObject\",\"inLanguage\":\"en-US\",\"@id\":\"https:\/\/www.k-w4w.org\/en\/#\/schema\/person\/image\/\",\"url\":\"https:\/\/secure.gravatar.com\/avatar\/35dca332a41f9d006f5b77ee9d9b90ed02181b4dcf7b166dcf848cb4e40abd74?s=96&d=mm&r=g\",\"contentUrl\":\"https:\/\/secure.gravatar.com\/avatar\/35dca332a41f9d006f5b77ee9d9b90ed02181b4dcf7b166dcf848cb4e40abd74?s=96&d=mm&r=g\",\"caption\":\"kw4w\"},\"sameAs\":[\"https:\/\/www.k-w4w.org\/\"],\"url\":\"https:\/\/www.k-w4w.org\/en\/author\/kw4w\/\"}]}<\/script>\n<!-- \/ Yoast SEO plugin. -->","yoast_head_json":{"title":"\u201cS\u00eb Bashku Nd\u00ebrtojm\u00eb Rezilienc\u00ebn\u201d: Pun\u00ebtoria p\u00ebr Avokim me Grat\u00eb nga Bradash, Revuq dhe Brod - KW4W","robots":{"index":"index","follow":"follow","max-snippet":"max-snippet:-1","max-image-preview":"max-image-preview:large","max-video-preview":"max-video-preview:-1"},"canonical":"https:\/\/www.k-w4w.org\/en\/se-bashku-ndertojme-reziliencen-punetoria-per-avokim-me-grate-nga-bradash-revuq-dhe-brod\/","og_locale":"en_US","og_type":"article","og_title":"\u201cS\u00eb Bashku Nd\u00ebrtojm\u00eb Rezilienc\u00ebn\u201d: Pun\u00ebtoria p\u00ebr Avokim me Grat\u00eb nga Bradash, Revuq dhe Brod - KW4W","og_description":"Po ndodh tani: Grat\u00eb si Agjente t\u00eb Ndryshimit Sot ka filluar pun\u00ebtoria 5-ditore p\u00ebr avokim me grat\u00eb nga fshatrat Bradash dhe Revuq t\u00eb Podujev\u00ebs, dhe fshatit Brod n\u00eb komun\u00ebn e Sht\u00ebrpc\u00ebs. N\u00ebn facilitimin e Erza Kurtit, grat\u00eb do t\u00eb m\u00ebsojn\u00eb t\u00eb identifikojn\u00eb probleme me t\u00eb cilat sfidohen grat\u00eb n\u00eb komunat e tyre dhe t\u00eb p\u00ebrpilojn\u00eb [&hellip;]","og_url":"https:\/\/www.k-w4w.org\/en\/se-bashku-ndertojme-reziliencen-punetoria-per-avokim-me-grate-nga-bradash-revuq-dhe-brod\/","og_site_name":"KW4W","article_publisher":"https:\/\/www.facebook.com\/KosovaWomen4Women","article_published_time":"2023-10-23T09:29:46+00:00","article_modified_time":"2025-06-26T09:30:28+00:00","og_image":[{"width":2048,"height":1365,"url":"https:\/\/www.k-w4w.org\/wp-content\/uploads\/2025\/06\/idk.jpg","type":"image\/jpeg"}],"author":"kw4w","twitter_card":"summary_large_image","twitter_misc":{"Written by":"kw4w","Est. reading time":"1 minute"},"schema":{"@context":"https:\/\/schema.org","@graph":[{"@type":"Article","@id":"https:\/\/www.k-w4w.org\/se-bashku-ndertojme-reziliencen-punetoria-per-avokim-me-grate-nga-bradash-revuq-dhe-brod\/#article","isPartOf":{"@id":"https:\/\/www.k-w4w.org\/se-bashku-ndertojme-reziliencen-punetoria-per-avokim-me-grate-nga-bradash-revuq-dhe-brod\/"},"author":{"name":"kw4w","@id":"https:\/\/www.k-w4w.org\/en\/#\/schema\/person\/bea620f132061dd98aa21df3225035f4"},"headline":"\u201cS\u00eb Bashku Nd\u00ebrtojm\u00eb Rezilienc\u00ebn\u201d: Pun\u00ebtoria p\u00ebr Avokim me Grat\u00eb nga Bradash, Revuq dhe Brod","datePublished":"2023-10-23T09:29:46+00:00","dateModified":"2025-06-26T09:30:28+00:00","mainEntityOfPage":{"@id":"https:\/\/www.k-w4w.org\/se-bashku-ndertojme-reziliencen-punetoria-per-avokim-me-grate-nga-bradash-revuq-dhe-brod\/"},"wordCount":208,"commentCount":0,"publisher":{"@id":"https:\/\/www.k-w4w.org\/en\/#organization"},"image":{"@id":"https:\/\/www.k-w4w.org\/se-bashku-ndertojme-reziliencen-punetoria-per-avokim-me-grate-nga-bradash-revuq-dhe-brod\/#primaryimage"},"thumbnailUrl":"https:\/\/www.k-w4w.org\/wp-content\/uploads\/2025\/06\/idk.jpg","articleSection":["Lajme"],"inLanguage":"en-US","potentialAction":[{"@type":"CommentAction","name":"Comment","target":["https:\/\/www.k-w4w.org\/se-bashku-ndertojme-reziliencen-punetoria-per-avokim-me-grate-nga-bradash-revuq-dhe-brod\/#respond"]}]},{"@type":"WebPage","@id":"https:\/\/www.k-w4w.org\/se-bashku-ndertojme-reziliencen-punetoria-per-avokim-me-grate-nga-bradash-revuq-dhe-brod\/","url":"https:\/\/www.k-w4w.org\/se-bashku-ndertojme-reziliencen-punetoria-per-avokim-me-grate-nga-bradash-revuq-dhe-brod\/","name":"\u201cS\u00eb Bashku Nd\u00ebrtojm\u00eb Rezilienc\u00ebn\u201d: Pun\u00ebtoria p\u00ebr Avokim me Grat\u00eb nga Bradash, Revuq dhe Brod - KW4W","isPartOf":{"@id":"https:\/\/www.k-w4w.org\/en\/#website"},"primaryImageOfPage":{"@id":"https:\/\/www.k-w4w.org\/se-bashku-ndertojme-reziliencen-punetoria-per-avokim-me-grate-nga-bradash-revuq-dhe-brod\/#primaryimage"},"image":{"@id":"https:\/\/www.k-w4w.org\/se-bashku-ndertojme-reziliencen-punetoria-per-avokim-me-grate-nga-bradash-revuq-dhe-brod\/#primaryimage"},"thumbnailUrl":"https:\/\/www.k-w4w.org\/wp-content\/uploads\/2025\/06\/idk.jpg","datePublished":"2023-10-23T09:29:46+00:00","dateModified":"2025-06-26T09:30:28+00:00","breadcrumb":{"@id":"https:\/\/www.k-w4w.org\/se-bashku-ndertojme-reziliencen-punetoria-per-avokim-me-grate-nga-bradash-revuq-dhe-brod\/#breadcrumb"},"inLanguage":"en-US","potentialAction":[{"@type":"ReadAction","target":["https:\/\/www.k-w4w.org\/se-bashku-ndertojme-reziliencen-punetoria-per-avokim-me-grate-nga-bradash-revuq-dhe-brod\/"]}]},{"@type":"ImageObject","inLanguage":"en-US","@id":"https:\/\/www.k-w4w.org\/se-bashku-ndertojme-reziliencen-punetoria-per-avokim-me-grate-nga-bradash-revuq-dhe-brod\/#primaryimage","url":"https:\/\/www.k-w4w.org\/wp-content\/uploads\/2025\/06\/idk.jpg","contentUrl":"https:\/\/www.k-w4w.org\/wp-content\/uploads\/2025\/06\/idk.jpg","width":2048,"height":1365},{"@type":"BreadcrumbList","@id":"https:\/\/www.k-w4w.org\/se-bashku-ndertojme-reziliencen-punetoria-per-avokim-me-grate-nga-bradash-revuq-dhe-brod\/#breadcrumb","itemListElement":[{"@type":"ListItem","position":1,"name":"Home","item":"https:\/\/www.k-w4w.org\/"},{"@type":"ListItem","position":2,"name":"\u201cS\u00eb Bashku Nd\u00ebrtojm\u00eb Rezilienc\u00ebn\u201d: Pun\u00ebtoria p\u00ebr Avokim me Grat\u00eb nga Bradash, Revuq dhe Brod"}]},{"@type":"WebSite","@id":"https:\/\/www.k-w4w.org\/en\/#website","url":"https:\/\/www.k-w4w.org\/en\/","name":"KW4W","description":"","publisher":{"@id":"https:\/\/www.k-w4w.org\/en\/#organization"},"potentialAction":[{"@type":"SearchAction","target":{"@type":"EntryPoint","urlTemplate":"https:\/\/www.k-w4w.org\/en\/?s={search_term_string}"},"query-input":{"@type":"PropertyValueSpecification","valueRequired":true,"valueName":"search_term_string"}}],"inLanguage":"en-US"},{"@type":"Organization","@id":"https:\/\/www.k-w4w.org\/en\/#organization","name":"KW4W","url":"https:\/\/www.k-w4w.org\/en\/","logo":{"@type":"ImageObject","inLanguage":"en-US","@id":"https:\/\/www.k-w4w.org\/en\/#\/schema\/logo\/image\/","url":"https:\/\/www.k-w4w.org\/wp-content\/uploads\/2023\/02\/cropped-wfwi_logo_color_gradient_cmyk.jpg","contentUrl":"https:\/\/www.k-w4w.org\/wp-content\/uploads\/2023\/02\/cropped-wfwi_logo_color_gradient_cmyk.jpg","width":1243,"height":199,"caption":"KW4W"},"image":{"@id":"https:\/\/www.k-w4w.org\/en\/#\/schema\/logo\/image\/"},"sameAs":["https:\/\/www.facebook.com\/KosovaWomen4Women","https:\/\/www.instagram.com\/womenforwomenkosova\/"]},{"@type":"Person","@id":"https:\/\/www.k-w4w.org\/en\/#\/schema\/person\/bea620f132061dd98aa21df3225035f4","name":"kw4w","image":{"@type":"ImageObject","inLanguage":"en-US","@id":"https:\/\/www.k-w4w.org\/en\/#\/schema\/person\/image\/","url":"https:\/\/secure.gravatar.com\/avatar\/35dca332a41f9d006f5b77ee9d9b90ed02181b4dcf7b166dcf848cb4e40abd74?s=96&d=mm&r=g","contentUrl":"https:\/\/secure.gravatar.com\/avatar\/35dca332a41f9d006f5b77ee9d9b90ed02181b4dcf7b166dcf848cb4e40abd74?s=96&d=mm&r=g","caption":"kw4w"},"sameAs":["https:\/\/www.k-w4w.org\/"],"url":"https:\/\/www.k-w4w.org\/en\/author\/kw4w\/"}]}},"_links":{"self":[{"href":"https:\/\/www.k-w4w.org\/en\/wp-json\/wp\/v2\/posts\/16516","targetHints":{"allow":["GET"]}}],"collection":[{"href":"https:\/\/www.k-w4w.org\/en\/wp-json\/wp\/v2\/posts"}],"about":[{"href":"https:\/\/www.k-w4w.org\/en\/wp-json\/wp\/v2\/types\/post"}],"author":[{"embeddable":true,"href":"https:\/\/www.k-w4w.org\/en\/wp-json\/wp\/v2\/users\/2"}],"replies":[{"embeddable":true,"href":"https:\/\/www.k-w4w.org\/en\/wp-json\/wp\/v2\/comments?post=16516"}],"version-history":[{"count":1,"href":"https:\/\/www.k-w4w.org\/en\/wp-json\/wp\/v2\/posts\/16516\/revisions"}],"predecessor-version":[{"id":16518,"href":"https:\/\/www.k-w4w.org\/en\/wp-json\/wp\/v2\/posts\/16516\/revisions\/16518"}],"wp:featuredmedia":[{"embeddable":true,"href":"https:\/\/www.k-w4w.org\/en\/wp-json\/wp\/v2\/media\/16517"}],"wp:attachment":[{"href":"https:\/\/www.k-w4w.org\/en\/wp-json\/wp\/v2\/media?parent=16516"}],"wp:term":[{"taxonomy":"category","embeddable":true,"href":"https:\/\/www.k-w4w.org\/en\/wp-json\/wp\/v2\/categories?post=16516"},{"taxonomy":"post_tag","embeddable":true,"href":"https:\/\/www.k-w4w.org\/en\/wp-json\/wp\/v2\/tags?post=16516"}],"curies":[{"name":"wp","href":"https:\/\/api.w.org\/{rel}","templated":true}]}}