{"id":16597,"date":"2024-05-02T12:55:44","date_gmt":"2024-05-02T12:55:44","guid":{"rendered":"https:\/\/www.k-w4w.org\/?p=16597"},"modified":"2025-06-26T12:59:03","modified_gmt":"2025-06-26T12:59:03","slug":"komuna-e-podujeves-organizoi-punetorine-tre-ditore-per-pergatitjen-e-planeve-te-mitigimit-te-dhunes-me-baze-gjinore-duke-perfshire-analizen-e-sfida-te-pas-pandemise-covid-19-dhe-strategjite-e-avokimi","status":"publish","type":"post","link":"https:\/\/www.k-w4w.org\/en\/komuna-e-podujeves-organizoi-punetorine-tre-ditore-per-pergatitjen-e-planeve-te-mitigimit-te-dhunes-me-baze-gjinore-duke-perfshire-analizen-e-sfida-te-pas-pandemise-covid-19-dhe-strategjite-e-avokimi\/","title":{"rendered":"Komuna e Podujev\u00ebs Organizoi Pun\u00ebtorin\u00eb Tre-ditore p\u00ebr P\u00ebrgatitjen e Planeve t\u00eb Mitigimit t\u00eb Dhun\u00ebs me Baz\u00eb Gjinore, Duke P\u00ebrfshir\u00eb Analiz\u00ebn e Sfida t\u00eb Pas-pandemis\u00eb COVID-19 dhe Strategjit\u00eb e Avokimit p\u00ebr Forcimin e Mbrojtjes s\u00eb Vajzave dhe Grave"},"content":{"rendered":"<div class=\"xdj266r x14z9mp xat24cr x1lziwak x1vvkbs x126k92a\">\n<div dir=\"auto\">Ka filluar pun\u00ebtoria tre-ditore p\u00ebr p\u00ebrgaditjen e planeve t\u00eb mitigimit n\u00eb komun\u00ebn e Podujev\u00ebs. Gjat\u00eb k\u00ebtyre tre dit\u00ebve, p\u00ebrfaq\u00ebsues nga institucionet, t\u00eb dedikuara p\u00ebr mbrojtjen dhe parandalimin e dhun\u00ebs me baz\u00eb gjinore, do t\u00eb bashk\u00ebpunojn\u00eb p\u00ebr t\u00eb vler\u00ebsuar sfidat specifike q\u00eb rrjedhin nga pandemia COVID-19. Pas k\u00ebtij vler\u00ebsimi, ata do t\u00eb analizojn\u00eb kuadrin ligjor ekzistues dhe do t\u00eb eksplorojn\u00eb strategjit\u00eb e avokimit q\u00eb synojn\u00eb forcimin e t\u00eb drejtave dhe mbrojtjen e vajzave dhe grave. Q\u00ebllimi p\u00ebrfundimtar \u00ebsht\u00eb t\u00eb zhvillohet nj\u00eb plan gjith\u00ebp\u00ebrfshir\u00ebs p\u00ebr angazhimin e komuniteteve dhe institucioneve lokale n\u00eb p\u00ebrpjekjet p\u00ebr t\u00eb parandaluar dhun\u00ebn me baz\u00eb gjinore.<\/div>\n<\/div>\n<div class=\"x14z9mp xat24cr x1lziwak x1vvkbs xtlvy1s x126k92a\">\n<div dir=\"auto\">K\u00ebto pun\u00ebtori, n\u00ebn fasilitimin e ekspertes Jorida Xhafaj, kan\u00eb mbledhur bashk\u00eb Musa Meha, Prokuror n\u00eb Prokurorin\u00eb Themelore n\u00eb Prishtin\u00eb; Lulzime Hasani, P\u00ebrfaq\u00ebsuese e Nj\u00ebsitit t\u00eb Dhun\u00ebs n\u00eb Familje n\u00eb Stacionin Policor n\u00eb Podujev\u00eb; Adelina Stublla, Drejtore n\u00eb Drejtorin\u00eb e Sh\u00ebndet\u00ebsis\u00eb dhe Mir\u00ebqenies Sociale n\u00eb Podujev\u00eb; Makfirete Zeka, Drejtore e Qendr\u00ebs p\u00ebr Pun\u00eb Sociale n\u00eb Podujev\u00eb; Naime Podvorica Bajrami, Zyrtare p\u00ebr Barazi Gjinore dhe t\u00eb Drejta t\u00eb Njeriut n\u00eb Podujev\u00eb; Zana Asllani, Drejtore n\u00eb Qendr\u00ebn p\u00ebr Mbrojtjen e Grave dhe F\u00ebmij\u00ebve n\u00eb Prishtin\u00eb.<\/div>\n<\/div>\n<div class=\"x14z9mp xat24cr x1lziwak x1vvkbs xtlvy1s x126k92a\">\n<div dir=\"auto\">Pun\u00ebtorit\u00eb po zhvillohen n\u00eb kuad\u00ebr t\u00eb projektit \u201cTogether Building Resilience\u201d i financuar nga Fondi i Mir\u00ebbesimit i OKB-s\u00eb p\u00ebr t&#8217;i dh\u00ebn\u00eb fund dhun\u00ebs kund\u00ebr grave (UN Trust Fund). Fondi i Mir\u00ebbesimit i OKB-s\u00eb p\u00ebr t&#8217;i dh\u00ebn\u00eb fund dhun\u00ebs ndaj grave (UN Trust Fund) \u00ebsht\u00eb i vetmi mekaniz\u00ebm global p\u00ebr dh\u00ebnien e granteve i dedikuar ekskluzivisht p\u00ebr t\u00eb adresuar t\u00eb gjitha format e dhun\u00ebs ndaj grave dhe vajzave n\u00eb nivel lokal dhe komb\u00ebtar. Deri m\u00eb sot, Fondi i Mir\u00ebbesimit i OKB-s\u00eb ka dh\u00ebn\u00eb 215 milion\u00eb dollar\u00eb p\u00ebr 646 iniciativa n\u00eb 140 vende dhe territore.<\/div>\n<\/div>","protected":false},"excerpt":{"rendered":"<p>Ka filluar pun\u00ebtoria tre-ditore p\u00ebr p\u00ebrgaditjen e planeve t\u00eb mitigimit n\u00eb komun\u00ebn e Podujev\u00ebs. Gjat\u00eb k\u00ebtyre tre dit\u00ebve, p\u00ebrfaq\u00ebsues nga institucionet, t\u00eb dedikuara p\u00ebr mbrojtjen dhe parandalimin e dhun\u00ebs me baz\u00eb gjinore, do t\u00eb bashk\u00ebpunojn\u00eb p\u00ebr t\u00eb vler\u00ebsuar sfidat specifike q\u00eb rrjedhin nga pandemia COVID-19. Pas k\u00ebtij vler\u00ebsimi, ata do t\u00eb analizojn\u00eb kuadrin ligjor ekzistues [&hellip;]<\/p>\n","protected":false},"author":2,"featured_media":16598,"comment_status":"open","ping_status":"open","sticky":false,"template":"","format":"standard","meta":{"footnotes":""},"categories":[59],"tags":[],"class_list":["post-16597","post","type-post","status-publish","format-standard","has-post-thumbnail","hentry","category-lajme"],"yoast_head":"<!-- This site is optimized with the Yoast SEO plugin v27.0 - https:\/\/yoast.com\/product\/yoast-seo-wordpress\/ -->\n<title>Komuna e Podujev\u00ebs Organizoi Pun\u00ebtorin\u00eb Tre-ditore p\u00ebr P\u00ebrgatitjen e Planeve t\u00eb Mitigimit t\u00eb Dhun\u00ebs me Baz\u00eb Gjinore, Duke P\u00ebrfshir\u00eb Analiz\u00ebn e Sfida t\u00eb Pas-pandemis\u00eb COVID-19 dhe Strategjit\u00eb e Avokimit p\u00ebr Forcimin e Mbrojtjes s\u00eb Vajzave dhe Grave - KW4W<\/title>\n<meta name=\"robots\" content=\"index, follow, max-snippet:-1, max-image-preview:large, max-video-preview:-1\" \/>\n<link rel=\"canonical\" href=\"https:\/\/www.k-w4w.org\/en\/komuna-e-podujeves-organizoi-punetorine-tre-ditore-per-pergatitjen-e-planeve-te-mitigimit-te-dhunes-me-baze-gjinore-duke-perfshire-analizen-e-sfida-te-pas-pandemise-covid-19-dhe-strategjite-e-avokimi\/\" \/>\n<meta property=\"og:locale\" content=\"en_US\" \/>\n<meta property=\"og:type\" content=\"article\" \/>\n<meta property=\"og:title\" content=\"Komuna e Podujev\u00ebs Organizoi Pun\u00ebtorin\u00eb Tre-ditore p\u00ebr P\u00ebrgatitjen e Planeve t\u00eb Mitigimit t\u00eb Dhun\u00ebs me Baz\u00eb Gjinore, Duke P\u00ebrfshir\u00eb Analiz\u00ebn e Sfida t\u00eb Pas-pandemis\u00eb COVID-19 dhe Strategjit\u00eb e Avokimit p\u00ebr Forcimin e Mbrojtjes s\u00eb Vajzave dhe Grave - KW4W\" \/>\n<meta property=\"og:description\" content=\"Ka filluar pun\u00ebtoria tre-ditore p\u00ebr p\u00ebrgaditjen e planeve t\u00eb mitigimit n\u00eb komun\u00ebn e Podujev\u00ebs. Gjat\u00eb k\u00ebtyre tre dit\u00ebve, p\u00ebrfaq\u00ebsues nga institucionet, t\u00eb dedikuara p\u00ebr mbrojtjen dhe parandalimin e dhun\u00ebs me baz\u00eb gjinore, do t\u00eb bashk\u00ebpunojn\u00eb p\u00ebr t\u00eb vler\u00ebsuar sfidat specifike q\u00eb rrjedhin nga pandemia COVID-19. Pas k\u00ebtij vler\u00ebsimi, ata do t\u00eb analizojn\u00eb kuadrin ligjor ekzistues [&hellip;]\" \/>\n<meta property=\"og:url\" content=\"https:\/\/www.k-w4w.org\/en\/komuna-e-podujeves-organizoi-punetorine-tre-ditore-per-pergatitjen-e-planeve-te-mitigimit-te-dhunes-me-baze-gjinore-duke-perfshire-analizen-e-sfida-te-pas-pandemise-covid-19-dhe-strategjite-e-avokimi\/\" \/>\n<meta property=\"og:site_name\" content=\"KW4W\" \/>\n<meta property=\"article:publisher\" content=\"https:\/\/www.facebook.com\/KosovaWomen4Women\" \/>\n<meta property=\"article:published_time\" content=\"2024-05-02T12:55:44+00:00\" \/>\n<meta property=\"article:modified_time\" content=\"2025-06-26T12:59:03+00:00\" \/>\n<meta property=\"og:image\" content=\"https:\/\/www.k-w4w.org\/wp-content\/uploads\/2025\/06\/22.jpg\" \/>\n\t<meta property=\"og:image:width\" content=\"2048\" \/>\n\t<meta property=\"og:image:height\" content=\"1365\" \/>\n\t<meta property=\"og:image:type\" content=\"image\/jpeg\" \/>\n<meta name=\"author\" content=\"kw4w\" \/>\n<meta name=\"twitter:card\" content=\"summary_large_image\" \/>\n<meta name=\"twitter:label1\" content=\"Written by\" \/>\n\t<meta name=\"twitter:data1\" content=\"kw4w\" \/>\n\t<meta name=\"twitter:label2\" content=\"Est. reading time\" \/>\n\t<meta name=\"twitter:data2\" content=\"2 minutes\" \/>\n<script type=\"application\/ld+json\" class=\"yoast-schema-graph\">{\"@context\":\"https:\/\/schema.org\",\"@graph\":[{\"@type\":\"Article\",\"@id\":\"https:\/\/www.k-w4w.org\/komuna-e-podujeves-organizoi-punetorine-tre-ditore-per-pergatitjen-e-planeve-te-mitigimit-te-dhunes-me-baze-gjinore-duke-perfshire-analizen-e-sfida-te-pas-pandemise-covid-19-dhe-strategjite-e-avokimi\/#article\",\"isPartOf\":{\"@id\":\"https:\/\/www.k-w4w.org\/komuna-e-podujeves-organizoi-punetorine-tre-ditore-per-pergatitjen-e-planeve-te-mitigimit-te-dhunes-me-baze-gjinore-duke-perfshire-analizen-e-sfida-te-pas-pandemise-covid-19-dhe-strategjite-e-avokimi\/\"},\"author\":{\"name\":\"kw4w\",\"@id\":\"https:\/\/www.k-w4w.org\/en\/#\/schema\/person\/bea620f132061dd98aa21df3225035f4\"},\"headline\":\"Komuna e Podujev\u00ebs Organizoi Pun\u00ebtorin\u00eb Tre-ditore p\u00ebr P\u00ebrgatitjen e Planeve t\u00eb Mitigimit t\u00eb Dhun\u00ebs me Baz\u00eb Gjinore, Duke P\u00ebrfshir\u00eb Analiz\u00ebn e Sfida t\u00eb Pas-pandemis\u00eb COVID-19 dhe Strategjit\u00eb e Avokimit p\u00ebr Forcimin e Mbrojtjes s\u00eb Vajzave dhe Grave\",\"datePublished\":\"2024-05-02T12:55:44+00:00\",\"dateModified\":\"2025-06-26T12:59:03+00:00\",\"mainEntityOfPage\":{\"@id\":\"https:\/\/www.k-w4w.org\/komuna-e-podujeves-organizoi-punetorine-tre-ditore-per-pergatitjen-e-planeve-te-mitigimit-te-dhunes-me-baze-gjinore-duke-perfshire-analizen-e-sfida-te-pas-pandemise-covid-19-dhe-strategjite-e-avokimi\/\"},\"wordCount\":377,\"commentCount\":0,\"publisher\":{\"@id\":\"https:\/\/www.k-w4w.org\/en\/#organization\"},\"image\":{\"@id\":\"https:\/\/www.k-w4w.org\/komuna-e-podujeves-organizoi-punetorine-tre-ditore-per-pergatitjen-e-planeve-te-mitigimit-te-dhunes-me-baze-gjinore-duke-perfshire-analizen-e-sfida-te-pas-pandemise-covid-19-dhe-strategjite-e-avokimi\/#primaryimage\"},\"thumbnailUrl\":\"https:\/\/www.k-w4w.org\/wp-content\/uploads\/2025\/06\/22.jpg\",\"articleSection\":[\"Lajme\"],\"inLanguage\":\"en-US\",\"potentialAction\":[{\"@type\":\"CommentAction\",\"name\":\"Comment\",\"target\":[\"https:\/\/www.k-w4w.org\/komuna-e-podujeves-organizoi-punetorine-tre-ditore-per-pergatitjen-e-planeve-te-mitigimit-te-dhunes-me-baze-gjinore-duke-perfshire-analizen-e-sfida-te-pas-pandemise-covid-19-dhe-strategjite-e-avokimi\/#respond\"]}]},{\"@type\":\"WebPage\",\"@id\":\"https:\/\/www.k-w4w.org\/komuna-e-podujeves-organizoi-punetorine-tre-ditore-per-pergatitjen-e-planeve-te-mitigimit-te-dhunes-me-baze-gjinore-duke-perfshire-analizen-e-sfida-te-pas-pandemise-covid-19-dhe-strategjite-e-avokimi\/\",\"url\":\"https:\/\/www.k-w4w.org\/komuna-e-podujeves-organizoi-punetorine-tre-ditore-per-pergatitjen-e-planeve-te-mitigimit-te-dhunes-me-baze-gjinore-duke-perfshire-analizen-e-sfida-te-pas-pandemise-covid-19-dhe-strategjite-e-avokimi\/\",\"name\":\"Komuna e Podujev\u00ebs Organizoi Pun\u00ebtorin\u00eb Tre-ditore p\u00ebr P\u00ebrgatitjen e Planeve t\u00eb Mitigimit t\u00eb Dhun\u00ebs me Baz\u00eb Gjinore, Duke P\u00ebrfshir\u00eb Analiz\u00ebn e Sfida t\u00eb Pas-pandemis\u00eb COVID-19 dhe Strategjit\u00eb e Avokimit p\u00ebr Forcimin e Mbrojtjes s\u00eb Vajzave dhe Grave - KW4W\",\"isPartOf\":{\"@id\":\"https:\/\/www.k-w4w.org\/en\/#website\"},\"primaryImageOfPage\":{\"@id\":\"https:\/\/www.k-w4w.org\/komuna-e-podujeves-organizoi-punetorine-tre-ditore-per-pergatitjen-e-planeve-te-mitigimit-te-dhunes-me-baze-gjinore-duke-perfshire-analizen-e-sfida-te-pas-pandemise-covid-19-dhe-strategjite-e-avokimi\/#primaryimage\"},\"image\":{\"@id\":\"https:\/\/www.k-w4w.org\/komuna-e-podujeves-organizoi-punetorine-tre-ditore-per-pergatitjen-e-planeve-te-mitigimit-te-dhunes-me-baze-gjinore-duke-perfshire-analizen-e-sfida-te-pas-pandemise-covid-19-dhe-strategjite-e-avokimi\/#primaryimage\"},\"thumbnailUrl\":\"https:\/\/www.k-w4w.org\/wp-content\/uploads\/2025\/06\/22.jpg\",\"datePublished\":\"2024-05-02T12:55:44+00:00\",\"dateModified\":\"2025-06-26T12:59:03+00:00\",\"breadcrumb\":{\"@id\":\"https:\/\/www.k-w4w.org\/komuna-e-podujeves-organizoi-punetorine-tre-ditore-per-pergatitjen-e-planeve-te-mitigimit-te-dhunes-me-baze-gjinore-duke-perfshire-analizen-e-sfida-te-pas-pandemise-covid-19-dhe-strategjite-e-avokimi\/#breadcrumb\"},\"inLanguage\":\"en-US\",\"potentialAction\":[{\"@type\":\"ReadAction\",\"target\":[\"https:\/\/www.k-w4w.org\/komuna-e-podujeves-organizoi-punetorine-tre-ditore-per-pergatitjen-e-planeve-te-mitigimit-te-dhunes-me-baze-gjinore-duke-perfshire-analizen-e-sfida-te-pas-pandemise-covid-19-dhe-strategjite-e-avokimi\/\"]}]},{\"@type\":\"ImageObject\",\"inLanguage\":\"en-US\",\"@id\":\"https:\/\/www.k-w4w.org\/komuna-e-podujeves-organizoi-punetorine-tre-ditore-per-pergatitjen-e-planeve-te-mitigimit-te-dhunes-me-baze-gjinore-duke-perfshire-analizen-e-sfida-te-pas-pandemise-covid-19-dhe-strategjite-e-avokimi\/#primaryimage\",\"url\":\"https:\/\/www.k-w4w.org\/wp-content\/uploads\/2025\/06\/22.jpg\",\"contentUrl\":\"https:\/\/www.k-w4w.org\/wp-content\/uploads\/2025\/06\/22.jpg\",\"width\":2048,\"height\":1365},{\"@type\":\"BreadcrumbList\",\"@id\":\"https:\/\/www.k-w4w.org\/komuna-e-podujeves-organizoi-punetorine-tre-ditore-per-pergatitjen-e-planeve-te-mitigimit-te-dhunes-me-baze-gjinore-duke-perfshire-analizen-e-sfida-te-pas-pandemise-covid-19-dhe-strategjite-e-avokimi\/#breadcrumb\",\"itemListElement\":[{\"@type\":\"ListItem\",\"position\":1,\"name\":\"Home\",\"item\":\"https:\/\/www.k-w4w.org\/\"},{\"@type\":\"ListItem\",\"position\":2,\"name\":\"Komuna e Podujev\u00ebs Organizoi Pun\u00ebtorin\u00eb Tre-ditore p\u00ebr P\u00ebrgatitjen e Planeve t\u00eb Mitigimit t\u00eb Dhun\u00ebs me Baz\u00eb Gjinore, Duke P\u00ebrfshir\u00eb Analiz\u00ebn e Sfida t\u00eb Pas-pandemis\u00eb COVID-19 dhe Strategjit\u00eb e Avokimit p\u00ebr Forcimin e Mbrojtjes s\u00eb Vajzave dhe Grave\"}]},{\"@type\":\"WebSite\",\"@id\":\"https:\/\/www.k-w4w.org\/en\/#website\",\"url\":\"https:\/\/www.k-w4w.org\/en\/\",\"name\":\"KW4W\",\"description\":\"\",\"publisher\":{\"@id\":\"https:\/\/www.k-w4w.org\/en\/#organization\"},\"potentialAction\":[{\"@type\":\"SearchAction\",\"target\":{\"@type\":\"EntryPoint\",\"urlTemplate\":\"https:\/\/www.k-w4w.org\/en\/?s={search_term_string}\"},\"query-input\":{\"@type\":\"PropertyValueSpecification\",\"valueRequired\":true,\"valueName\":\"search_term_string\"}}],\"inLanguage\":\"en-US\"},{\"@type\":\"Organization\",\"@id\":\"https:\/\/www.k-w4w.org\/en\/#organization\",\"name\":\"KW4W\",\"url\":\"https:\/\/www.k-w4w.org\/en\/\",\"logo\":{\"@type\":\"ImageObject\",\"inLanguage\":\"en-US\",\"@id\":\"https:\/\/www.k-w4w.org\/en\/#\/schema\/logo\/image\/\",\"url\":\"https:\/\/www.k-w4w.org\/wp-content\/uploads\/2023\/02\/cropped-wfwi_logo_color_gradient_cmyk.jpg\",\"contentUrl\":\"https:\/\/www.k-w4w.org\/wp-content\/uploads\/2023\/02\/cropped-wfwi_logo_color_gradient_cmyk.jpg\",\"width\":1243,\"height\":199,\"caption\":\"KW4W\"},\"image\":{\"@id\":\"https:\/\/www.k-w4w.org\/en\/#\/schema\/logo\/image\/\"},\"sameAs\":[\"https:\/\/www.facebook.com\/KosovaWomen4Women\",\"https:\/\/www.instagram.com\/womenforwomenkosova\/\"]},{\"@type\":\"Person\",\"@id\":\"https:\/\/www.k-w4w.org\/en\/#\/schema\/person\/bea620f132061dd98aa21df3225035f4\",\"name\":\"kw4w\",\"image\":{\"@type\":\"ImageObject\",\"inLanguage\":\"en-US\",\"@id\":\"https:\/\/www.k-w4w.org\/en\/#\/schema\/person\/image\/\",\"url\":\"https:\/\/secure.gravatar.com\/avatar\/35dca332a41f9d006f5b77ee9d9b90ed02181b4dcf7b166dcf848cb4e40abd74?s=96&d=mm&r=g\",\"contentUrl\":\"https:\/\/secure.gravatar.com\/avatar\/35dca332a41f9d006f5b77ee9d9b90ed02181b4dcf7b166dcf848cb4e40abd74?s=96&d=mm&r=g\",\"caption\":\"kw4w\"},\"sameAs\":[\"https:\/\/www.k-w4w.org\/\"],\"url\":\"https:\/\/www.k-w4w.org\/en\/author\/kw4w\/\"}]}<\/script>\n<!-- \/ Yoast SEO plugin. -->","yoast_head_json":{"title":"Komuna e Podujev\u00ebs Organizoi Pun\u00ebtorin\u00eb Tre-ditore p\u00ebr P\u00ebrgatitjen e Planeve t\u00eb Mitigimit t\u00eb Dhun\u00ebs me Baz\u00eb Gjinore, Duke P\u00ebrfshir\u00eb Analiz\u00ebn e Sfida t\u00eb Pas-pandemis\u00eb COVID-19 dhe Strategjit\u00eb e Avokimit p\u00ebr Forcimin e Mbrojtjes s\u00eb Vajzave dhe Grave - KW4W","robots":{"index":"index","follow":"follow","max-snippet":"max-snippet:-1","max-image-preview":"max-image-preview:large","max-video-preview":"max-video-preview:-1"},"canonical":"https:\/\/www.k-w4w.org\/en\/komuna-e-podujeves-organizoi-punetorine-tre-ditore-per-pergatitjen-e-planeve-te-mitigimit-te-dhunes-me-baze-gjinore-duke-perfshire-analizen-e-sfida-te-pas-pandemise-covid-19-dhe-strategjite-e-avokimi\/","og_locale":"en_US","og_type":"article","og_title":"Komuna e Podujev\u00ebs Organizoi Pun\u00ebtorin\u00eb Tre-ditore p\u00ebr P\u00ebrgatitjen e Planeve t\u00eb Mitigimit t\u00eb Dhun\u00ebs me Baz\u00eb Gjinore, Duke P\u00ebrfshir\u00eb Analiz\u00ebn e Sfida t\u00eb Pas-pandemis\u00eb COVID-19 dhe Strategjit\u00eb e Avokimit p\u00ebr Forcimin e Mbrojtjes s\u00eb Vajzave dhe Grave - KW4W","og_description":"Ka filluar pun\u00ebtoria tre-ditore p\u00ebr p\u00ebrgaditjen e planeve t\u00eb mitigimit n\u00eb komun\u00ebn e Podujev\u00ebs. Gjat\u00eb k\u00ebtyre tre dit\u00ebve, p\u00ebrfaq\u00ebsues nga institucionet, t\u00eb dedikuara p\u00ebr mbrojtjen dhe parandalimin e dhun\u00ebs me baz\u00eb gjinore, do t\u00eb bashk\u00ebpunojn\u00eb p\u00ebr t\u00eb vler\u00ebsuar sfidat specifike q\u00eb rrjedhin nga pandemia COVID-19. Pas k\u00ebtij vler\u00ebsimi, ata do t\u00eb analizojn\u00eb kuadrin ligjor ekzistues [&hellip;]","og_url":"https:\/\/www.k-w4w.org\/en\/komuna-e-podujeves-organizoi-punetorine-tre-ditore-per-pergatitjen-e-planeve-te-mitigimit-te-dhunes-me-baze-gjinore-duke-perfshire-analizen-e-sfida-te-pas-pandemise-covid-19-dhe-strategjite-e-avokimi\/","og_site_name":"KW4W","article_publisher":"https:\/\/www.facebook.com\/KosovaWomen4Women","article_published_time":"2024-05-02T12:55:44+00:00","article_modified_time":"2025-06-26T12:59:03+00:00","og_image":[{"width":2048,"height":1365,"url":"https:\/\/www.k-w4w.org\/wp-content\/uploads\/2025\/06\/22.jpg","type":"image\/jpeg"}],"author":"kw4w","twitter_card":"summary_large_image","twitter_misc":{"Written by":"kw4w","Est. reading time":"2 minutes"},"schema":{"@context":"https:\/\/schema.org","@graph":[{"@type":"Article","@id":"https:\/\/www.k-w4w.org\/komuna-e-podujeves-organizoi-punetorine-tre-ditore-per-pergatitjen-e-planeve-te-mitigimit-te-dhunes-me-baze-gjinore-duke-perfshire-analizen-e-sfida-te-pas-pandemise-covid-19-dhe-strategjite-e-avokimi\/#article","isPartOf":{"@id":"https:\/\/www.k-w4w.org\/komuna-e-podujeves-organizoi-punetorine-tre-ditore-per-pergatitjen-e-planeve-te-mitigimit-te-dhunes-me-baze-gjinore-duke-perfshire-analizen-e-sfida-te-pas-pandemise-covid-19-dhe-strategjite-e-avokimi\/"},"author":{"name":"kw4w","@id":"https:\/\/www.k-w4w.org\/en\/#\/schema\/person\/bea620f132061dd98aa21df3225035f4"},"headline":"Komuna e Podujev\u00ebs Organizoi Pun\u00ebtorin\u00eb Tre-ditore p\u00ebr P\u00ebrgatitjen e Planeve t\u00eb Mitigimit t\u00eb Dhun\u00ebs me Baz\u00eb Gjinore, Duke P\u00ebrfshir\u00eb Analiz\u00ebn e Sfida t\u00eb Pas-pandemis\u00eb COVID-19 dhe Strategjit\u00eb e Avokimit p\u00ebr Forcimin e Mbrojtjes s\u00eb Vajzave dhe Grave","datePublished":"2024-05-02T12:55:44+00:00","dateModified":"2025-06-26T12:59:03+00:00","mainEntityOfPage":{"@id":"https:\/\/www.k-w4w.org\/komuna-e-podujeves-organizoi-punetorine-tre-ditore-per-pergatitjen-e-planeve-te-mitigimit-te-dhunes-me-baze-gjinore-duke-perfshire-analizen-e-sfida-te-pas-pandemise-covid-19-dhe-strategjite-e-avokimi\/"},"wordCount":377,"commentCount":0,"publisher":{"@id":"https:\/\/www.k-w4w.org\/en\/#organization"},"image":{"@id":"https:\/\/www.k-w4w.org\/komuna-e-podujeves-organizoi-punetorine-tre-ditore-per-pergatitjen-e-planeve-te-mitigimit-te-dhunes-me-baze-gjinore-duke-perfshire-analizen-e-sfida-te-pas-pandemise-covid-19-dhe-strategjite-e-avokimi\/#primaryimage"},"thumbnailUrl":"https:\/\/www.k-w4w.org\/wp-content\/uploads\/2025\/06\/22.jpg","articleSection":["Lajme"],"inLanguage":"en-US","potentialAction":[{"@type":"CommentAction","name":"Comment","target":["https:\/\/www.k-w4w.org\/komuna-e-podujeves-organizoi-punetorine-tre-ditore-per-pergatitjen-e-planeve-te-mitigimit-te-dhunes-me-baze-gjinore-duke-perfshire-analizen-e-sfida-te-pas-pandemise-covid-19-dhe-strategjite-e-avokimi\/#respond"]}]},{"@type":"WebPage","@id":"https:\/\/www.k-w4w.org\/komuna-e-podujeves-organizoi-punetorine-tre-ditore-per-pergatitjen-e-planeve-te-mitigimit-te-dhunes-me-baze-gjinore-duke-perfshire-analizen-e-sfida-te-pas-pandemise-covid-19-dhe-strategjite-e-avokimi\/","url":"https:\/\/www.k-w4w.org\/komuna-e-podujeves-organizoi-punetorine-tre-ditore-per-pergatitjen-e-planeve-te-mitigimit-te-dhunes-me-baze-gjinore-duke-perfshire-analizen-e-sfida-te-pas-pandemise-covid-19-dhe-strategjite-e-avokimi\/","name":"Komuna e Podujev\u00ebs Organizoi Pun\u00ebtorin\u00eb Tre-ditore p\u00ebr P\u00ebrgatitjen e Planeve t\u00eb Mitigimit t\u00eb Dhun\u00ebs me Baz\u00eb Gjinore, Duke P\u00ebrfshir\u00eb Analiz\u00ebn e Sfida t\u00eb Pas-pandemis\u00eb COVID-19 dhe Strategjit\u00eb e Avokimit p\u00ebr Forcimin e Mbrojtjes s\u00eb Vajzave dhe Grave - KW4W","isPartOf":{"@id":"https:\/\/www.k-w4w.org\/en\/#website"},"primaryImageOfPage":{"@id":"https:\/\/www.k-w4w.org\/komuna-e-podujeves-organizoi-punetorine-tre-ditore-per-pergatitjen-e-planeve-te-mitigimit-te-dhunes-me-baze-gjinore-duke-perfshire-analizen-e-sfida-te-pas-pandemise-covid-19-dhe-strategjite-e-avokimi\/#primaryimage"},"image":{"@id":"https:\/\/www.k-w4w.org\/komuna-e-podujeves-organizoi-punetorine-tre-ditore-per-pergatitjen-e-planeve-te-mitigimit-te-dhunes-me-baze-gjinore-duke-perfshire-analizen-e-sfida-te-pas-pandemise-covid-19-dhe-strategjite-e-avokimi\/#primaryimage"},"thumbnailUrl":"https:\/\/www.k-w4w.org\/wp-content\/uploads\/2025\/06\/22.jpg","datePublished":"2024-05-02T12:55:44+00:00","dateModified":"2025-06-26T12:59:03+00:00","breadcrumb":{"@id":"https:\/\/www.k-w4w.org\/komuna-e-podujeves-organizoi-punetorine-tre-ditore-per-pergatitjen-e-planeve-te-mitigimit-te-dhunes-me-baze-gjinore-duke-perfshire-analizen-e-sfida-te-pas-pandemise-covid-19-dhe-strategjite-e-avokimi\/#breadcrumb"},"inLanguage":"en-US","potentialAction":[{"@type":"ReadAction","target":["https:\/\/www.k-w4w.org\/komuna-e-podujeves-organizoi-punetorine-tre-ditore-per-pergatitjen-e-planeve-te-mitigimit-te-dhunes-me-baze-gjinore-duke-perfshire-analizen-e-sfida-te-pas-pandemise-covid-19-dhe-strategjite-e-avokimi\/"]}]},{"@type":"ImageObject","inLanguage":"en-US","@id":"https:\/\/www.k-w4w.org\/komuna-e-podujeves-organizoi-punetorine-tre-ditore-per-pergatitjen-e-planeve-te-mitigimit-te-dhunes-me-baze-gjinore-duke-perfshire-analizen-e-sfida-te-pas-pandemise-covid-19-dhe-strategjite-e-avokimi\/#primaryimage","url":"https:\/\/www.k-w4w.org\/wp-content\/uploads\/2025\/06\/22.jpg","contentUrl":"https:\/\/www.k-w4w.org\/wp-content\/uploads\/2025\/06\/22.jpg","width":2048,"height":1365},{"@type":"BreadcrumbList","@id":"https:\/\/www.k-w4w.org\/komuna-e-podujeves-organizoi-punetorine-tre-ditore-per-pergatitjen-e-planeve-te-mitigimit-te-dhunes-me-baze-gjinore-duke-perfshire-analizen-e-sfida-te-pas-pandemise-covid-19-dhe-strategjite-e-avokimi\/#breadcrumb","itemListElement":[{"@type":"ListItem","position":1,"name":"Home","item":"https:\/\/www.k-w4w.org\/"},{"@type":"ListItem","position":2,"name":"Komuna e Podujev\u00ebs Organizoi Pun\u00ebtorin\u00eb Tre-ditore p\u00ebr P\u00ebrgatitjen e Planeve t\u00eb Mitigimit t\u00eb Dhun\u00ebs me Baz\u00eb Gjinore, Duke P\u00ebrfshir\u00eb Analiz\u00ebn e Sfida t\u00eb Pas-pandemis\u00eb COVID-19 dhe Strategjit\u00eb e Avokimit p\u00ebr Forcimin e Mbrojtjes s\u00eb Vajzave dhe Grave"}]},{"@type":"WebSite","@id":"https:\/\/www.k-w4w.org\/en\/#website","url":"https:\/\/www.k-w4w.org\/en\/","name":"KW4W","description":"","publisher":{"@id":"https:\/\/www.k-w4w.org\/en\/#organization"},"potentialAction":[{"@type":"SearchAction","target":{"@type":"EntryPoint","urlTemplate":"https:\/\/www.k-w4w.org\/en\/?s={search_term_string}"},"query-input":{"@type":"PropertyValueSpecification","valueRequired":true,"valueName":"search_term_string"}}],"inLanguage":"en-US"},{"@type":"Organization","@id":"https:\/\/www.k-w4w.org\/en\/#organization","name":"KW4W","url":"https:\/\/www.k-w4w.org\/en\/","logo":{"@type":"ImageObject","inLanguage":"en-US","@id":"https:\/\/www.k-w4w.org\/en\/#\/schema\/logo\/image\/","url":"https:\/\/www.k-w4w.org\/wp-content\/uploads\/2023\/02\/cropped-wfwi_logo_color_gradient_cmyk.jpg","contentUrl":"https:\/\/www.k-w4w.org\/wp-content\/uploads\/2023\/02\/cropped-wfwi_logo_color_gradient_cmyk.jpg","width":1243,"height":199,"caption":"KW4W"},"image":{"@id":"https:\/\/www.k-w4w.org\/en\/#\/schema\/logo\/image\/"},"sameAs":["https:\/\/www.facebook.com\/KosovaWomen4Women","https:\/\/www.instagram.com\/womenforwomenkosova\/"]},{"@type":"Person","@id":"https:\/\/www.k-w4w.org\/en\/#\/schema\/person\/bea620f132061dd98aa21df3225035f4","name":"kw4w","image":{"@type":"ImageObject","inLanguage":"en-US","@id":"https:\/\/www.k-w4w.org\/en\/#\/schema\/person\/image\/","url":"https:\/\/secure.gravatar.com\/avatar\/35dca332a41f9d006f5b77ee9d9b90ed02181b4dcf7b166dcf848cb4e40abd74?s=96&d=mm&r=g","contentUrl":"https:\/\/secure.gravatar.com\/avatar\/35dca332a41f9d006f5b77ee9d9b90ed02181b4dcf7b166dcf848cb4e40abd74?s=96&d=mm&r=g","caption":"kw4w"},"sameAs":["https:\/\/www.k-w4w.org\/"],"url":"https:\/\/www.k-w4w.org\/en\/author\/kw4w\/"}]}},"_links":{"self":[{"href":"https:\/\/www.k-w4w.org\/en\/wp-json\/wp\/v2\/posts\/16597","targetHints":{"allow":["GET"]}}],"collection":[{"href":"https:\/\/www.k-w4w.org\/en\/wp-json\/wp\/v2\/posts"}],"about":[{"href":"https:\/\/www.k-w4w.org\/en\/wp-json\/wp\/v2\/types\/post"}],"author":[{"embeddable":true,"href":"https:\/\/www.k-w4w.org\/en\/wp-json\/wp\/v2\/users\/2"}],"replies":[{"embeddable":true,"href":"https:\/\/www.k-w4w.org\/en\/wp-json\/wp\/v2\/comments?post=16597"}],"version-history":[{"count":1,"href":"https:\/\/www.k-w4w.org\/en\/wp-json\/wp\/v2\/posts\/16597\/revisions"}],"predecessor-version":[{"id":16599,"href":"https:\/\/www.k-w4w.org\/en\/wp-json\/wp\/v2\/posts\/16597\/revisions\/16599"}],"wp:featuredmedia":[{"embeddable":true,"href":"https:\/\/www.k-w4w.org\/en\/wp-json\/wp\/v2\/media\/16598"}],"wp:attachment":[{"href":"https:\/\/www.k-w4w.org\/en\/wp-json\/wp\/v2\/media?parent=16597"}],"wp:term":[{"taxonomy":"category","embeddable":true,"href":"https:\/\/www.k-w4w.org\/en\/wp-json\/wp\/v2\/categories?post=16597"},{"taxonomy":"post_tag","embeddable":true,"href":"https:\/\/www.k-w4w.org\/en\/wp-json\/wp\/v2\/tags?post=16597"}],"curies":[{"name":"wp","href":"https:\/\/api.w.org\/{rel}","templated":true}]}}