{"id":16633,"date":"2024-08-19T13:29:05","date_gmt":"2024-08-19T13:29:05","guid":{"rendered":"https:\/\/www.k-w4w.org\/?p=16633"},"modified":"2025-06-26T13:31:38","modified_gmt":"2025-06-26T13:31:38","slug":"forcimi-i-rrjetit-te-grave-permes-vizites-te-kadrije-mustafa-dodaj-bio-alta","status":"publish","type":"post","link":"https:\/\/www.k-w4w.org\/en\/forcimi-i-rrjetit-te-grave-permes-vizites-te-kadrije-mustafa-dodaj-bio-alta\/","title":{"rendered":"Forcimi i rrjetit t\u00eb grave p\u00ebrmes vizit\u00ebs te Kadrije Mustafa-Dodaj Bio ALTA"},"content":{"rendered":"<div class=\"xdj266r x14z9mp xat24cr x1lziwak x1vvkbs x126k92a\">\n<div dir=\"auto\">N\u00eb kuad\u00ebr t\u00eb projektit IWKA \u201cP\u00ebrfshirja e grave n\u00eb agrobiznesin e Kosoves\u201d, p\u00ebrgjat\u00eb k\u00ebtyre diteve \u00ebsht\u00eb realizuar nj\u00eb vizit\u00eb me perfitueset e projektit tek <span class=\"html-span xdj266r x14z9mp xat24cr x1lziwak xexx8yu xyri2b x18d9i69 x1c1uobl x1hl2dhg x16tdsg8 x1vvkbs\"><a class=\"x1i10hfl xjbqb8w x1ejq31n x18oe1m7 x1sy0etr xstzfhl x972fbf x10w94by x1qhh985 x14e42zd x9f619 x1ypdohk xt0psk2 xe8uvvx xdj266r x14z9mp xat24cr x1lziwak xexx8yu xyri2b x18d9i69 x1c1uobl x16tdsg8 x1hl2dhg xggy1nq x1a2a7pz xkrqix3 x1sur9pj x1fey0fg x1s688f\" tabindex=\"0\" role=\"link\" href=\"https:\/\/www.facebook.com\/kadrije.m?__cft__[0]=AZXxDb3sQ6N-IrqdPrurDbhfmR225CzbQS9k2_MMBbkog6d5iK9pVA97YYXQ4jo2EseJNsYfsaMGTDDlQS9zBdMwMPXD918vWbwySZve1PTe8feTReLlJo6L7GF5smCYu_DqPk7iNWZ48_TCoOschsmi0wJSR7EdM9881zSJ8C1MiKk_CdFVlUcReLpxZMaSkIY&amp;__tn__=-]K-R\"><span class=\"xt0psk2\"><span class=\"xjp7ctv\">Kadrije Mustafa-Dodaj<\/span><\/span><\/a><\/span> <span class=\"html-span xdj266r x14z9mp xat24cr x1lziwak xexx8yu xyri2b x18d9i69 x1c1uobl x1hl2dhg x16tdsg8 x1vvkbs\"><a class=\"x1i10hfl xjbqb8w x1ejq31n x18oe1m7 x1sy0etr xstzfhl x972fbf x10w94by x1qhh985 x14e42zd x9f619 x1ypdohk xt0psk2 xe8uvvx xdj266r x14z9mp xat24cr x1lziwak xexx8yu xyri2b x18d9i69 x1c1uobl x16tdsg8 x1hl2dhg xggy1nq x1a2a7pz xkrqix3 x1sur9pj x1fey0fg x1s688f\" tabindex=\"0\" role=\"link\" href=\"https:\/\/www.facebook.com\/QajraNatyral?__cft__[0]=AZXxDb3sQ6N-IrqdPrurDbhfmR225CzbQS9k2_MMBbkog6d5iK9pVA97YYXQ4jo2EseJNsYfsaMGTDDlQS9zBdMwMPXD918vWbwySZve1PTe8feTReLlJo6L7GF5smCYu_DqPk7iNWZ48_TCoOschsmi0wJSR7EdM9881zSJ8C1MiKk_CdFVlUcReLpxZMaSkIY&amp;__tn__=-]K-R\"><span class=\"xt0psk2\"><span class=\"xjp7ctv\">Bio ALTA<\/span><\/span><\/a><\/span>. N\u00eb nj\u00eb ambient t\u00eb ngroht\u00eb dhe mikprit\u00ebs, pat\u00ebm mund\u00ebsin\u00eb t\u00eb njohim nga af\u00ebr p\u00ebrdorimet dhe p\u00ebrfitimet e shumta t\u00eb bim\u00ebve mjek\u00ebsore. Ajo na tregoi p\u00ebr sekretet e natyr\u00ebs dhe m\u00ebnyrat se si mund t&#8217;i integrojm\u00eb k\u00ebto mrekulli n\u00eb jet\u00ebn ton\u00eb t\u00eb p\u00ebrditshme p\u00ebr nj\u00eb sh\u00ebndet m\u00eb t\u00eb mir\u00eb.<\/div>\n<div dir=\"auto\">Q\u00ebllimi i vizitave nuk \u00ebsht\u00eb thjesht\u00eb nj\u00eb mund\u00ebsi p\u00ebr t\u00eb ndar\u00eb njohuri dhe p\u00ebrvoja, por \u00ebsht\u00eb nj\u00eb mund\u00ebsi p\u00ebr t\u00eb krijuar nj\u00eb rrjet t\u00eb fort\u00eb mb\u00ebshtet\u00ebs. Kur grat\u00eb takojn\u00eb nj\u00ebra-tjetr\u00ebn dhe ndajn\u00eb pasionet dhe ekspertiz\u00ebn e tyre, ato ndihmojn\u00eb nj\u00ebra-tjetr\u00ebn n\u00eb zhvillim t\u00eb m\u00ebtutjesh\u00ebm.<\/div>\n<\/div>\n<div class=\"x14z9mp xat24cr x1lziwak x1vvkbs xtlvy1s x126k92a\">\n<div dir=\"auto\">E falenderojm\u00eb Znj. Kadrije per p\u00ebrkushtimin dhe pasionin e saj!<\/div>\n<\/div>\n<div class=\"x14z9mp xat24cr x1lziwak x1vvkbs xtlvy1s x126k92a\">\n<div dir=\"auto\">Projekti financohet nga Ministria Federale Gjermane p\u00ebr Bashk\u00ebpunim dhe Zhvillim Ekonomik (BMZ) p\u00ebrmes Engagement Global GgmbH, dhe implementohet nga CARE International dhe organizatat partnere lokale: Kosova-Women 4 Women (K-W4W) dhe Programi p\u00ebr t\u00eb Drejta Civile n\u00eb Kosov\u00eb (CRP\/K).<\/div>\n<\/div>\n","protected":false},"excerpt":{"rendered":"<p>N\u00eb kuad\u00ebr t\u00eb projektit IWKA \u201cP\u00ebrfshirja e grave n\u00eb agrobiznesin e Kosoves\u201d, p\u00ebrgjat\u00eb k\u00ebtyre diteve \u00ebsht\u00eb realizuar nj\u00eb vizit\u00eb me perfitueset e projektit tek Kadrije Mustafa-Dodaj Bio ALTA. N\u00eb nj\u00eb ambient t\u00eb ngroht\u00eb dhe mikprit\u00ebs, pat\u00ebm mund\u00ebsin\u00eb t\u00eb njohim nga af\u00ebr p\u00ebrdorimet dhe p\u00ebrfitimet e shumta t\u00eb bim\u00ebve mjek\u00ebsore. Ajo na tregoi p\u00ebr sekretet e [&hellip;]<\/p>\n","protected":false},"author":2,"featured_media":16634,"comment_status":"open","ping_status":"open","sticky":false,"template":"","format":"standard","meta":{"footnotes":""},"categories":[59],"tags":[],"class_list":["post-16633","post","type-post","status-publish","format-standard","has-post-thumbnail","hentry","category-lajme"],"yoast_head":"<!-- This site is optimized with the Yoast SEO plugin v27.0 - https:\/\/yoast.com\/product\/yoast-seo-wordpress\/ -->\n<title>Forcimi i rrjetit t\u00eb grave p\u00ebrmes vizit\u00ebs te Kadrije Mustafa-Dodaj Bio ALTA - KW4W<\/title>\n<meta name=\"robots\" content=\"index, follow, max-snippet:-1, max-image-preview:large, max-video-preview:-1\" \/>\n<link rel=\"canonical\" href=\"https:\/\/www.k-w4w.org\/en\/forcimi-i-rrjetit-te-grave-permes-vizites-te-kadrije-mustafa-dodaj-bio-alta\/\" \/>\n<meta property=\"og:locale\" content=\"en_US\" \/>\n<meta property=\"og:type\" content=\"article\" \/>\n<meta property=\"og:title\" content=\"Forcimi i rrjetit t\u00eb grave p\u00ebrmes vizit\u00ebs te Kadrije Mustafa-Dodaj Bio ALTA - KW4W\" \/>\n<meta property=\"og:description\" content=\"N\u00eb kuad\u00ebr t\u00eb projektit IWKA \u201cP\u00ebrfshirja e grave n\u00eb agrobiznesin e Kosoves\u201d, p\u00ebrgjat\u00eb k\u00ebtyre diteve \u00ebsht\u00eb realizuar nj\u00eb vizit\u00eb me perfitueset e projektit tek Kadrije Mustafa-Dodaj Bio ALTA. N\u00eb nj\u00eb ambient t\u00eb ngroht\u00eb dhe mikprit\u00ebs, pat\u00ebm mund\u00ebsin\u00eb t\u00eb njohim nga af\u00ebr p\u00ebrdorimet dhe p\u00ebrfitimet e shumta t\u00eb bim\u00ebve mjek\u00ebsore. Ajo na tregoi p\u00ebr sekretet e [&hellip;]\" \/>\n<meta property=\"og:url\" content=\"https:\/\/www.k-w4w.org\/en\/forcimi-i-rrjetit-te-grave-permes-vizites-te-kadrije-mustafa-dodaj-bio-alta\/\" \/>\n<meta property=\"og:site_name\" content=\"KW4W\" \/>\n<meta property=\"article:publisher\" content=\"https:\/\/www.facebook.com\/KosovaWomen4Women\" \/>\n<meta property=\"article:published_time\" content=\"2024-08-19T13:29:05+00:00\" \/>\n<meta property=\"article:modified_time\" content=\"2025-06-26T13:31:38+00:00\" \/>\n<meta property=\"og:image\" content=\"https:\/\/www.k-w4w.org\/wp-content\/uploads\/2025\/06\/33.jpg\" \/>\n\t<meta property=\"og:image:width\" content=\"2048\" \/>\n\t<meta property=\"og:image:height\" content=\"1536\" \/>\n\t<meta property=\"og:image:type\" content=\"image\/jpeg\" \/>\n<meta name=\"author\" content=\"kw4w\" \/>\n<meta name=\"twitter:card\" content=\"summary_large_image\" \/>\n<meta name=\"twitter:label1\" content=\"Written by\" \/>\n\t<meta name=\"twitter:data1\" content=\"kw4w\" \/>\n\t<meta name=\"twitter:label2\" content=\"Est. reading time\" \/>\n\t<meta name=\"twitter:data2\" content=\"1 minute\" \/>\n<script type=\"application\/ld+json\" class=\"yoast-schema-graph\">{\"@context\":\"https:\/\/schema.org\",\"@graph\":[{\"@type\":\"Article\",\"@id\":\"https:\/\/www.k-w4w.org\/forcimi-i-rrjetit-te-grave-permes-vizites-te-kadrije-mustafa-dodaj-bio-alta\/#article\",\"isPartOf\":{\"@id\":\"https:\/\/www.k-w4w.org\/forcimi-i-rrjetit-te-grave-permes-vizites-te-kadrije-mustafa-dodaj-bio-alta\/\"},\"author\":{\"name\":\"kw4w\",\"@id\":\"https:\/\/www.k-w4w.org\/en\/#\/schema\/person\/bea620f132061dd98aa21df3225035f4\"},\"headline\":\"Forcimi i rrjetit t\u00eb grave p\u00ebrmes vizit\u00ebs te Kadrije Mustafa-Dodaj Bio ALTA\",\"datePublished\":\"2024-08-19T13:29:05+00:00\",\"dateModified\":\"2025-06-26T13:31:38+00:00\",\"mainEntityOfPage\":{\"@id\":\"https:\/\/www.k-w4w.org\/forcimi-i-rrjetit-te-grave-permes-vizites-te-kadrije-mustafa-dodaj-bio-alta\/\"},\"wordCount\":223,\"commentCount\":0,\"publisher\":{\"@id\":\"https:\/\/www.k-w4w.org\/en\/#organization\"},\"image\":{\"@id\":\"https:\/\/www.k-w4w.org\/forcimi-i-rrjetit-te-grave-permes-vizites-te-kadrije-mustafa-dodaj-bio-alta\/#primaryimage\"},\"thumbnailUrl\":\"https:\/\/www.k-w4w.org\/wp-content\/uploads\/2025\/06\/33.jpg\",\"articleSection\":[\"Lajme\"],\"inLanguage\":\"en-US\",\"potentialAction\":[{\"@type\":\"CommentAction\",\"name\":\"Comment\",\"target\":[\"https:\/\/www.k-w4w.org\/forcimi-i-rrjetit-te-grave-permes-vizites-te-kadrije-mustafa-dodaj-bio-alta\/#respond\"]}]},{\"@type\":\"WebPage\",\"@id\":\"https:\/\/www.k-w4w.org\/forcimi-i-rrjetit-te-grave-permes-vizites-te-kadrije-mustafa-dodaj-bio-alta\/\",\"url\":\"https:\/\/www.k-w4w.org\/forcimi-i-rrjetit-te-grave-permes-vizites-te-kadrije-mustafa-dodaj-bio-alta\/\",\"name\":\"Forcimi i rrjetit t\u00eb grave p\u00ebrmes vizit\u00ebs te Kadrije Mustafa-Dodaj Bio ALTA - KW4W\",\"isPartOf\":{\"@id\":\"https:\/\/www.k-w4w.org\/en\/#website\"},\"primaryImageOfPage\":{\"@id\":\"https:\/\/www.k-w4w.org\/forcimi-i-rrjetit-te-grave-permes-vizites-te-kadrije-mustafa-dodaj-bio-alta\/#primaryimage\"},\"image\":{\"@id\":\"https:\/\/www.k-w4w.org\/forcimi-i-rrjetit-te-grave-permes-vizites-te-kadrije-mustafa-dodaj-bio-alta\/#primaryimage\"},\"thumbnailUrl\":\"https:\/\/www.k-w4w.org\/wp-content\/uploads\/2025\/06\/33.jpg\",\"datePublished\":\"2024-08-19T13:29:05+00:00\",\"dateModified\":\"2025-06-26T13:31:38+00:00\",\"breadcrumb\":{\"@id\":\"https:\/\/www.k-w4w.org\/forcimi-i-rrjetit-te-grave-permes-vizites-te-kadrije-mustafa-dodaj-bio-alta\/#breadcrumb\"},\"inLanguage\":\"en-US\",\"potentialAction\":[{\"@type\":\"ReadAction\",\"target\":[\"https:\/\/www.k-w4w.org\/forcimi-i-rrjetit-te-grave-permes-vizites-te-kadrije-mustafa-dodaj-bio-alta\/\"]}]},{\"@type\":\"ImageObject\",\"inLanguage\":\"en-US\",\"@id\":\"https:\/\/www.k-w4w.org\/forcimi-i-rrjetit-te-grave-permes-vizites-te-kadrije-mustafa-dodaj-bio-alta\/#primaryimage\",\"url\":\"https:\/\/www.k-w4w.org\/wp-content\/uploads\/2025\/06\/33.jpg\",\"contentUrl\":\"https:\/\/www.k-w4w.org\/wp-content\/uploads\/2025\/06\/33.jpg\",\"width\":2048,\"height\":1536},{\"@type\":\"BreadcrumbList\",\"@id\":\"https:\/\/www.k-w4w.org\/forcimi-i-rrjetit-te-grave-permes-vizites-te-kadrije-mustafa-dodaj-bio-alta\/#breadcrumb\",\"itemListElement\":[{\"@type\":\"ListItem\",\"position\":1,\"name\":\"Home\",\"item\":\"https:\/\/www.k-w4w.org\/\"},{\"@type\":\"ListItem\",\"position\":2,\"name\":\"Forcimi i rrjetit t\u00eb grave p\u00ebrmes vizit\u00ebs te Kadrije Mustafa-Dodaj Bio ALTA\"}]},{\"@type\":\"WebSite\",\"@id\":\"https:\/\/www.k-w4w.org\/en\/#website\",\"url\":\"https:\/\/www.k-w4w.org\/en\/\",\"name\":\"KW4W\",\"description\":\"\",\"publisher\":{\"@id\":\"https:\/\/www.k-w4w.org\/en\/#organization\"},\"potentialAction\":[{\"@type\":\"SearchAction\",\"target\":{\"@type\":\"EntryPoint\",\"urlTemplate\":\"https:\/\/www.k-w4w.org\/en\/?s={search_term_string}\"},\"query-input\":{\"@type\":\"PropertyValueSpecification\",\"valueRequired\":true,\"valueName\":\"search_term_string\"}}],\"inLanguage\":\"en-US\"},{\"@type\":\"Organization\",\"@id\":\"https:\/\/www.k-w4w.org\/en\/#organization\",\"name\":\"KW4W\",\"url\":\"https:\/\/www.k-w4w.org\/en\/\",\"logo\":{\"@type\":\"ImageObject\",\"inLanguage\":\"en-US\",\"@id\":\"https:\/\/www.k-w4w.org\/en\/#\/schema\/logo\/image\/\",\"url\":\"https:\/\/www.k-w4w.org\/wp-content\/uploads\/2023\/02\/cropped-wfwi_logo_color_gradient_cmyk.jpg\",\"contentUrl\":\"https:\/\/www.k-w4w.org\/wp-content\/uploads\/2023\/02\/cropped-wfwi_logo_color_gradient_cmyk.jpg\",\"width\":1243,\"height\":199,\"caption\":\"KW4W\"},\"image\":{\"@id\":\"https:\/\/www.k-w4w.org\/en\/#\/schema\/logo\/image\/\"},\"sameAs\":[\"https:\/\/www.facebook.com\/KosovaWomen4Women\",\"https:\/\/www.instagram.com\/womenforwomenkosova\/\"]},{\"@type\":\"Person\",\"@id\":\"https:\/\/www.k-w4w.org\/en\/#\/schema\/person\/bea620f132061dd98aa21df3225035f4\",\"name\":\"kw4w\",\"image\":{\"@type\":\"ImageObject\",\"inLanguage\":\"en-US\",\"@id\":\"https:\/\/www.k-w4w.org\/en\/#\/schema\/person\/image\/\",\"url\":\"https:\/\/secure.gravatar.com\/avatar\/35dca332a41f9d006f5b77ee9d9b90ed02181b4dcf7b166dcf848cb4e40abd74?s=96&d=mm&r=g\",\"contentUrl\":\"https:\/\/secure.gravatar.com\/avatar\/35dca332a41f9d006f5b77ee9d9b90ed02181b4dcf7b166dcf848cb4e40abd74?s=96&d=mm&r=g\",\"caption\":\"kw4w\"},\"sameAs\":[\"https:\/\/www.k-w4w.org\/\"],\"url\":\"https:\/\/www.k-w4w.org\/en\/author\/kw4w\/\"}]}<\/script>\n<!-- \/ Yoast SEO plugin. -->","yoast_head_json":{"title":"Forcimi i rrjetit t\u00eb grave p\u00ebrmes vizit\u00ebs te Kadrije Mustafa-Dodaj Bio ALTA - KW4W","robots":{"index":"index","follow":"follow","max-snippet":"max-snippet:-1","max-image-preview":"max-image-preview:large","max-video-preview":"max-video-preview:-1"},"canonical":"https:\/\/www.k-w4w.org\/en\/forcimi-i-rrjetit-te-grave-permes-vizites-te-kadrije-mustafa-dodaj-bio-alta\/","og_locale":"en_US","og_type":"article","og_title":"Forcimi i rrjetit t\u00eb grave p\u00ebrmes vizit\u00ebs te Kadrije Mustafa-Dodaj Bio ALTA - KW4W","og_description":"N\u00eb kuad\u00ebr t\u00eb projektit IWKA \u201cP\u00ebrfshirja e grave n\u00eb agrobiznesin e Kosoves\u201d, p\u00ebrgjat\u00eb k\u00ebtyre diteve \u00ebsht\u00eb realizuar nj\u00eb vizit\u00eb me perfitueset e projektit tek Kadrije Mustafa-Dodaj Bio ALTA. N\u00eb nj\u00eb ambient t\u00eb ngroht\u00eb dhe mikprit\u00ebs, pat\u00ebm mund\u00ebsin\u00eb t\u00eb njohim nga af\u00ebr p\u00ebrdorimet dhe p\u00ebrfitimet e shumta t\u00eb bim\u00ebve mjek\u00ebsore. Ajo na tregoi p\u00ebr sekretet e [&hellip;]","og_url":"https:\/\/www.k-w4w.org\/en\/forcimi-i-rrjetit-te-grave-permes-vizites-te-kadrije-mustafa-dodaj-bio-alta\/","og_site_name":"KW4W","article_publisher":"https:\/\/www.facebook.com\/KosovaWomen4Women","article_published_time":"2024-08-19T13:29:05+00:00","article_modified_time":"2025-06-26T13:31:38+00:00","og_image":[{"width":2048,"height":1536,"url":"https:\/\/www.k-w4w.org\/wp-content\/uploads\/2025\/06\/33.jpg","type":"image\/jpeg"}],"author":"kw4w","twitter_card":"summary_large_image","twitter_misc":{"Written by":"kw4w","Est. reading time":"1 minute"},"schema":{"@context":"https:\/\/schema.org","@graph":[{"@type":"Article","@id":"https:\/\/www.k-w4w.org\/forcimi-i-rrjetit-te-grave-permes-vizites-te-kadrije-mustafa-dodaj-bio-alta\/#article","isPartOf":{"@id":"https:\/\/www.k-w4w.org\/forcimi-i-rrjetit-te-grave-permes-vizites-te-kadrije-mustafa-dodaj-bio-alta\/"},"author":{"name":"kw4w","@id":"https:\/\/www.k-w4w.org\/en\/#\/schema\/person\/bea620f132061dd98aa21df3225035f4"},"headline":"Forcimi i rrjetit t\u00eb grave p\u00ebrmes vizit\u00ebs te Kadrije Mustafa-Dodaj Bio ALTA","datePublished":"2024-08-19T13:29:05+00:00","dateModified":"2025-06-26T13:31:38+00:00","mainEntityOfPage":{"@id":"https:\/\/www.k-w4w.org\/forcimi-i-rrjetit-te-grave-permes-vizites-te-kadrije-mustafa-dodaj-bio-alta\/"},"wordCount":223,"commentCount":0,"publisher":{"@id":"https:\/\/www.k-w4w.org\/en\/#organization"},"image":{"@id":"https:\/\/www.k-w4w.org\/forcimi-i-rrjetit-te-grave-permes-vizites-te-kadrije-mustafa-dodaj-bio-alta\/#primaryimage"},"thumbnailUrl":"https:\/\/www.k-w4w.org\/wp-content\/uploads\/2025\/06\/33.jpg","articleSection":["Lajme"],"inLanguage":"en-US","potentialAction":[{"@type":"CommentAction","name":"Comment","target":["https:\/\/www.k-w4w.org\/forcimi-i-rrjetit-te-grave-permes-vizites-te-kadrije-mustafa-dodaj-bio-alta\/#respond"]}]},{"@type":"WebPage","@id":"https:\/\/www.k-w4w.org\/forcimi-i-rrjetit-te-grave-permes-vizites-te-kadrije-mustafa-dodaj-bio-alta\/","url":"https:\/\/www.k-w4w.org\/forcimi-i-rrjetit-te-grave-permes-vizites-te-kadrije-mustafa-dodaj-bio-alta\/","name":"Forcimi i rrjetit t\u00eb grave p\u00ebrmes vizit\u00ebs te Kadrije Mustafa-Dodaj Bio ALTA - KW4W","isPartOf":{"@id":"https:\/\/www.k-w4w.org\/en\/#website"},"primaryImageOfPage":{"@id":"https:\/\/www.k-w4w.org\/forcimi-i-rrjetit-te-grave-permes-vizites-te-kadrije-mustafa-dodaj-bio-alta\/#primaryimage"},"image":{"@id":"https:\/\/www.k-w4w.org\/forcimi-i-rrjetit-te-grave-permes-vizites-te-kadrije-mustafa-dodaj-bio-alta\/#primaryimage"},"thumbnailUrl":"https:\/\/www.k-w4w.org\/wp-content\/uploads\/2025\/06\/33.jpg","datePublished":"2024-08-19T13:29:05+00:00","dateModified":"2025-06-26T13:31:38+00:00","breadcrumb":{"@id":"https:\/\/www.k-w4w.org\/forcimi-i-rrjetit-te-grave-permes-vizites-te-kadrije-mustafa-dodaj-bio-alta\/#breadcrumb"},"inLanguage":"en-US","potentialAction":[{"@type":"ReadAction","target":["https:\/\/www.k-w4w.org\/forcimi-i-rrjetit-te-grave-permes-vizites-te-kadrije-mustafa-dodaj-bio-alta\/"]}]},{"@type":"ImageObject","inLanguage":"en-US","@id":"https:\/\/www.k-w4w.org\/forcimi-i-rrjetit-te-grave-permes-vizites-te-kadrije-mustafa-dodaj-bio-alta\/#primaryimage","url":"https:\/\/www.k-w4w.org\/wp-content\/uploads\/2025\/06\/33.jpg","contentUrl":"https:\/\/www.k-w4w.org\/wp-content\/uploads\/2025\/06\/33.jpg","width":2048,"height":1536},{"@type":"BreadcrumbList","@id":"https:\/\/www.k-w4w.org\/forcimi-i-rrjetit-te-grave-permes-vizites-te-kadrije-mustafa-dodaj-bio-alta\/#breadcrumb","itemListElement":[{"@type":"ListItem","position":1,"name":"Home","item":"https:\/\/www.k-w4w.org\/"},{"@type":"ListItem","position":2,"name":"Forcimi i rrjetit t\u00eb grave p\u00ebrmes vizit\u00ebs te Kadrije Mustafa-Dodaj Bio ALTA"}]},{"@type":"WebSite","@id":"https:\/\/www.k-w4w.org\/en\/#website","url":"https:\/\/www.k-w4w.org\/en\/","name":"KW4W","description":"","publisher":{"@id":"https:\/\/www.k-w4w.org\/en\/#organization"},"potentialAction":[{"@type":"SearchAction","target":{"@type":"EntryPoint","urlTemplate":"https:\/\/www.k-w4w.org\/en\/?s={search_term_string}"},"query-input":{"@type":"PropertyValueSpecification","valueRequired":true,"valueName":"search_term_string"}}],"inLanguage":"en-US"},{"@type":"Organization","@id":"https:\/\/www.k-w4w.org\/en\/#organization","name":"KW4W","url":"https:\/\/www.k-w4w.org\/en\/","logo":{"@type":"ImageObject","inLanguage":"en-US","@id":"https:\/\/www.k-w4w.org\/en\/#\/schema\/logo\/image\/","url":"https:\/\/www.k-w4w.org\/wp-content\/uploads\/2023\/02\/cropped-wfwi_logo_color_gradient_cmyk.jpg","contentUrl":"https:\/\/www.k-w4w.org\/wp-content\/uploads\/2023\/02\/cropped-wfwi_logo_color_gradient_cmyk.jpg","width":1243,"height":199,"caption":"KW4W"},"image":{"@id":"https:\/\/www.k-w4w.org\/en\/#\/schema\/logo\/image\/"},"sameAs":["https:\/\/www.facebook.com\/KosovaWomen4Women","https:\/\/www.instagram.com\/womenforwomenkosova\/"]},{"@type":"Person","@id":"https:\/\/www.k-w4w.org\/en\/#\/schema\/person\/bea620f132061dd98aa21df3225035f4","name":"kw4w","image":{"@type":"ImageObject","inLanguage":"en-US","@id":"https:\/\/www.k-w4w.org\/en\/#\/schema\/person\/image\/","url":"https:\/\/secure.gravatar.com\/avatar\/35dca332a41f9d006f5b77ee9d9b90ed02181b4dcf7b166dcf848cb4e40abd74?s=96&d=mm&r=g","contentUrl":"https:\/\/secure.gravatar.com\/avatar\/35dca332a41f9d006f5b77ee9d9b90ed02181b4dcf7b166dcf848cb4e40abd74?s=96&d=mm&r=g","caption":"kw4w"},"sameAs":["https:\/\/www.k-w4w.org\/"],"url":"https:\/\/www.k-w4w.org\/en\/author\/kw4w\/"}]}},"_links":{"self":[{"href":"https:\/\/www.k-w4w.org\/en\/wp-json\/wp\/v2\/posts\/16633","targetHints":{"allow":["GET"]}}],"collection":[{"href":"https:\/\/www.k-w4w.org\/en\/wp-json\/wp\/v2\/posts"}],"about":[{"href":"https:\/\/www.k-w4w.org\/en\/wp-json\/wp\/v2\/types\/post"}],"author":[{"embeddable":true,"href":"https:\/\/www.k-w4w.org\/en\/wp-json\/wp\/v2\/users\/2"}],"replies":[{"embeddable":true,"href":"https:\/\/www.k-w4w.org\/en\/wp-json\/wp\/v2\/comments?post=16633"}],"version-history":[{"count":1,"href":"https:\/\/www.k-w4w.org\/en\/wp-json\/wp\/v2\/posts\/16633\/revisions"}],"predecessor-version":[{"id":16636,"href":"https:\/\/www.k-w4w.org\/en\/wp-json\/wp\/v2\/posts\/16633\/revisions\/16636"}],"wp:featuredmedia":[{"embeddable":true,"href":"https:\/\/www.k-w4w.org\/en\/wp-json\/wp\/v2\/media\/16634"}],"wp:attachment":[{"href":"https:\/\/www.k-w4w.org\/en\/wp-json\/wp\/v2\/media?parent=16633"}],"wp:term":[{"taxonomy":"category","embeddable":true,"href":"https:\/\/www.k-w4w.org\/en\/wp-json\/wp\/v2\/categories?post=16633"},{"taxonomy":"post_tag","embeddable":true,"href":"https:\/\/www.k-w4w.org\/en\/wp-json\/wp\/v2\/tags?post=16633"}],"curies":[{"name":"wp","href":"https:\/\/api.w.org\/{rel}","templated":true}]}}