{"id":16654,"date":"2024-09-12T09:33:30","date_gmt":"2024-09-12T09:33:30","guid":{"rendered":"https:\/\/www.k-w4w.org\/?p=16654"},"modified":"2025-07-07T09:35:52","modified_gmt":"2025-07-07T09:35:52","slug":"te-drejtat-trashegimore-dhe-pronesore-te-grave-nje-hap-perpara-ne-gracanice","status":"publish","type":"post","link":"https:\/\/www.k-w4w.org\/en\/te-drejtat-trashegimore-dhe-pronesore-te-grave-nje-hap-perpara-ne-gracanice\/","title":{"rendered":"T\u00eb Drejtat Trash\u00ebgimore dhe Pron\u00ebsore t\u00eb Grave \u2013 Nj\u00eb Hap p\u00ebrpara n\u00eb Gra\u00e7anic\u00eb"},"content":{"rendered":"<p data-start=\"195\" data-end=\"559\">Sot, Aktiviteti i USAID <strong data-start=\"219\" data-end=\"243\">&#8220;Qeverisja e Pron\u00ebs&#8221;<\/strong> organizoi nj\u00eb <strong data-start=\"258\" data-end=\"326\">fokus grup me grat\u00eb dhe grat\u00eb aktiviste t\u00eb Komun\u00ebs s\u00eb Gra\u00e7anic\u00ebs<\/strong>. N\u00eb takim mor\u00ebn pjes\u00eb gra nga komuniteti serb dhe ai rom, t\u00eb cilat ndan\u00eb perspektivat e tyre n\u00eb lidhje me sfidat dhe shqet\u00ebsimet q\u00eb p\u00ebrballen n\u00eb realizimin e <strong data-start=\"485\" data-end=\"530\">t\u00eb drejtave pron\u00ebsore dhe t\u00eb trash\u00ebgimis\u00eb<\/strong>, si dhe <strong data-start=\"539\" data-end=\"558\">qasjen n\u00eb pron\u00eb<\/strong>.<\/p>\n<p data-start=\"561\" data-end=\"748\">Gjat\u00eb diskutimit u trajtuan edhe \u00e7\u00ebshtjet q\u00eb lidhen me <strong data-start=\"616\" data-end=\"654\">sh\u00ebrbimet kadastrale dhe pron\u00ebsore<\/strong> q\u00eb ofron Komuna e Gra\u00e7anic\u00ebs, duke identifikuar nevojat dhe mund\u00ebsit\u00eb p\u00ebr p\u00ebrmir\u00ebsim t\u00eb tyre.<\/p>\n<p data-start=\"750\" data-end=\"1010\">Diskutimet dhe rekomandimet e dala nga ky fokus grup do t\u00eb p\u00ebrdoren n\u00eb <strong data-start=\"821\" data-end=\"895\">procesin e hartimit t\u00eb Planit p\u00ebr P\u00ebrmir\u00ebsimin e Sh\u00ebrbimeve Kadastrale<\/strong>, q\u00eb Komuna e Gra\u00e7anic\u00ebs do t\u00eb hartoj\u00eb dhe adoptoj\u00eb me <strong data-start=\"950\" data-end=\"1009\">mb\u00ebshtetjen e Aktivitetit t\u00eb USAID &#8220;Qeverisja e Pron\u00ebs&#8221;<\/strong>.<\/p>\n<p data-start=\"1012\" data-end=\"1176\">Organizata <strong data-start=\"1023\" data-end=\"1047\">Kosova-Women 4 Women<\/strong> \u00ebsht\u00eb partnere e k\u00ebtij aktiviteti dhe kontribuon n\u00eb fuqizimin e grave dhe p\u00ebrfaq\u00ebsimin e z\u00ebrit t\u00eb tyre n\u00eb procese vendimmarr\u00ebse.<\/p>","protected":false},"excerpt":{"rendered":"<p>Sot, Aktiviteti i USAID &#8220;Qeverisja e Pron\u00ebs&#8221; organizoi nj\u00eb fokus grup me grat\u00eb dhe grat\u00eb aktiviste t\u00eb Komun\u00ebs s\u00eb Gra\u00e7anic\u00ebs. N\u00eb takim mor\u00ebn pjes\u00eb gra nga komuniteti serb dhe ai rom, t\u00eb cilat ndan\u00eb perspektivat e tyre n\u00eb lidhje me sfidat dhe shqet\u00ebsimet q\u00eb p\u00ebrballen n\u00eb realizimin e t\u00eb drejtave pron\u00ebsore dhe t\u00eb trash\u00ebgimis\u00eb, si [&hellip;]<\/p>\n","protected":false},"author":2,"featured_media":16655,"comment_status":"open","ping_status":"open","sticky":false,"template":"","format":"standard","meta":{"footnotes":""},"categories":[59],"tags":[],"class_list":["post-16654","post","type-post","status-publish","format-standard","has-post-thumbnail","hentry","category-lajme"],"yoast_head":"<!-- This site is optimized with the Yoast SEO plugin v27.0 - https:\/\/yoast.com\/product\/yoast-seo-wordpress\/ -->\n<title>T\u00eb Drejtat Trash\u00ebgimore dhe Pron\u00ebsore t\u00eb Grave \u2013 Nj\u00eb Hap p\u00ebrpara n\u00eb Gra\u00e7anic\u00eb - KW4W<\/title>\n<meta name=\"robots\" content=\"index, follow, max-snippet:-1, max-image-preview:large, max-video-preview:-1\" \/>\n<link rel=\"canonical\" href=\"https:\/\/www.k-w4w.org\/en\/te-drejtat-trashegimore-dhe-pronesore-te-grave-nje-hap-perpara-ne-gracanice\/\" \/>\n<meta property=\"og:locale\" content=\"en_US\" \/>\n<meta property=\"og:type\" content=\"article\" \/>\n<meta property=\"og:title\" content=\"T\u00eb Drejtat Trash\u00ebgimore dhe Pron\u00ebsore t\u00eb Grave \u2013 Nj\u00eb Hap p\u00ebrpara n\u00eb Gra\u00e7anic\u00eb - KW4W\" \/>\n<meta property=\"og:description\" content=\"Sot, Aktiviteti i USAID &#8220;Qeverisja e Pron\u00ebs&#8221; organizoi nj\u00eb fokus grup me grat\u00eb dhe grat\u00eb aktiviste t\u00eb Komun\u00ebs s\u00eb Gra\u00e7anic\u00ebs. N\u00eb takim mor\u00ebn pjes\u00eb gra nga komuniteti serb dhe ai rom, t\u00eb cilat ndan\u00eb perspektivat e tyre n\u00eb lidhje me sfidat dhe shqet\u00ebsimet q\u00eb p\u00ebrballen n\u00eb realizimin e t\u00eb drejtave pron\u00ebsore dhe t\u00eb trash\u00ebgimis\u00eb, si [&hellip;]\" \/>\n<meta property=\"og:url\" content=\"https:\/\/www.k-w4w.org\/en\/te-drejtat-trashegimore-dhe-pronesore-te-grave-nje-hap-perpara-ne-gracanice\/\" \/>\n<meta property=\"og:site_name\" content=\"KW4W\" \/>\n<meta property=\"article:publisher\" content=\"https:\/\/www.facebook.com\/KosovaWomen4Women\" \/>\n<meta property=\"article:published_time\" content=\"2024-09-12T09:33:30+00:00\" \/>\n<meta property=\"article:modified_time\" content=\"2025-07-07T09:35:52+00:00\" \/>\n<meta property=\"og:image\" content=\"https:\/\/www.k-w4w.org\/wp-content\/uploads\/2025\/07\/39.jpg\" \/>\n\t<meta property=\"og:image:width\" content=\"1200\" \/>\n\t<meta property=\"og:image:height\" content=\"1600\" \/>\n\t<meta property=\"og:image:type\" content=\"image\/jpeg\" \/>\n<meta name=\"author\" content=\"kw4w\" \/>\n<meta name=\"twitter:card\" content=\"summary_large_image\" \/>\n<meta name=\"twitter:label1\" content=\"Written by\" \/>\n\t<meta name=\"twitter:data1\" content=\"kw4w\" \/>\n\t<meta name=\"twitter:label2\" content=\"Est. reading time\" \/>\n\t<meta name=\"twitter:data2\" content=\"1 minute\" \/>\n<script type=\"application\/ld+json\" class=\"yoast-schema-graph\">{\"@context\":\"https:\/\/schema.org\",\"@graph\":[{\"@type\":\"Article\",\"@id\":\"https:\/\/www.k-w4w.org\/te-drejtat-trashegimore-dhe-pronesore-te-grave-nje-hap-perpara-ne-gracanice\/#article\",\"isPartOf\":{\"@id\":\"https:\/\/www.k-w4w.org\/te-drejtat-trashegimore-dhe-pronesore-te-grave-nje-hap-perpara-ne-gracanice\/\"},\"author\":{\"name\":\"kw4w\",\"@id\":\"https:\/\/www.k-w4w.org\/en\/#\/schema\/person\/bea620f132061dd98aa21df3225035f4\"},\"headline\":\"T\u00eb Drejtat Trash\u00ebgimore dhe Pron\u00ebsore t\u00eb Grave \u2013 Nj\u00eb Hap p\u00ebrpara n\u00eb Gra\u00e7anic\u00eb\",\"datePublished\":\"2024-09-12T09:33:30+00:00\",\"dateModified\":\"2025-07-07T09:35:52+00:00\",\"mainEntityOfPage\":{\"@id\":\"https:\/\/www.k-w4w.org\/te-drejtat-trashegimore-dhe-pronesore-te-grave-nje-hap-perpara-ne-gracanice\/\"},\"wordCount\":197,\"commentCount\":0,\"publisher\":{\"@id\":\"https:\/\/www.k-w4w.org\/en\/#organization\"},\"image\":{\"@id\":\"https:\/\/www.k-w4w.org\/te-drejtat-trashegimore-dhe-pronesore-te-grave-nje-hap-perpara-ne-gracanice\/#primaryimage\"},\"thumbnailUrl\":\"https:\/\/www.k-w4w.org\/wp-content\/uploads\/2025\/07\/39.jpg\",\"articleSection\":[\"Lajme\"],\"inLanguage\":\"en-US\",\"potentialAction\":[{\"@type\":\"CommentAction\",\"name\":\"Comment\",\"target\":[\"https:\/\/www.k-w4w.org\/te-drejtat-trashegimore-dhe-pronesore-te-grave-nje-hap-perpara-ne-gracanice\/#respond\"]}]},{\"@type\":\"WebPage\",\"@id\":\"https:\/\/www.k-w4w.org\/te-drejtat-trashegimore-dhe-pronesore-te-grave-nje-hap-perpara-ne-gracanice\/\",\"url\":\"https:\/\/www.k-w4w.org\/te-drejtat-trashegimore-dhe-pronesore-te-grave-nje-hap-perpara-ne-gracanice\/\",\"name\":\"T\u00eb Drejtat Trash\u00ebgimore dhe Pron\u00ebsore t\u00eb Grave \u2013 Nj\u00eb Hap p\u00ebrpara n\u00eb Gra\u00e7anic\u00eb - KW4W\",\"isPartOf\":{\"@id\":\"https:\/\/www.k-w4w.org\/en\/#website\"},\"primaryImageOfPage\":{\"@id\":\"https:\/\/www.k-w4w.org\/te-drejtat-trashegimore-dhe-pronesore-te-grave-nje-hap-perpara-ne-gracanice\/#primaryimage\"},\"image\":{\"@id\":\"https:\/\/www.k-w4w.org\/te-drejtat-trashegimore-dhe-pronesore-te-grave-nje-hap-perpara-ne-gracanice\/#primaryimage\"},\"thumbnailUrl\":\"https:\/\/www.k-w4w.org\/wp-content\/uploads\/2025\/07\/39.jpg\",\"datePublished\":\"2024-09-12T09:33:30+00:00\",\"dateModified\":\"2025-07-07T09:35:52+00:00\",\"breadcrumb\":{\"@id\":\"https:\/\/www.k-w4w.org\/te-drejtat-trashegimore-dhe-pronesore-te-grave-nje-hap-perpara-ne-gracanice\/#breadcrumb\"},\"inLanguage\":\"en-US\",\"potentialAction\":[{\"@type\":\"ReadAction\",\"target\":[\"https:\/\/www.k-w4w.org\/te-drejtat-trashegimore-dhe-pronesore-te-grave-nje-hap-perpara-ne-gracanice\/\"]}]},{\"@type\":\"ImageObject\",\"inLanguage\":\"en-US\",\"@id\":\"https:\/\/www.k-w4w.org\/te-drejtat-trashegimore-dhe-pronesore-te-grave-nje-hap-perpara-ne-gracanice\/#primaryimage\",\"url\":\"https:\/\/www.k-w4w.org\/wp-content\/uploads\/2025\/07\/39.jpg\",\"contentUrl\":\"https:\/\/www.k-w4w.org\/wp-content\/uploads\/2025\/07\/39.jpg\",\"width\":1200,\"height\":1600},{\"@type\":\"BreadcrumbList\",\"@id\":\"https:\/\/www.k-w4w.org\/te-drejtat-trashegimore-dhe-pronesore-te-grave-nje-hap-perpara-ne-gracanice\/#breadcrumb\",\"itemListElement\":[{\"@type\":\"ListItem\",\"position\":1,\"name\":\"Home\",\"item\":\"https:\/\/www.k-w4w.org\/\"},{\"@type\":\"ListItem\",\"position\":2,\"name\":\"T\u00eb Drejtat Trash\u00ebgimore dhe Pron\u00ebsore t\u00eb Grave \u2013 Nj\u00eb Hap p\u00ebrpara n\u00eb Gra\u00e7anic\u00eb\"}]},{\"@type\":\"WebSite\",\"@id\":\"https:\/\/www.k-w4w.org\/en\/#website\",\"url\":\"https:\/\/www.k-w4w.org\/en\/\",\"name\":\"KW4W\",\"description\":\"\",\"publisher\":{\"@id\":\"https:\/\/www.k-w4w.org\/en\/#organization\"},\"potentialAction\":[{\"@type\":\"SearchAction\",\"target\":{\"@type\":\"EntryPoint\",\"urlTemplate\":\"https:\/\/www.k-w4w.org\/en\/?s={search_term_string}\"},\"query-input\":{\"@type\":\"PropertyValueSpecification\",\"valueRequired\":true,\"valueName\":\"search_term_string\"}}],\"inLanguage\":\"en-US\"},{\"@type\":\"Organization\",\"@id\":\"https:\/\/www.k-w4w.org\/en\/#organization\",\"name\":\"KW4W\",\"url\":\"https:\/\/www.k-w4w.org\/en\/\",\"logo\":{\"@type\":\"ImageObject\",\"inLanguage\":\"en-US\",\"@id\":\"https:\/\/www.k-w4w.org\/en\/#\/schema\/logo\/image\/\",\"url\":\"https:\/\/www.k-w4w.org\/wp-content\/uploads\/2023\/02\/cropped-wfwi_logo_color_gradient_cmyk.jpg\",\"contentUrl\":\"https:\/\/www.k-w4w.org\/wp-content\/uploads\/2023\/02\/cropped-wfwi_logo_color_gradient_cmyk.jpg\",\"width\":1243,\"height\":199,\"caption\":\"KW4W\"},\"image\":{\"@id\":\"https:\/\/www.k-w4w.org\/en\/#\/schema\/logo\/image\/\"},\"sameAs\":[\"https:\/\/www.facebook.com\/KosovaWomen4Women\",\"https:\/\/www.instagram.com\/womenforwomenkosova\/\"]},{\"@type\":\"Person\",\"@id\":\"https:\/\/www.k-w4w.org\/en\/#\/schema\/person\/bea620f132061dd98aa21df3225035f4\",\"name\":\"kw4w\",\"image\":{\"@type\":\"ImageObject\",\"inLanguage\":\"en-US\",\"@id\":\"https:\/\/www.k-w4w.org\/en\/#\/schema\/person\/image\/\",\"url\":\"https:\/\/secure.gravatar.com\/avatar\/35dca332a41f9d006f5b77ee9d9b90ed02181b4dcf7b166dcf848cb4e40abd74?s=96&d=mm&r=g\",\"contentUrl\":\"https:\/\/secure.gravatar.com\/avatar\/35dca332a41f9d006f5b77ee9d9b90ed02181b4dcf7b166dcf848cb4e40abd74?s=96&d=mm&r=g\",\"caption\":\"kw4w\"},\"sameAs\":[\"https:\/\/www.k-w4w.org\/\"],\"url\":\"https:\/\/www.k-w4w.org\/en\/author\/kw4w\/\"}]}<\/script>\n<!-- \/ Yoast SEO plugin. -->","yoast_head_json":{"title":"T\u00eb Drejtat Trash\u00ebgimore dhe Pron\u00ebsore t\u00eb Grave \u2013 Nj\u00eb Hap p\u00ebrpara n\u00eb Gra\u00e7anic\u00eb - KW4W","robots":{"index":"index","follow":"follow","max-snippet":"max-snippet:-1","max-image-preview":"max-image-preview:large","max-video-preview":"max-video-preview:-1"},"canonical":"https:\/\/www.k-w4w.org\/en\/te-drejtat-trashegimore-dhe-pronesore-te-grave-nje-hap-perpara-ne-gracanice\/","og_locale":"en_US","og_type":"article","og_title":"T\u00eb Drejtat Trash\u00ebgimore dhe Pron\u00ebsore t\u00eb Grave \u2013 Nj\u00eb Hap p\u00ebrpara n\u00eb Gra\u00e7anic\u00eb - KW4W","og_description":"Sot, Aktiviteti i USAID &#8220;Qeverisja e Pron\u00ebs&#8221; organizoi nj\u00eb fokus grup me grat\u00eb dhe grat\u00eb aktiviste t\u00eb Komun\u00ebs s\u00eb Gra\u00e7anic\u00ebs. N\u00eb takim mor\u00ebn pjes\u00eb gra nga komuniteti serb dhe ai rom, t\u00eb cilat ndan\u00eb perspektivat e tyre n\u00eb lidhje me sfidat dhe shqet\u00ebsimet q\u00eb p\u00ebrballen n\u00eb realizimin e t\u00eb drejtave pron\u00ebsore dhe t\u00eb trash\u00ebgimis\u00eb, si [&hellip;]","og_url":"https:\/\/www.k-w4w.org\/en\/te-drejtat-trashegimore-dhe-pronesore-te-grave-nje-hap-perpara-ne-gracanice\/","og_site_name":"KW4W","article_publisher":"https:\/\/www.facebook.com\/KosovaWomen4Women","article_published_time":"2024-09-12T09:33:30+00:00","article_modified_time":"2025-07-07T09:35:52+00:00","og_image":[{"width":1200,"height":1600,"url":"https:\/\/www.k-w4w.org\/wp-content\/uploads\/2025\/07\/39.jpg","type":"image\/jpeg"}],"author":"kw4w","twitter_card":"summary_large_image","twitter_misc":{"Written by":"kw4w","Est. reading time":"1 minute"},"schema":{"@context":"https:\/\/schema.org","@graph":[{"@type":"Article","@id":"https:\/\/www.k-w4w.org\/te-drejtat-trashegimore-dhe-pronesore-te-grave-nje-hap-perpara-ne-gracanice\/#article","isPartOf":{"@id":"https:\/\/www.k-w4w.org\/te-drejtat-trashegimore-dhe-pronesore-te-grave-nje-hap-perpara-ne-gracanice\/"},"author":{"name":"kw4w","@id":"https:\/\/www.k-w4w.org\/en\/#\/schema\/person\/bea620f132061dd98aa21df3225035f4"},"headline":"T\u00eb Drejtat Trash\u00ebgimore dhe Pron\u00ebsore t\u00eb Grave \u2013 Nj\u00eb Hap p\u00ebrpara n\u00eb Gra\u00e7anic\u00eb","datePublished":"2024-09-12T09:33:30+00:00","dateModified":"2025-07-07T09:35:52+00:00","mainEntityOfPage":{"@id":"https:\/\/www.k-w4w.org\/te-drejtat-trashegimore-dhe-pronesore-te-grave-nje-hap-perpara-ne-gracanice\/"},"wordCount":197,"commentCount":0,"publisher":{"@id":"https:\/\/www.k-w4w.org\/en\/#organization"},"image":{"@id":"https:\/\/www.k-w4w.org\/te-drejtat-trashegimore-dhe-pronesore-te-grave-nje-hap-perpara-ne-gracanice\/#primaryimage"},"thumbnailUrl":"https:\/\/www.k-w4w.org\/wp-content\/uploads\/2025\/07\/39.jpg","articleSection":["Lajme"],"inLanguage":"en-US","potentialAction":[{"@type":"CommentAction","name":"Comment","target":["https:\/\/www.k-w4w.org\/te-drejtat-trashegimore-dhe-pronesore-te-grave-nje-hap-perpara-ne-gracanice\/#respond"]}]},{"@type":"WebPage","@id":"https:\/\/www.k-w4w.org\/te-drejtat-trashegimore-dhe-pronesore-te-grave-nje-hap-perpara-ne-gracanice\/","url":"https:\/\/www.k-w4w.org\/te-drejtat-trashegimore-dhe-pronesore-te-grave-nje-hap-perpara-ne-gracanice\/","name":"T\u00eb Drejtat Trash\u00ebgimore dhe Pron\u00ebsore t\u00eb Grave \u2013 Nj\u00eb Hap p\u00ebrpara n\u00eb Gra\u00e7anic\u00eb - KW4W","isPartOf":{"@id":"https:\/\/www.k-w4w.org\/en\/#website"},"primaryImageOfPage":{"@id":"https:\/\/www.k-w4w.org\/te-drejtat-trashegimore-dhe-pronesore-te-grave-nje-hap-perpara-ne-gracanice\/#primaryimage"},"image":{"@id":"https:\/\/www.k-w4w.org\/te-drejtat-trashegimore-dhe-pronesore-te-grave-nje-hap-perpara-ne-gracanice\/#primaryimage"},"thumbnailUrl":"https:\/\/www.k-w4w.org\/wp-content\/uploads\/2025\/07\/39.jpg","datePublished":"2024-09-12T09:33:30+00:00","dateModified":"2025-07-07T09:35:52+00:00","breadcrumb":{"@id":"https:\/\/www.k-w4w.org\/te-drejtat-trashegimore-dhe-pronesore-te-grave-nje-hap-perpara-ne-gracanice\/#breadcrumb"},"inLanguage":"en-US","potentialAction":[{"@type":"ReadAction","target":["https:\/\/www.k-w4w.org\/te-drejtat-trashegimore-dhe-pronesore-te-grave-nje-hap-perpara-ne-gracanice\/"]}]},{"@type":"ImageObject","inLanguage":"en-US","@id":"https:\/\/www.k-w4w.org\/te-drejtat-trashegimore-dhe-pronesore-te-grave-nje-hap-perpara-ne-gracanice\/#primaryimage","url":"https:\/\/www.k-w4w.org\/wp-content\/uploads\/2025\/07\/39.jpg","contentUrl":"https:\/\/www.k-w4w.org\/wp-content\/uploads\/2025\/07\/39.jpg","width":1200,"height":1600},{"@type":"BreadcrumbList","@id":"https:\/\/www.k-w4w.org\/te-drejtat-trashegimore-dhe-pronesore-te-grave-nje-hap-perpara-ne-gracanice\/#breadcrumb","itemListElement":[{"@type":"ListItem","position":1,"name":"Home","item":"https:\/\/www.k-w4w.org\/"},{"@type":"ListItem","position":2,"name":"T\u00eb Drejtat Trash\u00ebgimore dhe Pron\u00ebsore t\u00eb Grave \u2013 Nj\u00eb Hap p\u00ebrpara n\u00eb Gra\u00e7anic\u00eb"}]},{"@type":"WebSite","@id":"https:\/\/www.k-w4w.org\/en\/#website","url":"https:\/\/www.k-w4w.org\/en\/","name":"KW4W","description":"","publisher":{"@id":"https:\/\/www.k-w4w.org\/en\/#organization"},"potentialAction":[{"@type":"SearchAction","target":{"@type":"EntryPoint","urlTemplate":"https:\/\/www.k-w4w.org\/en\/?s={search_term_string}"},"query-input":{"@type":"PropertyValueSpecification","valueRequired":true,"valueName":"search_term_string"}}],"inLanguage":"en-US"},{"@type":"Organization","@id":"https:\/\/www.k-w4w.org\/en\/#organization","name":"KW4W","url":"https:\/\/www.k-w4w.org\/en\/","logo":{"@type":"ImageObject","inLanguage":"en-US","@id":"https:\/\/www.k-w4w.org\/en\/#\/schema\/logo\/image\/","url":"https:\/\/www.k-w4w.org\/wp-content\/uploads\/2023\/02\/cropped-wfwi_logo_color_gradient_cmyk.jpg","contentUrl":"https:\/\/www.k-w4w.org\/wp-content\/uploads\/2023\/02\/cropped-wfwi_logo_color_gradient_cmyk.jpg","width":1243,"height":199,"caption":"KW4W"},"image":{"@id":"https:\/\/www.k-w4w.org\/en\/#\/schema\/logo\/image\/"},"sameAs":["https:\/\/www.facebook.com\/KosovaWomen4Women","https:\/\/www.instagram.com\/womenforwomenkosova\/"]},{"@type":"Person","@id":"https:\/\/www.k-w4w.org\/en\/#\/schema\/person\/bea620f132061dd98aa21df3225035f4","name":"kw4w","image":{"@type":"ImageObject","inLanguage":"en-US","@id":"https:\/\/www.k-w4w.org\/en\/#\/schema\/person\/image\/","url":"https:\/\/secure.gravatar.com\/avatar\/35dca332a41f9d006f5b77ee9d9b90ed02181b4dcf7b166dcf848cb4e40abd74?s=96&d=mm&r=g","contentUrl":"https:\/\/secure.gravatar.com\/avatar\/35dca332a41f9d006f5b77ee9d9b90ed02181b4dcf7b166dcf848cb4e40abd74?s=96&d=mm&r=g","caption":"kw4w"},"sameAs":["https:\/\/www.k-w4w.org\/"],"url":"https:\/\/www.k-w4w.org\/en\/author\/kw4w\/"}]}},"_links":{"self":[{"href":"https:\/\/www.k-w4w.org\/en\/wp-json\/wp\/v2\/posts\/16654","targetHints":{"allow":["GET"]}}],"collection":[{"href":"https:\/\/www.k-w4w.org\/en\/wp-json\/wp\/v2\/posts"}],"about":[{"href":"https:\/\/www.k-w4w.org\/en\/wp-json\/wp\/v2\/types\/post"}],"author":[{"embeddable":true,"href":"https:\/\/www.k-w4w.org\/en\/wp-json\/wp\/v2\/users\/2"}],"replies":[{"embeddable":true,"href":"https:\/\/www.k-w4w.org\/en\/wp-json\/wp\/v2\/comments?post=16654"}],"version-history":[{"count":1,"href":"https:\/\/www.k-w4w.org\/en\/wp-json\/wp\/v2\/posts\/16654\/revisions"}],"predecessor-version":[{"id":16656,"href":"https:\/\/www.k-w4w.org\/en\/wp-json\/wp\/v2\/posts\/16654\/revisions\/16656"}],"wp:featuredmedia":[{"embeddable":true,"href":"https:\/\/www.k-w4w.org\/en\/wp-json\/wp\/v2\/media\/16655"}],"wp:attachment":[{"href":"https:\/\/www.k-w4w.org\/en\/wp-json\/wp\/v2\/media?parent=16654"}],"wp:term":[{"taxonomy":"category","embeddable":true,"href":"https:\/\/www.k-w4w.org\/en\/wp-json\/wp\/v2\/categories?post=16654"},{"taxonomy":"post_tag","embeddable":true,"href":"https:\/\/www.k-w4w.org\/en\/wp-json\/wp\/v2\/tags?post=16654"}],"curies":[{"name":"wp","href":"https:\/\/api.w.org\/{rel}","templated":true}]}}