{"id":16663,"date":"2024-09-27T09:42:09","date_gmt":"2024-09-27T09:42:09","guid":{"rendered":"https:\/\/www.k-w4w.org\/?p=16663"},"modified":"2025-07-07T09:49:13","modified_gmt":"2025-07-07T09:49:13","slug":"nje-hap-me-afer-barazise-kw4w-nderohet-per-angazhimin-ne-fuqizimin-ekonomik","status":"publish","type":"post","link":"https:\/\/www.k-w4w.org\/en\/nje-hap-me-afer-barazise-kw4w-nderohet-per-angazhimin-ne-fuqizimin-ekonomik\/","title":{"rendered":"Nj\u00eb Hap m\u00eb Af\u00ebr Barazis\u00eb: KW4W Nderohet p\u00ebr Angazhimin n\u00eb Fuqizimin Ekonomik"},"content":{"rendered":"<p data-start=\"134\" data-end=\"207\"><strong data-start=\"137\" data-end=\"204\">KW4W vler\u00ebsohet p\u00ebr kontributin n\u00eb fuqizimin ekonomik t\u00eb grave!<\/strong><\/p>\n<p data-start=\"209\" data-end=\"456\"><strong data-start=\"209\" data-end=\"240\">Kosova-Women 4 Women (KW4W)<\/strong> pati nderin t\u00eb marr\u00eb pjes\u00eb n\u00eb nj\u00eb ngjarje t\u00eb ve\u00e7ant\u00eb q\u00eb sh\u00ebnoi <strong data-start=\"304\" data-end=\"335\">p\u00ebrmbylljen e projektit EYE<\/strong>, me pranin\u00eb e p\u00ebrfaq\u00ebsuesve t\u00eb lart\u00eb nga <strong data-start=\"377\" data-end=\"398\">Qeveria e Kosov\u00ebs<\/strong>, <strong data-start=\"400\" data-end=\"422\">Ambasada Zvicerane<\/strong>, donator\u00eb dhe partner\u00eb t\u00eb shumt\u00eb.<\/p>\n<p data-start=\"458\" data-end=\"634\">\ud83c\udf89Kjo dit\u00eb festive ishte nj\u00eb mund\u00ebsi p\u00ebr t\u00eb reflektuar mbi <strong data-start=\"518\" data-end=\"558\">ndikimin dometh\u00ebn\u00ebs t\u00eb projektit EYE<\/strong> n\u00eb fuqizimin e t\u00eb rinjve dhe avancimin e <strong data-start=\"600\" data-end=\"623\">p\u00ebrfshirjes gjinore<\/strong> in Kosovo.<\/p>\n<p data-start=\"636\" data-end=\"800\">\u00a0Me shum\u00eb krenari njoftojm\u00eb se <strong data-start=\"669\" data-end=\"728\">KW4W \u00ebsht\u00eb nderuar me nj\u00eb mir\u00ebnjohje nga EYE \u2013 Helvetas<\/strong> p\u00ebr kontributin ton\u00eb t\u00eb vazhduesh\u00ebm n\u00eb <strong data-start=\"768\" data-end=\"799\">fuqizimin ekonomik t\u00eb grave<\/strong>.<\/p>\n<p data-start=\"802\" data-end=\"915\">Kjo mir\u00ebnjohje na motivon t\u00eb vazhdojm\u00eb p\u00ebrpjekjet tona p\u00ebr nj\u00eb shoq\u00ebri m\u00eb t\u00eb barabart\u00eb dhe gjith\u00ebp\u00ebrfshir\u00ebse!<\/p>\n<p data-start=\"917\" data-end=\"1010\">#KW4W #EYEproject #Empowerment #GenderEquality #Youth #EconomicEmpowerment #TogetherForChange<\/p>","protected":false},"excerpt":{"rendered":"<p>KW4W vler\u00ebsohet p\u00ebr kontributin n\u00eb fuqizimin ekonomik t\u00eb grave! Kosova-Women 4 Women (KW4W) pati nderin t\u00eb marr\u00eb pjes\u00eb n\u00eb nj\u00eb ngjarje t\u00eb ve\u00e7ant\u00eb q\u00eb sh\u00ebnoi p\u00ebrmbylljen e projektit EYE, me pranin\u00eb e p\u00ebrfaq\u00ebsuesve t\u00eb lart\u00eb nga Qeveria e Kosov\u00ebs, Ambasada Zvicerane, donator\u00eb dhe partner\u00eb t\u00eb shumt\u00eb. \ud83c\udf89Kjo dit\u00eb festive ishte nj\u00eb mund\u00ebsi p\u00ebr t\u00eb reflektuar [&hellip;]<\/p>\n","protected":false},"author":2,"featured_media":16664,"comment_status":"open","ping_status":"open","sticky":false,"template":"","format":"standard","meta":{"footnotes":""},"categories":[59],"tags":[],"class_list":["post-16663","post","type-post","status-publish","format-standard","has-post-thumbnail","hentry","category-lajme"],"yoast_head":"<!-- This site is optimized with the Yoast SEO plugin v27.0 - https:\/\/yoast.com\/product\/yoast-seo-wordpress\/ -->\n<title>Nj\u00eb Hap m\u00eb Af\u00ebr Barazis\u00eb: KW4W Nderohet p\u00ebr Angazhimin n\u00eb Fuqizimin Ekonomik - KW4W<\/title>\n<meta name=\"robots\" content=\"index, follow, max-snippet:-1, max-image-preview:large, max-video-preview:-1\" \/>\n<link rel=\"canonical\" href=\"https:\/\/www.k-w4w.org\/en\/nje-hap-me-afer-barazise-kw4w-nderohet-per-angazhimin-ne-fuqizimin-ekonomik\/\" \/>\n<meta property=\"og:locale\" content=\"en_US\" \/>\n<meta property=\"og:type\" content=\"article\" \/>\n<meta property=\"og:title\" content=\"Nj\u00eb Hap m\u00eb Af\u00ebr Barazis\u00eb: KW4W Nderohet p\u00ebr Angazhimin n\u00eb Fuqizimin Ekonomik - KW4W\" \/>\n<meta property=\"og:description\" content=\"KW4W vler\u00ebsohet p\u00ebr kontributin n\u00eb fuqizimin ekonomik t\u00eb grave! Kosova-Women 4 Women (KW4W) pati nderin t\u00eb marr\u00eb pjes\u00eb n\u00eb nj\u00eb ngjarje t\u00eb ve\u00e7ant\u00eb q\u00eb sh\u00ebnoi p\u00ebrmbylljen e projektit EYE, me pranin\u00eb e p\u00ebrfaq\u00ebsuesve t\u00eb lart\u00eb nga Qeveria e Kosov\u00ebs, Ambasada Zvicerane, donator\u00eb dhe partner\u00eb t\u00eb shumt\u00eb. \ud83c\udf89Kjo dit\u00eb festive ishte nj\u00eb mund\u00ebsi p\u00ebr t\u00eb reflektuar [&hellip;]\" \/>\n<meta property=\"og:url\" content=\"https:\/\/www.k-w4w.org\/en\/nje-hap-me-afer-barazise-kw4w-nderohet-per-angazhimin-ne-fuqizimin-ekonomik\/\" \/>\n<meta property=\"og:site_name\" content=\"KW4W\" \/>\n<meta property=\"article:publisher\" content=\"https:\/\/www.facebook.com\/KosovaWomen4Women\" \/>\n<meta property=\"article:published_time\" content=\"2024-09-27T09:42:09+00:00\" \/>\n<meta property=\"article:modified_time\" content=\"2025-07-07T09:49:13+00:00\" \/>\n<meta property=\"og:image\" content=\"https:\/\/www.k-w4w.org\/wp-content\/uploads\/2025\/07\/42.jpg\" \/>\n\t<meta property=\"og:image:width\" content=\"2048\" \/>\n\t<meta property=\"og:image:height\" content=\"1365\" \/>\n\t<meta property=\"og:image:type\" content=\"image\/jpeg\" \/>\n<meta name=\"author\" content=\"kw4w\" \/>\n<meta name=\"twitter:card\" content=\"summary_large_image\" \/>\n<meta name=\"twitter:label1\" content=\"Written by\" \/>\n\t<meta name=\"twitter:data1\" content=\"kw4w\" \/>\n\t<meta name=\"twitter:label2\" content=\"Est. reading time\" \/>\n\t<meta name=\"twitter:data2\" content=\"1 minute\" \/>\n<script type=\"application\/ld+json\" class=\"yoast-schema-graph\">{\"@context\":\"https:\/\/schema.org\",\"@graph\":[{\"@type\":\"Article\",\"@id\":\"https:\/\/www.k-w4w.org\/nje-hap-me-afer-barazise-kw4w-nderohet-per-angazhimin-ne-fuqizimin-ekonomik\/#article\",\"isPartOf\":{\"@id\":\"https:\/\/www.k-w4w.org\/nje-hap-me-afer-barazise-kw4w-nderohet-per-angazhimin-ne-fuqizimin-ekonomik\/\"},\"author\":{\"name\":\"kw4w\",\"@id\":\"https:\/\/www.k-w4w.org\/en\/#\/schema\/person\/bea620f132061dd98aa21df3225035f4\"},\"headline\":\"Nj\u00eb Hap m\u00eb Af\u00ebr Barazis\u00eb: KW4W Nderohet p\u00ebr Angazhimin n\u00eb Fuqizimin Ekonomik\",\"datePublished\":\"2024-09-27T09:42:09+00:00\",\"dateModified\":\"2025-07-07T09:49:13+00:00\",\"mainEntityOfPage\":{\"@id\":\"https:\/\/www.k-w4w.org\/nje-hap-me-afer-barazise-kw4w-nderohet-per-angazhimin-ne-fuqizimin-ekonomik\/\"},\"wordCount\":161,\"commentCount\":0,\"publisher\":{\"@id\":\"https:\/\/www.k-w4w.org\/en\/#organization\"},\"image\":{\"@id\":\"https:\/\/www.k-w4w.org\/nje-hap-me-afer-barazise-kw4w-nderohet-per-angazhimin-ne-fuqizimin-ekonomik\/#primaryimage\"},\"thumbnailUrl\":\"https:\/\/www.k-w4w.org\/wp-content\/uploads\/2025\/07\/42.jpg\",\"articleSection\":[\"Lajme\"],\"inLanguage\":\"en-US\",\"potentialAction\":[{\"@type\":\"CommentAction\",\"name\":\"Comment\",\"target\":[\"https:\/\/www.k-w4w.org\/nje-hap-me-afer-barazise-kw4w-nderohet-per-angazhimin-ne-fuqizimin-ekonomik\/#respond\"]}]},{\"@type\":\"WebPage\",\"@id\":\"https:\/\/www.k-w4w.org\/nje-hap-me-afer-barazise-kw4w-nderohet-per-angazhimin-ne-fuqizimin-ekonomik\/\",\"url\":\"https:\/\/www.k-w4w.org\/nje-hap-me-afer-barazise-kw4w-nderohet-per-angazhimin-ne-fuqizimin-ekonomik\/\",\"name\":\"Nj\u00eb Hap m\u00eb Af\u00ebr Barazis\u00eb: KW4W Nderohet p\u00ebr Angazhimin n\u00eb Fuqizimin Ekonomik - KW4W\",\"isPartOf\":{\"@id\":\"https:\/\/www.k-w4w.org\/en\/#website\"},\"primaryImageOfPage\":{\"@id\":\"https:\/\/www.k-w4w.org\/nje-hap-me-afer-barazise-kw4w-nderohet-per-angazhimin-ne-fuqizimin-ekonomik\/#primaryimage\"},\"image\":{\"@id\":\"https:\/\/www.k-w4w.org\/nje-hap-me-afer-barazise-kw4w-nderohet-per-angazhimin-ne-fuqizimin-ekonomik\/#primaryimage\"},\"thumbnailUrl\":\"https:\/\/www.k-w4w.org\/wp-content\/uploads\/2025\/07\/42.jpg\",\"datePublished\":\"2024-09-27T09:42:09+00:00\",\"dateModified\":\"2025-07-07T09:49:13+00:00\",\"breadcrumb\":{\"@id\":\"https:\/\/www.k-w4w.org\/nje-hap-me-afer-barazise-kw4w-nderohet-per-angazhimin-ne-fuqizimin-ekonomik\/#breadcrumb\"},\"inLanguage\":\"en-US\",\"potentialAction\":[{\"@type\":\"ReadAction\",\"target\":[\"https:\/\/www.k-w4w.org\/nje-hap-me-afer-barazise-kw4w-nderohet-per-angazhimin-ne-fuqizimin-ekonomik\/\"]}]},{\"@type\":\"ImageObject\",\"inLanguage\":\"en-US\",\"@id\":\"https:\/\/www.k-w4w.org\/nje-hap-me-afer-barazise-kw4w-nderohet-per-angazhimin-ne-fuqizimin-ekonomik\/#primaryimage\",\"url\":\"https:\/\/www.k-w4w.org\/wp-content\/uploads\/2025\/07\/42.jpg\",\"contentUrl\":\"https:\/\/www.k-w4w.org\/wp-content\/uploads\/2025\/07\/42.jpg\",\"width\":2048,\"height\":1365},{\"@type\":\"BreadcrumbList\",\"@id\":\"https:\/\/www.k-w4w.org\/nje-hap-me-afer-barazise-kw4w-nderohet-per-angazhimin-ne-fuqizimin-ekonomik\/#breadcrumb\",\"itemListElement\":[{\"@type\":\"ListItem\",\"position\":1,\"name\":\"Home\",\"item\":\"https:\/\/www.k-w4w.org\/\"},{\"@type\":\"ListItem\",\"position\":2,\"name\":\"Nj\u00eb Hap m\u00eb Af\u00ebr Barazis\u00eb: KW4W Nderohet p\u00ebr Angazhimin n\u00eb Fuqizimin Ekonomik\"}]},{\"@type\":\"WebSite\",\"@id\":\"https:\/\/www.k-w4w.org\/en\/#website\",\"url\":\"https:\/\/www.k-w4w.org\/en\/\",\"name\":\"KW4W\",\"description\":\"\",\"publisher\":{\"@id\":\"https:\/\/www.k-w4w.org\/en\/#organization\"},\"potentialAction\":[{\"@type\":\"SearchAction\",\"target\":{\"@type\":\"EntryPoint\",\"urlTemplate\":\"https:\/\/www.k-w4w.org\/en\/?s={search_term_string}\"},\"query-input\":{\"@type\":\"PropertyValueSpecification\",\"valueRequired\":true,\"valueName\":\"search_term_string\"}}],\"inLanguage\":\"en-US\"},{\"@type\":\"Organization\",\"@id\":\"https:\/\/www.k-w4w.org\/en\/#organization\",\"name\":\"KW4W\",\"url\":\"https:\/\/www.k-w4w.org\/en\/\",\"logo\":{\"@type\":\"ImageObject\",\"inLanguage\":\"en-US\",\"@id\":\"https:\/\/www.k-w4w.org\/en\/#\/schema\/logo\/image\/\",\"url\":\"https:\/\/www.k-w4w.org\/wp-content\/uploads\/2023\/02\/cropped-wfwi_logo_color_gradient_cmyk.jpg\",\"contentUrl\":\"https:\/\/www.k-w4w.org\/wp-content\/uploads\/2023\/02\/cropped-wfwi_logo_color_gradient_cmyk.jpg\",\"width\":1243,\"height\":199,\"caption\":\"KW4W\"},\"image\":{\"@id\":\"https:\/\/www.k-w4w.org\/en\/#\/schema\/logo\/image\/\"},\"sameAs\":[\"https:\/\/www.facebook.com\/KosovaWomen4Women\",\"https:\/\/www.instagram.com\/womenforwomenkosova\/\"]},{\"@type\":\"Person\",\"@id\":\"https:\/\/www.k-w4w.org\/en\/#\/schema\/person\/bea620f132061dd98aa21df3225035f4\",\"name\":\"kw4w\",\"image\":{\"@type\":\"ImageObject\",\"inLanguage\":\"en-US\",\"@id\":\"https:\/\/www.k-w4w.org\/en\/#\/schema\/person\/image\/\",\"url\":\"https:\/\/secure.gravatar.com\/avatar\/35dca332a41f9d006f5b77ee9d9b90ed02181b4dcf7b166dcf848cb4e40abd74?s=96&d=mm&r=g\",\"contentUrl\":\"https:\/\/secure.gravatar.com\/avatar\/35dca332a41f9d006f5b77ee9d9b90ed02181b4dcf7b166dcf848cb4e40abd74?s=96&d=mm&r=g\",\"caption\":\"kw4w\"},\"sameAs\":[\"https:\/\/www.k-w4w.org\/\"],\"url\":\"https:\/\/www.k-w4w.org\/en\/author\/kw4w\/\"}]}<\/script>\n<!-- \/ Yoast SEO plugin. -->","yoast_head_json":{"title":"Nj\u00eb Hap m\u00eb Af\u00ebr Barazis\u00eb: KW4W Nderohet p\u00ebr Angazhimin n\u00eb Fuqizimin Ekonomik - KW4W","robots":{"index":"index","follow":"follow","max-snippet":"max-snippet:-1","max-image-preview":"max-image-preview:large","max-video-preview":"max-video-preview:-1"},"canonical":"https:\/\/www.k-w4w.org\/en\/nje-hap-me-afer-barazise-kw4w-nderohet-per-angazhimin-ne-fuqizimin-ekonomik\/","og_locale":"en_US","og_type":"article","og_title":"Nj\u00eb Hap m\u00eb Af\u00ebr Barazis\u00eb: KW4W Nderohet p\u00ebr Angazhimin n\u00eb Fuqizimin Ekonomik - KW4W","og_description":"KW4W vler\u00ebsohet p\u00ebr kontributin n\u00eb fuqizimin ekonomik t\u00eb grave! Kosova-Women 4 Women (KW4W) pati nderin t\u00eb marr\u00eb pjes\u00eb n\u00eb nj\u00eb ngjarje t\u00eb ve\u00e7ant\u00eb q\u00eb sh\u00ebnoi p\u00ebrmbylljen e projektit EYE, me pranin\u00eb e p\u00ebrfaq\u00ebsuesve t\u00eb lart\u00eb nga Qeveria e Kosov\u00ebs, Ambasada Zvicerane, donator\u00eb dhe partner\u00eb t\u00eb shumt\u00eb. \ud83c\udf89Kjo dit\u00eb festive ishte nj\u00eb mund\u00ebsi p\u00ebr t\u00eb reflektuar [&hellip;]","og_url":"https:\/\/www.k-w4w.org\/en\/nje-hap-me-afer-barazise-kw4w-nderohet-per-angazhimin-ne-fuqizimin-ekonomik\/","og_site_name":"KW4W","article_publisher":"https:\/\/www.facebook.com\/KosovaWomen4Women","article_published_time":"2024-09-27T09:42:09+00:00","article_modified_time":"2025-07-07T09:49:13+00:00","og_image":[{"width":2048,"height":1365,"url":"https:\/\/www.k-w4w.org\/wp-content\/uploads\/2025\/07\/42.jpg","type":"image\/jpeg"}],"author":"kw4w","twitter_card":"summary_large_image","twitter_misc":{"Written by":"kw4w","Est. reading time":"1 minute"},"schema":{"@context":"https:\/\/schema.org","@graph":[{"@type":"Article","@id":"https:\/\/www.k-w4w.org\/nje-hap-me-afer-barazise-kw4w-nderohet-per-angazhimin-ne-fuqizimin-ekonomik\/#article","isPartOf":{"@id":"https:\/\/www.k-w4w.org\/nje-hap-me-afer-barazise-kw4w-nderohet-per-angazhimin-ne-fuqizimin-ekonomik\/"},"author":{"name":"kw4w","@id":"https:\/\/www.k-w4w.org\/en\/#\/schema\/person\/bea620f132061dd98aa21df3225035f4"},"headline":"Nj\u00eb Hap m\u00eb Af\u00ebr Barazis\u00eb: KW4W Nderohet p\u00ebr Angazhimin n\u00eb Fuqizimin Ekonomik","datePublished":"2024-09-27T09:42:09+00:00","dateModified":"2025-07-07T09:49:13+00:00","mainEntityOfPage":{"@id":"https:\/\/www.k-w4w.org\/nje-hap-me-afer-barazise-kw4w-nderohet-per-angazhimin-ne-fuqizimin-ekonomik\/"},"wordCount":161,"commentCount":0,"publisher":{"@id":"https:\/\/www.k-w4w.org\/en\/#organization"},"image":{"@id":"https:\/\/www.k-w4w.org\/nje-hap-me-afer-barazise-kw4w-nderohet-per-angazhimin-ne-fuqizimin-ekonomik\/#primaryimage"},"thumbnailUrl":"https:\/\/www.k-w4w.org\/wp-content\/uploads\/2025\/07\/42.jpg","articleSection":["Lajme"],"inLanguage":"en-US","potentialAction":[{"@type":"CommentAction","name":"Comment","target":["https:\/\/www.k-w4w.org\/nje-hap-me-afer-barazise-kw4w-nderohet-per-angazhimin-ne-fuqizimin-ekonomik\/#respond"]}]},{"@type":"WebPage","@id":"https:\/\/www.k-w4w.org\/nje-hap-me-afer-barazise-kw4w-nderohet-per-angazhimin-ne-fuqizimin-ekonomik\/","url":"https:\/\/www.k-w4w.org\/nje-hap-me-afer-barazise-kw4w-nderohet-per-angazhimin-ne-fuqizimin-ekonomik\/","name":"Nj\u00eb Hap m\u00eb Af\u00ebr Barazis\u00eb: KW4W Nderohet p\u00ebr Angazhimin n\u00eb Fuqizimin Ekonomik - KW4W","isPartOf":{"@id":"https:\/\/www.k-w4w.org\/en\/#website"},"primaryImageOfPage":{"@id":"https:\/\/www.k-w4w.org\/nje-hap-me-afer-barazise-kw4w-nderohet-per-angazhimin-ne-fuqizimin-ekonomik\/#primaryimage"},"image":{"@id":"https:\/\/www.k-w4w.org\/nje-hap-me-afer-barazise-kw4w-nderohet-per-angazhimin-ne-fuqizimin-ekonomik\/#primaryimage"},"thumbnailUrl":"https:\/\/www.k-w4w.org\/wp-content\/uploads\/2025\/07\/42.jpg","datePublished":"2024-09-27T09:42:09+00:00","dateModified":"2025-07-07T09:49:13+00:00","breadcrumb":{"@id":"https:\/\/www.k-w4w.org\/nje-hap-me-afer-barazise-kw4w-nderohet-per-angazhimin-ne-fuqizimin-ekonomik\/#breadcrumb"},"inLanguage":"en-US","potentialAction":[{"@type":"ReadAction","target":["https:\/\/www.k-w4w.org\/nje-hap-me-afer-barazise-kw4w-nderohet-per-angazhimin-ne-fuqizimin-ekonomik\/"]}]},{"@type":"ImageObject","inLanguage":"en-US","@id":"https:\/\/www.k-w4w.org\/nje-hap-me-afer-barazise-kw4w-nderohet-per-angazhimin-ne-fuqizimin-ekonomik\/#primaryimage","url":"https:\/\/www.k-w4w.org\/wp-content\/uploads\/2025\/07\/42.jpg","contentUrl":"https:\/\/www.k-w4w.org\/wp-content\/uploads\/2025\/07\/42.jpg","width":2048,"height":1365},{"@type":"BreadcrumbList","@id":"https:\/\/www.k-w4w.org\/nje-hap-me-afer-barazise-kw4w-nderohet-per-angazhimin-ne-fuqizimin-ekonomik\/#breadcrumb","itemListElement":[{"@type":"ListItem","position":1,"name":"Home","item":"https:\/\/www.k-w4w.org\/"},{"@type":"ListItem","position":2,"name":"Nj\u00eb Hap m\u00eb Af\u00ebr Barazis\u00eb: KW4W Nderohet p\u00ebr Angazhimin n\u00eb Fuqizimin Ekonomik"}]},{"@type":"WebSite","@id":"https:\/\/www.k-w4w.org\/en\/#website","url":"https:\/\/www.k-w4w.org\/en\/","name":"KW4W","description":"","publisher":{"@id":"https:\/\/www.k-w4w.org\/en\/#organization"},"potentialAction":[{"@type":"SearchAction","target":{"@type":"EntryPoint","urlTemplate":"https:\/\/www.k-w4w.org\/en\/?s={search_term_string}"},"query-input":{"@type":"PropertyValueSpecification","valueRequired":true,"valueName":"search_term_string"}}],"inLanguage":"en-US"},{"@type":"Organization","@id":"https:\/\/www.k-w4w.org\/en\/#organization","name":"KW4W","url":"https:\/\/www.k-w4w.org\/en\/","logo":{"@type":"ImageObject","inLanguage":"en-US","@id":"https:\/\/www.k-w4w.org\/en\/#\/schema\/logo\/image\/","url":"https:\/\/www.k-w4w.org\/wp-content\/uploads\/2023\/02\/cropped-wfwi_logo_color_gradient_cmyk.jpg","contentUrl":"https:\/\/www.k-w4w.org\/wp-content\/uploads\/2023\/02\/cropped-wfwi_logo_color_gradient_cmyk.jpg","width":1243,"height":199,"caption":"KW4W"},"image":{"@id":"https:\/\/www.k-w4w.org\/en\/#\/schema\/logo\/image\/"},"sameAs":["https:\/\/www.facebook.com\/KosovaWomen4Women","https:\/\/www.instagram.com\/womenforwomenkosova\/"]},{"@type":"Person","@id":"https:\/\/www.k-w4w.org\/en\/#\/schema\/person\/bea620f132061dd98aa21df3225035f4","name":"kw4w","image":{"@type":"ImageObject","inLanguage":"en-US","@id":"https:\/\/www.k-w4w.org\/en\/#\/schema\/person\/image\/","url":"https:\/\/secure.gravatar.com\/avatar\/35dca332a41f9d006f5b77ee9d9b90ed02181b4dcf7b166dcf848cb4e40abd74?s=96&d=mm&r=g","contentUrl":"https:\/\/secure.gravatar.com\/avatar\/35dca332a41f9d006f5b77ee9d9b90ed02181b4dcf7b166dcf848cb4e40abd74?s=96&d=mm&r=g","caption":"kw4w"},"sameAs":["https:\/\/www.k-w4w.org\/"],"url":"https:\/\/www.k-w4w.org\/en\/author\/kw4w\/"}]}},"_links":{"self":[{"href":"https:\/\/www.k-w4w.org\/en\/wp-json\/wp\/v2\/posts\/16663","targetHints":{"allow":["GET"]}}],"collection":[{"href":"https:\/\/www.k-w4w.org\/en\/wp-json\/wp\/v2\/posts"}],"about":[{"href":"https:\/\/www.k-w4w.org\/en\/wp-json\/wp\/v2\/types\/post"}],"author":[{"embeddable":true,"href":"https:\/\/www.k-w4w.org\/en\/wp-json\/wp\/v2\/users\/2"}],"replies":[{"embeddable":true,"href":"https:\/\/www.k-w4w.org\/en\/wp-json\/wp\/v2\/comments?post=16663"}],"version-history":[{"count":1,"href":"https:\/\/www.k-w4w.org\/en\/wp-json\/wp\/v2\/posts\/16663\/revisions"}],"predecessor-version":[{"id":16665,"href":"https:\/\/www.k-w4w.org\/en\/wp-json\/wp\/v2\/posts\/16663\/revisions\/16665"}],"wp:featuredmedia":[{"embeddable":true,"href":"https:\/\/www.k-w4w.org\/en\/wp-json\/wp\/v2\/media\/16664"}],"wp:attachment":[{"href":"https:\/\/www.k-w4w.org\/en\/wp-json\/wp\/v2\/media?parent=16663"}],"wp:term":[{"taxonomy":"category","embeddable":true,"href":"https:\/\/www.k-w4w.org\/en\/wp-json\/wp\/v2\/categories?post=16663"},{"taxonomy":"post_tag","embeddable":true,"href":"https:\/\/www.k-w4w.org\/en\/wp-json\/wp\/v2\/tags?post=16663"}],"curies":[{"name":"wp","href":"https:\/\/api.w.org\/{rel}","templated":true}]}}