{"id":16669,"date":"2024-10-03T09:53:01","date_gmt":"2024-10-03T09:53:01","guid":{"rendered":"https:\/\/www.k-w4w.org\/?p=16669"},"modified":"2025-07-07T09:55:46","modified_gmt":"2025-07-07T09:55:46","slug":"trajnim-per-aftesi-te-buta-ne-kuader-te-projektit-i-see","status":"publish","type":"post","link":"https:\/\/www.k-w4w.org\/en\/trajnim-per-aftesi-te-buta-ne-kuader-te-projektit-i-see\/","title":{"rendered":"Trajnim p\u00ebr Aft\u00ebsi t\u00eb Buta n\u00eb kuad\u00ebr t\u00eb projektit \u201cI SEE\u201d"},"content":{"rendered":"<p data-start=\"344\" data-end=\"729\"><strong data-start=\"347\" data-end=\"374\">Gjat\u00eb jav\u00ebs q\u00eb lam\u00eb pas<\/strong>, u mbajt nj\u00eb <strong data-start=\"388\" data-end=\"426\">trajnim dyditor p\u00ebr Aft\u00ebsi t\u00eb Buta<\/strong>, i udh\u00ebhequr nga trajnerja <strong data-start=\"454\" data-end=\"478\">Arjeta Sahiti Seferi<\/strong>. Ky trajnim ishte nj\u00eb hap i r\u00ebnd\u00ebsish\u00ebm drejt p\u00ebrgatitjes profesionale dhe personale t\u00eb pjes\u00ebmarr\u00ebsve n\u00eb kuad\u00ebr t\u00eb projektit <strong data-start=\"604\" data-end=\"673\">\u201cMund\u00ebsit\u00eb e p\u00ebrmir\u00ebsuara t\u00eb vet\u00ebpun\u00ebsimit dhe pun\u00ebsimit \u2013 I SEE\u201d<\/strong>, i cili mb\u00ebshtetet nga <strong data-start=\"697\" data-end=\"728\">Austrian Development Agency<\/strong>.<\/p>\n<p data-start=\"731\" data-end=\"762\">Temat e trajtuara p\u00ebrfshin\u00eb:<\/p>\n<ul data-start=\"763\" data-end=\"952\">\n<li data-start=\"763\" data-end=\"800\">\n<p data-start=\"765\" data-end=\"800\"><strong data-start=\"765\" data-end=\"800\">P\u00ebrgatitjen p\u00ebr intervista pune<\/strong><\/p>\n<\/li>\n<li data-start=\"801\" data-end=\"844\">\n<p data-start=\"803\" data-end=\"844\"><strong data-start=\"803\" data-end=\"844\">Shkrimin e letr\u00ebs motivuese dhe CV-s\u00eb<\/strong><\/p>\n<\/li>\n<li data-start=\"845\" data-end=\"879\">\n<p data-start=\"847\" data-end=\"879\"><strong data-start=\"847\" data-end=\"879\">Zhvillimin e mendimit kritik<\/strong><\/p>\n<\/li>\n<li data-start=\"880\" data-end=\"910\">\n<p data-start=\"882\" data-end=\"910\"><strong data-start=\"882\" data-end=\"910\">Inteligjenc\u00ebn emocionale<\/strong><\/p>\n<\/li>\n<li data-start=\"911\" data-end=\"952\">\n<p data-start=\"913\" data-end=\"952\"><strong data-start=\"913\" data-end=\"952\">Zhvillimin personal dhe vet\u00ebbesimin<\/strong><\/p>\n<\/li>\n<\/ul>\n<p data-start=\"954\" data-end=\"1136\">\u00a0Trajnimi u fokusua n\u00eb nd\u00ebrtimin e aft\u00ebsive q\u00eb jan\u00eb t\u00eb domosdoshme p\u00ebr tregun e pun\u00ebs, duke nxitur vet\u00ebbesimin dhe qasjen aktive t\u00eb pjes\u00ebmarr\u00ebsve drejt pun\u00ebsimit apo vet\u00ebpun\u00ebsimit.<\/p>","protected":false},"excerpt":{"rendered":"<p>Gjat\u00eb jav\u00ebs q\u00eb lam\u00eb pas, u mbajt nj\u00eb trajnim dyditor p\u00ebr Aft\u00ebsi t\u00eb Buta, i udh\u00ebhequr nga trajnerja Arjeta Sahiti Seferi. Ky trajnim ishte nj\u00eb hap i r\u00ebnd\u00ebsish\u00ebm drejt p\u00ebrgatitjes profesionale dhe personale t\u00eb pjes\u00ebmarr\u00ebsve n\u00eb kuad\u00ebr t\u00eb projektit \u201cMund\u00ebsit\u00eb e p\u00ebrmir\u00ebsuara t\u00eb vet\u00ebpun\u00ebsimit dhe pun\u00ebsimit \u2013 I SEE\u201d, i cili mb\u00ebshtetet nga Austrian Development [&hellip;]<\/p>\n","protected":false},"author":2,"featured_media":16670,"comment_status":"open","ping_status":"open","sticky":false,"template":"","format":"standard","meta":{"footnotes":""},"categories":[59],"tags":[],"class_list":["post-16669","post","type-post","status-publish","format-standard","has-post-thumbnail","hentry","category-lajme"],"yoast_head":"<!-- This site is optimized with the Yoast SEO plugin v27.0 - https:\/\/yoast.com\/product\/yoast-seo-wordpress\/ -->\n<title>Trajnim p\u00ebr Aft\u00ebsi t\u00eb Buta n\u00eb kuad\u00ebr t\u00eb projektit \u201cI SEE\u201d - KW4W<\/title>\n<meta name=\"robots\" content=\"index, follow, max-snippet:-1, max-image-preview:large, max-video-preview:-1\" \/>\n<link rel=\"canonical\" href=\"https:\/\/www.k-w4w.org\/en\/trajnim-per-aftesi-te-buta-ne-kuader-te-projektit-i-see\/\" \/>\n<meta property=\"og:locale\" content=\"en_US\" \/>\n<meta property=\"og:type\" content=\"article\" \/>\n<meta property=\"og:title\" content=\"Trajnim p\u00ebr Aft\u00ebsi t\u00eb Buta n\u00eb kuad\u00ebr t\u00eb projektit \u201cI SEE\u201d - KW4W\" \/>\n<meta property=\"og:description\" content=\"Gjat\u00eb jav\u00ebs q\u00eb lam\u00eb pas, u mbajt nj\u00eb trajnim dyditor p\u00ebr Aft\u00ebsi t\u00eb Buta, i udh\u00ebhequr nga trajnerja Arjeta Sahiti Seferi. Ky trajnim ishte nj\u00eb hap i r\u00ebnd\u00ebsish\u00ebm drejt p\u00ebrgatitjes profesionale dhe personale t\u00eb pjes\u00ebmarr\u00ebsve n\u00eb kuad\u00ebr t\u00eb projektit \u201cMund\u00ebsit\u00eb e p\u00ebrmir\u00ebsuara t\u00eb vet\u00ebpun\u00ebsimit dhe pun\u00ebsimit \u2013 I SEE\u201d, i cili mb\u00ebshtetet nga Austrian Development [&hellip;]\" \/>\n<meta property=\"og:url\" content=\"https:\/\/www.k-w4w.org\/en\/trajnim-per-aftesi-te-buta-ne-kuader-te-projektit-i-see\/\" \/>\n<meta property=\"og:site_name\" content=\"KW4W\" \/>\n<meta property=\"article:publisher\" content=\"https:\/\/www.facebook.com\/KosovaWomen4Women\" \/>\n<meta property=\"article:published_time\" content=\"2024-10-03T09:53:01+00:00\" \/>\n<meta property=\"article:modified_time\" content=\"2025-07-07T09:55:46+00:00\" \/>\n<meta property=\"og:image\" content=\"https:\/\/www.k-w4w.org\/wp-content\/uploads\/2025\/07\/44.jpg\" \/>\n\t<meta property=\"og:image:width\" content=\"1200\" \/>\n\t<meta property=\"og:image:height\" content=\"1600\" \/>\n\t<meta property=\"og:image:type\" content=\"image\/jpeg\" \/>\n<meta name=\"author\" content=\"kw4w\" \/>\n<meta name=\"twitter:card\" content=\"summary_large_image\" \/>\n<meta name=\"twitter:label1\" content=\"Written by\" \/>\n\t<meta name=\"twitter:data1\" content=\"kw4w\" \/>\n\t<meta name=\"twitter:label2\" content=\"Est. reading time\" \/>\n\t<meta name=\"twitter:data2\" content=\"1 minute\" \/>\n<script type=\"application\/ld+json\" class=\"yoast-schema-graph\">{\"@context\":\"https:\/\/schema.org\",\"@graph\":[{\"@type\":\"Article\",\"@id\":\"https:\/\/www.k-w4w.org\/trajnim-per-aftesi-te-buta-ne-kuader-te-projektit-i-see\/#article\",\"isPartOf\":{\"@id\":\"https:\/\/www.k-w4w.org\/trajnim-per-aftesi-te-buta-ne-kuader-te-projektit-i-see\/\"},\"author\":{\"name\":\"kw4w\",\"@id\":\"https:\/\/www.k-w4w.org\/en\/#\/schema\/person\/bea620f132061dd98aa21df3225035f4\"},\"headline\":\"Trajnim p\u00ebr Aft\u00ebsi t\u00eb Buta n\u00eb kuad\u00ebr t\u00eb projektit \u201cI SEE\u201d\",\"datePublished\":\"2024-10-03T09:53:01+00:00\",\"dateModified\":\"2025-07-07T09:55:46+00:00\",\"mainEntityOfPage\":{\"@id\":\"https:\/\/www.k-w4w.org\/trajnim-per-aftesi-te-buta-ne-kuader-te-projektit-i-see\/\"},\"wordCount\":154,\"commentCount\":0,\"publisher\":{\"@id\":\"https:\/\/www.k-w4w.org\/en\/#organization\"},\"image\":{\"@id\":\"https:\/\/www.k-w4w.org\/trajnim-per-aftesi-te-buta-ne-kuader-te-projektit-i-see\/#primaryimage\"},\"thumbnailUrl\":\"https:\/\/www.k-w4w.org\/wp-content\/uploads\/2025\/07\/44.jpg\",\"articleSection\":[\"Lajme\"],\"inLanguage\":\"en-US\",\"potentialAction\":[{\"@type\":\"CommentAction\",\"name\":\"Comment\",\"target\":[\"https:\/\/www.k-w4w.org\/trajnim-per-aftesi-te-buta-ne-kuader-te-projektit-i-see\/#respond\"]}]},{\"@type\":\"WebPage\",\"@id\":\"https:\/\/www.k-w4w.org\/trajnim-per-aftesi-te-buta-ne-kuader-te-projektit-i-see\/\",\"url\":\"https:\/\/www.k-w4w.org\/trajnim-per-aftesi-te-buta-ne-kuader-te-projektit-i-see\/\",\"name\":\"Trajnim p\u00ebr Aft\u00ebsi t\u00eb Buta n\u00eb kuad\u00ebr t\u00eb projektit \u201cI SEE\u201d - KW4W\",\"isPartOf\":{\"@id\":\"https:\/\/www.k-w4w.org\/en\/#website\"},\"primaryImageOfPage\":{\"@id\":\"https:\/\/www.k-w4w.org\/trajnim-per-aftesi-te-buta-ne-kuader-te-projektit-i-see\/#primaryimage\"},\"image\":{\"@id\":\"https:\/\/www.k-w4w.org\/trajnim-per-aftesi-te-buta-ne-kuader-te-projektit-i-see\/#primaryimage\"},\"thumbnailUrl\":\"https:\/\/www.k-w4w.org\/wp-content\/uploads\/2025\/07\/44.jpg\",\"datePublished\":\"2024-10-03T09:53:01+00:00\",\"dateModified\":\"2025-07-07T09:55:46+00:00\",\"breadcrumb\":{\"@id\":\"https:\/\/www.k-w4w.org\/trajnim-per-aftesi-te-buta-ne-kuader-te-projektit-i-see\/#breadcrumb\"},\"inLanguage\":\"en-US\",\"potentialAction\":[{\"@type\":\"ReadAction\",\"target\":[\"https:\/\/www.k-w4w.org\/trajnim-per-aftesi-te-buta-ne-kuader-te-projektit-i-see\/\"]}]},{\"@type\":\"ImageObject\",\"inLanguage\":\"en-US\",\"@id\":\"https:\/\/www.k-w4w.org\/trajnim-per-aftesi-te-buta-ne-kuader-te-projektit-i-see\/#primaryimage\",\"url\":\"https:\/\/www.k-w4w.org\/wp-content\/uploads\/2025\/07\/44.jpg\",\"contentUrl\":\"https:\/\/www.k-w4w.org\/wp-content\/uploads\/2025\/07\/44.jpg\",\"width\":1200,\"height\":1600},{\"@type\":\"BreadcrumbList\",\"@id\":\"https:\/\/www.k-w4w.org\/trajnim-per-aftesi-te-buta-ne-kuader-te-projektit-i-see\/#breadcrumb\",\"itemListElement\":[{\"@type\":\"ListItem\",\"position\":1,\"name\":\"Home\",\"item\":\"https:\/\/www.k-w4w.org\/\"},{\"@type\":\"ListItem\",\"position\":2,\"name\":\"Trajnim p\u00ebr Aft\u00ebsi t\u00eb Buta n\u00eb kuad\u00ebr t\u00eb projektit \u201cI SEE\u201d\"}]},{\"@type\":\"WebSite\",\"@id\":\"https:\/\/www.k-w4w.org\/en\/#website\",\"url\":\"https:\/\/www.k-w4w.org\/en\/\",\"name\":\"KW4W\",\"description\":\"\",\"publisher\":{\"@id\":\"https:\/\/www.k-w4w.org\/en\/#organization\"},\"potentialAction\":[{\"@type\":\"SearchAction\",\"target\":{\"@type\":\"EntryPoint\",\"urlTemplate\":\"https:\/\/www.k-w4w.org\/en\/?s={search_term_string}\"},\"query-input\":{\"@type\":\"PropertyValueSpecification\",\"valueRequired\":true,\"valueName\":\"search_term_string\"}}],\"inLanguage\":\"en-US\"},{\"@type\":\"Organization\",\"@id\":\"https:\/\/www.k-w4w.org\/en\/#organization\",\"name\":\"KW4W\",\"url\":\"https:\/\/www.k-w4w.org\/en\/\",\"logo\":{\"@type\":\"ImageObject\",\"inLanguage\":\"en-US\",\"@id\":\"https:\/\/www.k-w4w.org\/en\/#\/schema\/logo\/image\/\",\"url\":\"https:\/\/www.k-w4w.org\/wp-content\/uploads\/2023\/02\/cropped-wfwi_logo_color_gradient_cmyk.jpg\",\"contentUrl\":\"https:\/\/www.k-w4w.org\/wp-content\/uploads\/2023\/02\/cropped-wfwi_logo_color_gradient_cmyk.jpg\",\"width\":1243,\"height\":199,\"caption\":\"KW4W\"},\"image\":{\"@id\":\"https:\/\/www.k-w4w.org\/en\/#\/schema\/logo\/image\/\"},\"sameAs\":[\"https:\/\/www.facebook.com\/KosovaWomen4Women\",\"https:\/\/www.instagram.com\/womenforwomenkosova\/\"]},{\"@type\":\"Person\",\"@id\":\"https:\/\/www.k-w4w.org\/en\/#\/schema\/person\/bea620f132061dd98aa21df3225035f4\",\"name\":\"kw4w\",\"image\":{\"@type\":\"ImageObject\",\"inLanguage\":\"en-US\",\"@id\":\"https:\/\/www.k-w4w.org\/en\/#\/schema\/person\/image\/\",\"url\":\"https:\/\/secure.gravatar.com\/avatar\/35dca332a41f9d006f5b77ee9d9b90ed02181b4dcf7b166dcf848cb4e40abd74?s=96&d=mm&r=g\",\"contentUrl\":\"https:\/\/secure.gravatar.com\/avatar\/35dca332a41f9d006f5b77ee9d9b90ed02181b4dcf7b166dcf848cb4e40abd74?s=96&d=mm&r=g\",\"caption\":\"kw4w\"},\"sameAs\":[\"https:\/\/www.k-w4w.org\/\"],\"url\":\"https:\/\/www.k-w4w.org\/en\/author\/kw4w\/\"}]}<\/script>\n<!-- \/ Yoast SEO plugin. -->","yoast_head_json":{"title":"Trajnim p\u00ebr Aft\u00ebsi t\u00eb Buta n\u00eb kuad\u00ebr t\u00eb projektit \u201cI SEE\u201d - KW4W","robots":{"index":"index","follow":"follow","max-snippet":"max-snippet:-1","max-image-preview":"max-image-preview:large","max-video-preview":"max-video-preview:-1"},"canonical":"https:\/\/www.k-w4w.org\/en\/trajnim-per-aftesi-te-buta-ne-kuader-te-projektit-i-see\/","og_locale":"en_US","og_type":"article","og_title":"Trajnim p\u00ebr Aft\u00ebsi t\u00eb Buta n\u00eb kuad\u00ebr t\u00eb projektit \u201cI SEE\u201d - KW4W","og_description":"Gjat\u00eb jav\u00ebs q\u00eb lam\u00eb pas, u mbajt nj\u00eb trajnim dyditor p\u00ebr Aft\u00ebsi t\u00eb Buta, i udh\u00ebhequr nga trajnerja Arjeta Sahiti Seferi. Ky trajnim ishte nj\u00eb hap i r\u00ebnd\u00ebsish\u00ebm drejt p\u00ebrgatitjes profesionale dhe personale t\u00eb pjes\u00ebmarr\u00ebsve n\u00eb kuad\u00ebr t\u00eb projektit \u201cMund\u00ebsit\u00eb e p\u00ebrmir\u00ebsuara t\u00eb vet\u00ebpun\u00ebsimit dhe pun\u00ebsimit \u2013 I SEE\u201d, i cili mb\u00ebshtetet nga Austrian Development [&hellip;]","og_url":"https:\/\/www.k-w4w.org\/en\/trajnim-per-aftesi-te-buta-ne-kuader-te-projektit-i-see\/","og_site_name":"KW4W","article_publisher":"https:\/\/www.facebook.com\/KosovaWomen4Women","article_published_time":"2024-10-03T09:53:01+00:00","article_modified_time":"2025-07-07T09:55:46+00:00","og_image":[{"width":1200,"height":1600,"url":"https:\/\/www.k-w4w.org\/wp-content\/uploads\/2025\/07\/44.jpg","type":"image\/jpeg"}],"author":"kw4w","twitter_card":"summary_large_image","twitter_misc":{"Written by":"kw4w","Est. reading time":"1 minute"},"schema":{"@context":"https:\/\/schema.org","@graph":[{"@type":"Article","@id":"https:\/\/www.k-w4w.org\/trajnim-per-aftesi-te-buta-ne-kuader-te-projektit-i-see\/#article","isPartOf":{"@id":"https:\/\/www.k-w4w.org\/trajnim-per-aftesi-te-buta-ne-kuader-te-projektit-i-see\/"},"author":{"name":"kw4w","@id":"https:\/\/www.k-w4w.org\/en\/#\/schema\/person\/bea620f132061dd98aa21df3225035f4"},"headline":"Trajnim p\u00ebr Aft\u00ebsi t\u00eb Buta n\u00eb kuad\u00ebr t\u00eb projektit \u201cI SEE\u201d","datePublished":"2024-10-03T09:53:01+00:00","dateModified":"2025-07-07T09:55:46+00:00","mainEntityOfPage":{"@id":"https:\/\/www.k-w4w.org\/trajnim-per-aftesi-te-buta-ne-kuader-te-projektit-i-see\/"},"wordCount":154,"commentCount":0,"publisher":{"@id":"https:\/\/www.k-w4w.org\/en\/#organization"},"image":{"@id":"https:\/\/www.k-w4w.org\/trajnim-per-aftesi-te-buta-ne-kuader-te-projektit-i-see\/#primaryimage"},"thumbnailUrl":"https:\/\/www.k-w4w.org\/wp-content\/uploads\/2025\/07\/44.jpg","articleSection":["Lajme"],"inLanguage":"en-US","potentialAction":[{"@type":"CommentAction","name":"Comment","target":["https:\/\/www.k-w4w.org\/trajnim-per-aftesi-te-buta-ne-kuader-te-projektit-i-see\/#respond"]}]},{"@type":"WebPage","@id":"https:\/\/www.k-w4w.org\/trajnim-per-aftesi-te-buta-ne-kuader-te-projektit-i-see\/","url":"https:\/\/www.k-w4w.org\/trajnim-per-aftesi-te-buta-ne-kuader-te-projektit-i-see\/","name":"Trajnim p\u00ebr Aft\u00ebsi t\u00eb Buta n\u00eb kuad\u00ebr t\u00eb projektit \u201cI SEE\u201d - KW4W","isPartOf":{"@id":"https:\/\/www.k-w4w.org\/en\/#website"},"primaryImageOfPage":{"@id":"https:\/\/www.k-w4w.org\/trajnim-per-aftesi-te-buta-ne-kuader-te-projektit-i-see\/#primaryimage"},"image":{"@id":"https:\/\/www.k-w4w.org\/trajnim-per-aftesi-te-buta-ne-kuader-te-projektit-i-see\/#primaryimage"},"thumbnailUrl":"https:\/\/www.k-w4w.org\/wp-content\/uploads\/2025\/07\/44.jpg","datePublished":"2024-10-03T09:53:01+00:00","dateModified":"2025-07-07T09:55:46+00:00","breadcrumb":{"@id":"https:\/\/www.k-w4w.org\/trajnim-per-aftesi-te-buta-ne-kuader-te-projektit-i-see\/#breadcrumb"},"inLanguage":"en-US","potentialAction":[{"@type":"ReadAction","target":["https:\/\/www.k-w4w.org\/trajnim-per-aftesi-te-buta-ne-kuader-te-projektit-i-see\/"]}]},{"@type":"ImageObject","inLanguage":"en-US","@id":"https:\/\/www.k-w4w.org\/trajnim-per-aftesi-te-buta-ne-kuader-te-projektit-i-see\/#primaryimage","url":"https:\/\/www.k-w4w.org\/wp-content\/uploads\/2025\/07\/44.jpg","contentUrl":"https:\/\/www.k-w4w.org\/wp-content\/uploads\/2025\/07\/44.jpg","width":1200,"height":1600},{"@type":"BreadcrumbList","@id":"https:\/\/www.k-w4w.org\/trajnim-per-aftesi-te-buta-ne-kuader-te-projektit-i-see\/#breadcrumb","itemListElement":[{"@type":"ListItem","position":1,"name":"Home","item":"https:\/\/www.k-w4w.org\/"},{"@type":"ListItem","position":2,"name":"Trajnim p\u00ebr Aft\u00ebsi t\u00eb Buta n\u00eb kuad\u00ebr t\u00eb projektit \u201cI SEE\u201d"}]},{"@type":"WebSite","@id":"https:\/\/www.k-w4w.org\/en\/#website","url":"https:\/\/www.k-w4w.org\/en\/","name":"KW4W","description":"","publisher":{"@id":"https:\/\/www.k-w4w.org\/en\/#organization"},"potentialAction":[{"@type":"SearchAction","target":{"@type":"EntryPoint","urlTemplate":"https:\/\/www.k-w4w.org\/en\/?s={search_term_string}"},"query-input":{"@type":"PropertyValueSpecification","valueRequired":true,"valueName":"search_term_string"}}],"inLanguage":"en-US"},{"@type":"Organization","@id":"https:\/\/www.k-w4w.org\/en\/#organization","name":"KW4W","url":"https:\/\/www.k-w4w.org\/en\/","logo":{"@type":"ImageObject","inLanguage":"en-US","@id":"https:\/\/www.k-w4w.org\/en\/#\/schema\/logo\/image\/","url":"https:\/\/www.k-w4w.org\/wp-content\/uploads\/2023\/02\/cropped-wfwi_logo_color_gradient_cmyk.jpg","contentUrl":"https:\/\/www.k-w4w.org\/wp-content\/uploads\/2023\/02\/cropped-wfwi_logo_color_gradient_cmyk.jpg","width":1243,"height":199,"caption":"KW4W"},"image":{"@id":"https:\/\/www.k-w4w.org\/en\/#\/schema\/logo\/image\/"},"sameAs":["https:\/\/www.facebook.com\/KosovaWomen4Women","https:\/\/www.instagram.com\/womenforwomenkosova\/"]},{"@type":"Person","@id":"https:\/\/www.k-w4w.org\/en\/#\/schema\/person\/bea620f132061dd98aa21df3225035f4","name":"kw4w","image":{"@type":"ImageObject","inLanguage":"en-US","@id":"https:\/\/www.k-w4w.org\/en\/#\/schema\/person\/image\/","url":"https:\/\/secure.gravatar.com\/avatar\/35dca332a41f9d006f5b77ee9d9b90ed02181b4dcf7b166dcf848cb4e40abd74?s=96&d=mm&r=g","contentUrl":"https:\/\/secure.gravatar.com\/avatar\/35dca332a41f9d006f5b77ee9d9b90ed02181b4dcf7b166dcf848cb4e40abd74?s=96&d=mm&r=g","caption":"kw4w"},"sameAs":["https:\/\/www.k-w4w.org\/"],"url":"https:\/\/www.k-w4w.org\/en\/author\/kw4w\/"}]}},"_links":{"self":[{"href":"https:\/\/www.k-w4w.org\/en\/wp-json\/wp\/v2\/posts\/16669","targetHints":{"allow":["GET"]}}],"collection":[{"href":"https:\/\/www.k-w4w.org\/en\/wp-json\/wp\/v2\/posts"}],"about":[{"href":"https:\/\/www.k-w4w.org\/en\/wp-json\/wp\/v2\/types\/post"}],"author":[{"embeddable":true,"href":"https:\/\/www.k-w4w.org\/en\/wp-json\/wp\/v2\/users\/2"}],"replies":[{"embeddable":true,"href":"https:\/\/www.k-w4w.org\/en\/wp-json\/wp\/v2\/comments?post=16669"}],"version-history":[{"count":1,"href":"https:\/\/www.k-w4w.org\/en\/wp-json\/wp\/v2\/posts\/16669\/revisions"}],"predecessor-version":[{"id":16671,"href":"https:\/\/www.k-w4w.org\/en\/wp-json\/wp\/v2\/posts\/16669\/revisions\/16671"}],"wp:featuredmedia":[{"embeddable":true,"href":"https:\/\/www.k-w4w.org\/en\/wp-json\/wp\/v2\/media\/16670"}],"wp:attachment":[{"href":"https:\/\/www.k-w4w.org\/en\/wp-json\/wp\/v2\/media?parent=16669"}],"wp:term":[{"taxonomy":"category","embeddable":true,"href":"https:\/\/www.k-w4w.org\/en\/wp-json\/wp\/v2\/categories?post=16669"},{"taxonomy":"post_tag","embeddable":true,"href":"https:\/\/www.k-w4w.org\/en\/wp-json\/wp\/v2\/tags?post=16669"}],"curies":[{"name":"wp","href":"https:\/\/api.w.org\/{rel}","templated":true}]}}