{"id":16723,"date":"2024-12-05T14:56:14","date_gmt":"2024-12-05T14:56:14","guid":{"rendered":"https:\/\/www.k-w4w.org\/?p=16723"},"modified":"2025-07-08T14:57:49","modified_gmt":"2025-07-08T14:57:49","slug":"iwka-fuqizon-grate-per-treg-te-gjere-perpunim-paketim-dhe-perspektiva-te-reja-ne-bujqesi","status":"publish","type":"post","link":"https:\/\/www.k-w4w.org\/en\/iwka-fuqizon-grate-per-treg-te-gjere-perpunim-paketim-dhe-perspektiva-te-reja-ne-bujqesi\/","title":{"rendered":"IWKA Fuqizon Grat\u00eb p\u00ebr Treg t\u00eb Gjer\u00eb: P\u00ebrpunim, Paketim dhe Perspektiva t\u00eb Reja n\u00eb Bujq\u00ebsi"},"content":{"rendered":"<p>Projekti IWKA vazhdon ne realizimin e aktiviteteve te planifikuara, kesaj rradhe me pjesen e trete te trajnimit ne bujqesi me temen: \u201cPerpunimi dhe paketimi i prodhimeve bujqesore\u201d. Ne nje kohe kur kerkesat per produkte te fresketa dhe cilesore jane gjithnje e me te medha, perpunimi dhe paketimi i prodhimeve bujqesore luan nje rol kyc ne rritjen e vleres se produkteve tona dhe garantimin e cilesise se larte per konsumatoret. Pergjate trajnimit perfitueset do te mesojne se perpunimi i prodhimeve bujqesore jo vetem qe rrit oferten e tregut, por gjithashtu siguron mundesi te reja punesimi dhe rrit produktivitetin bujqesor. Ne anen tjeter paketimi nuk eshte thjesht nje metode per mbrojtje te produktit, por eshte nje instrument marketingu qe ndihmon ne prezantimin dhe diferencimin e produkteve tona ne treg. Nje paketim i p\u00ebrshtatshem dhe terheqes mund te rrise vleren e produktit dhe te ofroje mundesi per eksport. Paketimi i duhur gjithashtu siguron qe prodhimet te mberrin te fresketa dhe te sigurta ne duar te konsumatoreve.<\/p>\n<p>Te mbeshtesim prodhimet vendore dhe te zgjedhim produkte bujqesore te perpunuara dhe te paketuar me kujdes per nje te ardhme me te mire per te gjithe!<\/p>\n<p>#paketim #zhvillimekonomik #prodhimetefresketa<\/p>\n<p>Projekti IWKA financohet nga Ministria Federale Gjermane p\u00ebr Bashk\u00ebpunim dhe Zhvillim Ekonomik (BMZ) p\u00ebrmes Engagement Global GgmbH, dhe implementohet nga CARE International dhe organizatat partnere lokale: Kosova-Women 4 Women (K-W4W) dhe Programi p\u00ebr t\u00eb Drejta Civile n\u00eb Kosov\u00eb (CRP\/K).<\/p>","protected":false},"excerpt":{"rendered":"<p>Projekti IWKA vazhdon ne realizimin e aktiviteteve te planifikuara, kesaj rradhe me pjesen e trete te trajnimit ne bujqesi me temen: \u201cPerpunimi dhe paketimi i prodhimeve bujqesore\u201d. Ne nje kohe kur kerkesat per produkte te fresketa dhe cilesore jane gjithnje e me te medha, perpunimi dhe paketimi i prodhimeve bujqesore luan nje rol kyc ne [&hellip;]<\/p>\n","protected":false},"author":2,"featured_media":16724,"comment_status":"open","ping_status":"open","sticky":false,"template":"","format":"standard","meta":{"footnotes":""},"categories":[59],"tags":[],"class_list":["post-16723","post","type-post","status-publish","format-standard","has-post-thumbnail","hentry","category-lajme"],"yoast_head":"<!-- This site is optimized with the Yoast SEO plugin v27.0 - https:\/\/yoast.com\/product\/yoast-seo-wordpress\/ -->\n<title>IWKA Fuqizon Grat\u00eb p\u00ebr Treg t\u00eb Gjer\u00eb: P\u00ebrpunim, Paketim dhe Perspektiva t\u00eb Reja n\u00eb Bujq\u00ebsi - KW4W<\/title>\n<meta name=\"robots\" content=\"index, follow, max-snippet:-1, max-image-preview:large, max-video-preview:-1\" \/>\n<link rel=\"canonical\" href=\"https:\/\/www.k-w4w.org\/en\/iwka-fuqizon-grate-per-treg-te-gjere-perpunim-paketim-dhe-perspektiva-te-reja-ne-bujqesi\/\" \/>\n<meta property=\"og:locale\" content=\"en_US\" \/>\n<meta property=\"og:type\" content=\"article\" \/>\n<meta property=\"og:title\" content=\"IWKA Fuqizon Grat\u00eb p\u00ebr Treg t\u00eb Gjer\u00eb: P\u00ebrpunim, Paketim dhe Perspektiva t\u00eb Reja n\u00eb Bujq\u00ebsi - KW4W\" \/>\n<meta property=\"og:description\" content=\"Projekti IWKA vazhdon ne realizimin e aktiviteteve te planifikuara, kesaj rradhe me pjesen e trete te trajnimit ne bujqesi me temen: \u201cPerpunimi dhe paketimi i prodhimeve bujqesore\u201d. Ne nje kohe kur kerkesat per produkte te fresketa dhe cilesore jane gjithnje e me te medha, perpunimi dhe paketimi i prodhimeve bujqesore luan nje rol kyc ne [&hellip;]\" \/>\n<meta property=\"og:url\" content=\"https:\/\/www.k-w4w.org\/en\/iwka-fuqizon-grate-per-treg-te-gjere-perpunim-paketim-dhe-perspektiva-te-reja-ne-bujqesi\/\" \/>\n<meta property=\"og:site_name\" content=\"KW4W\" \/>\n<meta property=\"article:publisher\" content=\"https:\/\/www.facebook.com\/KosovaWomen4Women\" \/>\n<meta property=\"article:published_time\" content=\"2024-12-05T14:56:14+00:00\" \/>\n<meta property=\"article:modified_time\" content=\"2025-07-08T14:57:49+00:00\" \/>\n<meta property=\"og:image\" content=\"https:\/\/www.k-w4w.org\/wp-content\/uploads\/2025\/07\/59.jpg\" \/>\n\t<meta property=\"og:image:width\" content=\"2048\" \/>\n\t<meta property=\"og:image:height\" content=\"1536\" \/>\n\t<meta property=\"og:image:type\" content=\"image\/jpeg\" \/>\n<meta name=\"author\" content=\"kw4w\" \/>\n<meta name=\"twitter:card\" content=\"summary_large_image\" \/>\n<meta name=\"twitter:label1\" content=\"Written by\" \/>\n\t<meta name=\"twitter:data1\" content=\"kw4w\" \/>\n\t<meta name=\"twitter:label2\" content=\"Est. reading time\" \/>\n\t<meta name=\"twitter:data2\" content=\"2 minutes\" \/>\n<script type=\"application\/ld+json\" class=\"yoast-schema-graph\">{\"@context\":\"https:\/\/schema.org\",\"@graph\":[{\"@type\":\"Article\",\"@id\":\"https:\/\/www.k-w4w.org\/iwka-fuqizon-grate-per-treg-te-gjere-perpunim-paketim-dhe-perspektiva-te-reja-ne-bujqesi\/#article\",\"isPartOf\":{\"@id\":\"https:\/\/www.k-w4w.org\/iwka-fuqizon-grate-per-treg-te-gjere-perpunim-paketim-dhe-perspektiva-te-reja-ne-bujqesi\/\"},\"author\":{\"name\":\"kw4w\",\"@id\":\"https:\/\/www.k-w4w.org\/en\/#\/schema\/person\/bea620f132061dd98aa21df3225035f4\"},\"headline\":\"IWKA Fuqizon Grat\u00eb p\u00ebr Treg t\u00eb Gjer\u00eb: P\u00ebrpunim, Paketim dhe Perspektiva t\u00eb Reja n\u00eb Bujq\u00ebsi\",\"datePublished\":\"2024-12-05T14:56:14+00:00\",\"dateModified\":\"2025-07-08T14:57:49+00:00\",\"mainEntityOfPage\":{\"@id\":\"https:\/\/www.k-w4w.org\/iwka-fuqizon-grate-per-treg-te-gjere-perpunim-paketim-dhe-perspektiva-te-reja-ne-bujqesi\/\"},\"wordCount\":255,\"commentCount\":0,\"publisher\":{\"@id\":\"https:\/\/www.k-w4w.org\/en\/#organization\"},\"image\":{\"@id\":\"https:\/\/www.k-w4w.org\/iwka-fuqizon-grate-per-treg-te-gjere-perpunim-paketim-dhe-perspektiva-te-reja-ne-bujqesi\/#primaryimage\"},\"thumbnailUrl\":\"https:\/\/www.k-w4w.org\/wp-content\/uploads\/2025\/07\/59.jpg\",\"articleSection\":[\"Lajme\"],\"inLanguage\":\"en-US\",\"potentialAction\":[{\"@type\":\"CommentAction\",\"name\":\"Comment\",\"target\":[\"https:\/\/www.k-w4w.org\/iwka-fuqizon-grate-per-treg-te-gjere-perpunim-paketim-dhe-perspektiva-te-reja-ne-bujqesi\/#respond\"]}]},{\"@type\":\"WebPage\",\"@id\":\"https:\/\/www.k-w4w.org\/iwka-fuqizon-grate-per-treg-te-gjere-perpunim-paketim-dhe-perspektiva-te-reja-ne-bujqesi\/\",\"url\":\"https:\/\/www.k-w4w.org\/iwka-fuqizon-grate-per-treg-te-gjere-perpunim-paketim-dhe-perspektiva-te-reja-ne-bujqesi\/\",\"name\":\"IWKA Fuqizon Grat\u00eb p\u00ebr Treg t\u00eb Gjer\u00eb: P\u00ebrpunim, Paketim dhe Perspektiva t\u00eb Reja n\u00eb Bujq\u00ebsi - KW4W\",\"isPartOf\":{\"@id\":\"https:\/\/www.k-w4w.org\/en\/#website\"},\"primaryImageOfPage\":{\"@id\":\"https:\/\/www.k-w4w.org\/iwka-fuqizon-grate-per-treg-te-gjere-perpunim-paketim-dhe-perspektiva-te-reja-ne-bujqesi\/#primaryimage\"},\"image\":{\"@id\":\"https:\/\/www.k-w4w.org\/iwka-fuqizon-grate-per-treg-te-gjere-perpunim-paketim-dhe-perspektiva-te-reja-ne-bujqesi\/#primaryimage\"},\"thumbnailUrl\":\"https:\/\/www.k-w4w.org\/wp-content\/uploads\/2025\/07\/59.jpg\",\"datePublished\":\"2024-12-05T14:56:14+00:00\",\"dateModified\":\"2025-07-08T14:57:49+00:00\",\"breadcrumb\":{\"@id\":\"https:\/\/www.k-w4w.org\/iwka-fuqizon-grate-per-treg-te-gjere-perpunim-paketim-dhe-perspektiva-te-reja-ne-bujqesi\/#breadcrumb\"},\"inLanguage\":\"en-US\",\"potentialAction\":[{\"@type\":\"ReadAction\",\"target\":[\"https:\/\/www.k-w4w.org\/iwka-fuqizon-grate-per-treg-te-gjere-perpunim-paketim-dhe-perspektiva-te-reja-ne-bujqesi\/\"]}]},{\"@type\":\"ImageObject\",\"inLanguage\":\"en-US\",\"@id\":\"https:\/\/www.k-w4w.org\/iwka-fuqizon-grate-per-treg-te-gjere-perpunim-paketim-dhe-perspektiva-te-reja-ne-bujqesi\/#primaryimage\",\"url\":\"https:\/\/www.k-w4w.org\/wp-content\/uploads\/2025\/07\/59.jpg\",\"contentUrl\":\"https:\/\/www.k-w4w.org\/wp-content\/uploads\/2025\/07\/59.jpg\",\"width\":2048,\"height\":1536},{\"@type\":\"BreadcrumbList\",\"@id\":\"https:\/\/www.k-w4w.org\/iwka-fuqizon-grate-per-treg-te-gjere-perpunim-paketim-dhe-perspektiva-te-reja-ne-bujqesi\/#breadcrumb\",\"itemListElement\":[{\"@type\":\"ListItem\",\"position\":1,\"name\":\"Home\",\"item\":\"https:\/\/www.k-w4w.org\/\"},{\"@type\":\"ListItem\",\"position\":2,\"name\":\"IWKA Fuqizon Grat\u00eb p\u00ebr Treg t\u00eb Gjer\u00eb: P\u00ebrpunim, Paketim dhe Perspektiva t\u00eb Reja n\u00eb Bujq\u00ebsi\"}]},{\"@type\":\"WebSite\",\"@id\":\"https:\/\/www.k-w4w.org\/en\/#website\",\"url\":\"https:\/\/www.k-w4w.org\/en\/\",\"name\":\"KW4W\",\"description\":\"\",\"publisher\":{\"@id\":\"https:\/\/www.k-w4w.org\/en\/#organization\"},\"potentialAction\":[{\"@type\":\"SearchAction\",\"target\":{\"@type\":\"EntryPoint\",\"urlTemplate\":\"https:\/\/www.k-w4w.org\/en\/?s={search_term_string}\"},\"query-input\":{\"@type\":\"PropertyValueSpecification\",\"valueRequired\":true,\"valueName\":\"search_term_string\"}}],\"inLanguage\":\"en-US\"},{\"@type\":\"Organization\",\"@id\":\"https:\/\/www.k-w4w.org\/en\/#organization\",\"name\":\"KW4W\",\"url\":\"https:\/\/www.k-w4w.org\/en\/\",\"logo\":{\"@type\":\"ImageObject\",\"inLanguage\":\"en-US\",\"@id\":\"https:\/\/www.k-w4w.org\/en\/#\/schema\/logo\/image\/\",\"url\":\"https:\/\/www.k-w4w.org\/wp-content\/uploads\/2023\/02\/cropped-wfwi_logo_color_gradient_cmyk.jpg\",\"contentUrl\":\"https:\/\/www.k-w4w.org\/wp-content\/uploads\/2023\/02\/cropped-wfwi_logo_color_gradient_cmyk.jpg\",\"width\":1243,\"height\":199,\"caption\":\"KW4W\"},\"image\":{\"@id\":\"https:\/\/www.k-w4w.org\/en\/#\/schema\/logo\/image\/\"},\"sameAs\":[\"https:\/\/www.facebook.com\/KosovaWomen4Women\",\"https:\/\/www.instagram.com\/womenforwomenkosova\/\"]},{\"@type\":\"Person\",\"@id\":\"https:\/\/www.k-w4w.org\/en\/#\/schema\/person\/bea620f132061dd98aa21df3225035f4\",\"name\":\"kw4w\",\"image\":{\"@type\":\"ImageObject\",\"inLanguage\":\"en-US\",\"@id\":\"https:\/\/www.k-w4w.org\/en\/#\/schema\/person\/image\/\",\"url\":\"https:\/\/secure.gravatar.com\/avatar\/35dca332a41f9d006f5b77ee9d9b90ed02181b4dcf7b166dcf848cb4e40abd74?s=96&d=mm&r=g\",\"contentUrl\":\"https:\/\/secure.gravatar.com\/avatar\/35dca332a41f9d006f5b77ee9d9b90ed02181b4dcf7b166dcf848cb4e40abd74?s=96&d=mm&r=g\",\"caption\":\"kw4w\"},\"sameAs\":[\"https:\/\/www.k-w4w.org\/\"],\"url\":\"https:\/\/www.k-w4w.org\/en\/author\/kw4w\/\"}]}<\/script>\n<!-- \/ Yoast SEO plugin. -->","yoast_head_json":{"title":"IWKA Fuqizon Grat\u00eb p\u00ebr Treg t\u00eb Gjer\u00eb: P\u00ebrpunim, Paketim dhe Perspektiva t\u00eb Reja n\u00eb Bujq\u00ebsi - KW4W","robots":{"index":"index","follow":"follow","max-snippet":"max-snippet:-1","max-image-preview":"max-image-preview:large","max-video-preview":"max-video-preview:-1"},"canonical":"https:\/\/www.k-w4w.org\/en\/iwka-fuqizon-grate-per-treg-te-gjere-perpunim-paketim-dhe-perspektiva-te-reja-ne-bujqesi\/","og_locale":"en_US","og_type":"article","og_title":"IWKA Fuqizon Grat\u00eb p\u00ebr Treg t\u00eb Gjer\u00eb: P\u00ebrpunim, Paketim dhe Perspektiva t\u00eb Reja n\u00eb Bujq\u00ebsi - KW4W","og_description":"Projekti IWKA vazhdon ne realizimin e aktiviteteve te planifikuara, kesaj rradhe me pjesen e trete te trajnimit ne bujqesi me temen: \u201cPerpunimi dhe paketimi i prodhimeve bujqesore\u201d. Ne nje kohe kur kerkesat per produkte te fresketa dhe cilesore jane gjithnje e me te medha, perpunimi dhe paketimi i prodhimeve bujqesore luan nje rol kyc ne [&hellip;]","og_url":"https:\/\/www.k-w4w.org\/en\/iwka-fuqizon-grate-per-treg-te-gjere-perpunim-paketim-dhe-perspektiva-te-reja-ne-bujqesi\/","og_site_name":"KW4W","article_publisher":"https:\/\/www.facebook.com\/KosovaWomen4Women","article_published_time":"2024-12-05T14:56:14+00:00","article_modified_time":"2025-07-08T14:57:49+00:00","og_image":[{"width":2048,"height":1536,"url":"https:\/\/www.k-w4w.org\/wp-content\/uploads\/2025\/07\/59.jpg","type":"image\/jpeg"}],"author":"kw4w","twitter_card":"summary_large_image","twitter_misc":{"Written by":"kw4w","Est. reading time":"2 minutes"},"schema":{"@context":"https:\/\/schema.org","@graph":[{"@type":"Article","@id":"https:\/\/www.k-w4w.org\/iwka-fuqizon-grate-per-treg-te-gjere-perpunim-paketim-dhe-perspektiva-te-reja-ne-bujqesi\/#article","isPartOf":{"@id":"https:\/\/www.k-w4w.org\/iwka-fuqizon-grate-per-treg-te-gjere-perpunim-paketim-dhe-perspektiva-te-reja-ne-bujqesi\/"},"author":{"name":"kw4w","@id":"https:\/\/www.k-w4w.org\/en\/#\/schema\/person\/bea620f132061dd98aa21df3225035f4"},"headline":"IWKA Fuqizon Grat\u00eb p\u00ebr Treg t\u00eb Gjer\u00eb: P\u00ebrpunim, Paketim dhe Perspektiva t\u00eb Reja n\u00eb Bujq\u00ebsi","datePublished":"2024-12-05T14:56:14+00:00","dateModified":"2025-07-08T14:57:49+00:00","mainEntityOfPage":{"@id":"https:\/\/www.k-w4w.org\/iwka-fuqizon-grate-per-treg-te-gjere-perpunim-paketim-dhe-perspektiva-te-reja-ne-bujqesi\/"},"wordCount":255,"commentCount":0,"publisher":{"@id":"https:\/\/www.k-w4w.org\/en\/#organization"},"image":{"@id":"https:\/\/www.k-w4w.org\/iwka-fuqizon-grate-per-treg-te-gjere-perpunim-paketim-dhe-perspektiva-te-reja-ne-bujqesi\/#primaryimage"},"thumbnailUrl":"https:\/\/www.k-w4w.org\/wp-content\/uploads\/2025\/07\/59.jpg","articleSection":["Lajme"],"inLanguage":"en-US","potentialAction":[{"@type":"CommentAction","name":"Comment","target":["https:\/\/www.k-w4w.org\/iwka-fuqizon-grate-per-treg-te-gjere-perpunim-paketim-dhe-perspektiva-te-reja-ne-bujqesi\/#respond"]}]},{"@type":"WebPage","@id":"https:\/\/www.k-w4w.org\/iwka-fuqizon-grate-per-treg-te-gjere-perpunim-paketim-dhe-perspektiva-te-reja-ne-bujqesi\/","url":"https:\/\/www.k-w4w.org\/iwka-fuqizon-grate-per-treg-te-gjere-perpunim-paketim-dhe-perspektiva-te-reja-ne-bujqesi\/","name":"IWKA Fuqizon Grat\u00eb p\u00ebr Treg t\u00eb Gjer\u00eb: P\u00ebrpunim, Paketim dhe Perspektiva t\u00eb Reja n\u00eb Bujq\u00ebsi - KW4W","isPartOf":{"@id":"https:\/\/www.k-w4w.org\/en\/#website"},"primaryImageOfPage":{"@id":"https:\/\/www.k-w4w.org\/iwka-fuqizon-grate-per-treg-te-gjere-perpunim-paketim-dhe-perspektiva-te-reja-ne-bujqesi\/#primaryimage"},"image":{"@id":"https:\/\/www.k-w4w.org\/iwka-fuqizon-grate-per-treg-te-gjere-perpunim-paketim-dhe-perspektiva-te-reja-ne-bujqesi\/#primaryimage"},"thumbnailUrl":"https:\/\/www.k-w4w.org\/wp-content\/uploads\/2025\/07\/59.jpg","datePublished":"2024-12-05T14:56:14+00:00","dateModified":"2025-07-08T14:57:49+00:00","breadcrumb":{"@id":"https:\/\/www.k-w4w.org\/iwka-fuqizon-grate-per-treg-te-gjere-perpunim-paketim-dhe-perspektiva-te-reja-ne-bujqesi\/#breadcrumb"},"inLanguage":"en-US","potentialAction":[{"@type":"ReadAction","target":["https:\/\/www.k-w4w.org\/iwka-fuqizon-grate-per-treg-te-gjere-perpunim-paketim-dhe-perspektiva-te-reja-ne-bujqesi\/"]}]},{"@type":"ImageObject","inLanguage":"en-US","@id":"https:\/\/www.k-w4w.org\/iwka-fuqizon-grate-per-treg-te-gjere-perpunim-paketim-dhe-perspektiva-te-reja-ne-bujqesi\/#primaryimage","url":"https:\/\/www.k-w4w.org\/wp-content\/uploads\/2025\/07\/59.jpg","contentUrl":"https:\/\/www.k-w4w.org\/wp-content\/uploads\/2025\/07\/59.jpg","width":2048,"height":1536},{"@type":"BreadcrumbList","@id":"https:\/\/www.k-w4w.org\/iwka-fuqizon-grate-per-treg-te-gjere-perpunim-paketim-dhe-perspektiva-te-reja-ne-bujqesi\/#breadcrumb","itemListElement":[{"@type":"ListItem","position":1,"name":"Home","item":"https:\/\/www.k-w4w.org\/"},{"@type":"ListItem","position":2,"name":"IWKA Fuqizon Grat\u00eb p\u00ebr Treg t\u00eb Gjer\u00eb: P\u00ebrpunim, Paketim dhe Perspektiva t\u00eb Reja n\u00eb Bujq\u00ebsi"}]},{"@type":"WebSite","@id":"https:\/\/www.k-w4w.org\/en\/#website","url":"https:\/\/www.k-w4w.org\/en\/","name":"KW4W","description":"","publisher":{"@id":"https:\/\/www.k-w4w.org\/en\/#organization"},"potentialAction":[{"@type":"SearchAction","target":{"@type":"EntryPoint","urlTemplate":"https:\/\/www.k-w4w.org\/en\/?s={search_term_string}"},"query-input":{"@type":"PropertyValueSpecification","valueRequired":true,"valueName":"search_term_string"}}],"inLanguage":"en-US"},{"@type":"Organization","@id":"https:\/\/www.k-w4w.org\/en\/#organization","name":"KW4W","url":"https:\/\/www.k-w4w.org\/en\/","logo":{"@type":"ImageObject","inLanguage":"en-US","@id":"https:\/\/www.k-w4w.org\/en\/#\/schema\/logo\/image\/","url":"https:\/\/www.k-w4w.org\/wp-content\/uploads\/2023\/02\/cropped-wfwi_logo_color_gradient_cmyk.jpg","contentUrl":"https:\/\/www.k-w4w.org\/wp-content\/uploads\/2023\/02\/cropped-wfwi_logo_color_gradient_cmyk.jpg","width":1243,"height":199,"caption":"KW4W"},"image":{"@id":"https:\/\/www.k-w4w.org\/en\/#\/schema\/logo\/image\/"},"sameAs":["https:\/\/www.facebook.com\/KosovaWomen4Women","https:\/\/www.instagram.com\/womenforwomenkosova\/"]},{"@type":"Person","@id":"https:\/\/www.k-w4w.org\/en\/#\/schema\/person\/bea620f132061dd98aa21df3225035f4","name":"kw4w","image":{"@type":"ImageObject","inLanguage":"en-US","@id":"https:\/\/www.k-w4w.org\/en\/#\/schema\/person\/image\/","url":"https:\/\/secure.gravatar.com\/avatar\/35dca332a41f9d006f5b77ee9d9b90ed02181b4dcf7b166dcf848cb4e40abd74?s=96&d=mm&r=g","contentUrl":"https:\/\/secure.gravatar.com\/avatar\/35dca332a41f9d006f5b77ee9d9b90ed02181b4dcf7b166dcf848cb4e40abd74?s=96&d=mm&r=g","caption":"kw4w"},"sameAs":["https:\/\/www.k-w4w.org\/"],"url":"https:\/\/www.k-w4w.org\/en\/author\/kw4w\/"}]}},"_links":{"self":[{"href":"https:\/\/www.k-w4w.org\/en\/wp-json\/wp\/v2\/posts\/16723","targetHints":{"allow":["GET"]}}],"collection":[{"href":"https:\/\/www.k-w4w.org\/en\/wp-json\/wp\/v2\/posts"}],"about":[{"href":"https:\/\/www.k-w4w.org\/en\/wp-json\/wp\/v2\/types\/post"}],"author":[{"embeddable":true,"href":"https:\/\/www.k-w4w.org\/en\/wp-json\/wp\/v2\/users\/2"}],"replies":[{"embeddable":true,"href":"https:\/\/www.k-w4w.org\/en\/wp-json\/wp\/v2\/comments?post=16723"}],"version-history":[{"count":1,"href":"https:\/\/www.k-w4w.org\/en\/wp-json\/wp\/v2\/posts\/16723\/revisions"}],"predecessor-version":[{"id":16725,"href":"https:\/\/www.k-w4w.org\/en\/wp-json\/wp\/v2\/posts\/16723\/revisions\/16725"}],"wp:featuredmedia":[{"embeddable":true,"href":"https:\/\/www.k-w4w.org\/en\/wp-json\/wp\/v2\/media\/16724"}],"wp:attachment":[{"href":"https:\/\/www.k-w4w.org\/en\/wp-json\/wp\/v2\/media?parent=16723"}],"wp:term":[{"taxonomy":"category","embeddable":true,"href":"https:\/\/www.k-w4w.org\/en\/wp-json\/wp\/v2\/categories?post=16723"},{"taxonomy":"post_tag","embeddable":true,"href":"https:\/\/www.k-w4w.org\/en\/wp-json\/wp\/v2\/tags?post=16723"}],"curies":[{"name":"wp","href":"https:\/\/api.w.org\/{rel}","templated":true}]}}