{"id":16855,"date":"2025-01-30T14:44:57","date_gmt":"2025-01-30T14:44:57","guid":{"rendered":"https:\/\/www.k-w4w.org\/?p=16855"},"modified":"2026-01-01T14:48:32","modified_gmt":"2026-01-01T14:48:32","slug":"ndertimi-mbi-progresin-punetori-dyditore-per-avancimin-e-agjendes-per-grate-paqen-dhe-sigurine-ne-kosove","status":"publish","type":"post","link":"https:\/\/www.k-w4w.org\/en\/ndertimi-mbi-progresin-punetori-dyditore-per-avancimin-e-agjendes-per-grate-paqen-dhe-sigurine-ne-kosove\/","title":{"rendered":"\u201cNd\u00ebrtimi mbi Progresin\u201d: Pun\u00ebtori dyditore p\u00ebr avancimin e Agjend\u00ebs p\u00ebr Grat\u00eb, Paqen dhe Sigurin\u00eb n\u00eb Kosov\u00eb"},"content":{"rendered":"<div dir=\"auto\">Qendra Rajonale e Ekselenc\u00ebs p\u00ebr Grat\u00eb, Paqen dhe Sigurin\u00eb n\u00eb Kosov\u00eb mbajti pun\u00ebtorin\u00eb dy ditore me tem\u00eb \u201cNd\u00ebrtimi mbi Progresin: Ngritja e m\u00ebtejme e lidershipit t\u00eb Kosov\u00ebs n\u00eb Agjend\u00ebn p\u00ebr Grat\u00eb, Paqen dhe Sigurin\u00eb\u201d.<\/div>\n<div dir=\"auto\">Kjo pun\u00ebtori n\u00eb qend\u00ebr t\u00eb diskutimeve kishte ritheksimin e r\u00ebnd\u00ebsis\u00eb s\u00eb Planeve Komb\u00ebtare t\u00eb Veprimit (PKV) p\u00ebr Grat\u00eb, Paqen dhe Sigurin\u00eb si mjet p\u00ebr nj\u00eb barazi m\u00eb t\u00eb madhe gjinore, rritjen e paqes dhe siguris\u00eb gjith\u00ebp\u00ebrfshir\u00ebse. Q\u00ebllimi kryesor i pun\u00ebtoris\u00eb ishte q\u00eb n\u00ebp\u00ebrmjet ekspertit nd\u00ebrkomb\u00ebtar p\u00ebr PKV-t\u00eb, Mirsad Jacevic, t\u00eb prezantohen perspektivat nd\u00ebrkomb\u00ebtare t\u00eb shteteve, t\u00eb cilat kan\u00eb miratuar dhe zbatuar PKV-t\u00eb, me theks t\u00eb ve\u00e7ant\u00eb n\u00eb sukseset dhe sfidat e tyre n\u00eb raport me to. Pun\u00ebtoria trajtoi t\u00eb gjitha k\u00ebto aspekte t\u00eb PKV-ve me p\u00ebrfaq\u00ebsues t\u00eb institucioneve qeveritare, shoq\u00ebris\u00eb civile dhe komunitetit nd\u00ebrkomb\u00ebtar, si akter\u00ebt ky\u00e7 t\u00eb fush\u00ebs.<\/div>\n<div dir=\"auto\">Kjo ngjarje u organizua nga Qendra Rajonale e Ekselenc\u00ebs p\u00ebr Grat\u00eb, Paqen dhe Sigurin\u00eb n\u00eb Kosov\u00eb, e themeluar n\u00eb kuad\u00ebr t\u00eb Zyr\u00ebs s\u00eb Presidentes s\u00eb Republik\u00ebs s\u00eb Kosov\u00ebs.<\/div>","protected":false},"excerpt":{"rendered":"<p>Qendra Rajonale e Ekselenc\u00ebs p\u00ebr Grat\u00eb, Paqen dhe Sigurin\u00eb n\u00eb Kosov\u00eb mbajti pun\u00ebtorin\u00eb dy ditore me tem\u00eb \u201cNd\u00ebrtimi mbi Progresin: Ngritja e m\u00ebtejme e lidershipit t\u00eb Kosov\u00ebs n\u00eb Agjend\u00ebn p\u00ebr Grat\u00eb, Paqen dhe Sigurin\u00eb\u201d. Kjo pun\u00ebtori n\u00eb qend\u00ebr t\u00eb diskutimeve kishte ritheksimin e r\u00ebnd\u00ebsis\u00eb s\u00eb Planeve Komb\u00ebtare t\u00eb Veprimit (PKV) p\u00ebr Grat\u00eb, Paqen dhe Sigurin\u00eb [&hellip;]<\/p>\n","protected":false},"author":2,"featured_media":16856,"comment_status":"open","ping_status":"open","sticky":false,"template":"","format":"standard","meta":{"footnotes":""},"categories":[59],"tags":[],"class_list":["post-16855","post","type-post","status-publish","format-standard","has-post-thumbnail","hentry","category-lajme"],"yoast_head":"<!-- This site is optimized with the Yoast SEO plugin v27.0 - https:\/\/yoast.com\/product\/yoast-seo-wordpress\/ -->\n<title>\u201cNd\u00ebrtimi mbi Progresin\u201d: Pun\u00ebtori dyditore p\u00ebr avancimin e Agjend\u00ebs p\u00ebr Grat\u00eb, Paqen dhe Sigurin\u00eb n\u00eb Kosov\u00eb - KW4W<\/title>\n<meta name=\"robots\" content=\"index, follow, max-snippet:-1, max-image-preview:large, max-video-preview:-1\" \/>\n<link rel=\"canonical\" href=\"https:\/\/www.k-w4w.org\/en\/ndertimi-mbi-progresin-punetori-dyditore-per-avancimin-e-agjendes-per-grate-paqen-dhe-sigurine-ne-kosove\/\" \/>\n<meta property=\"og:locale\" content=\"en_US\" \/>\n<meta property=\"og:type\" content=\"article\" \/>\n<meta property=\"og:title\" content=\"\u201cNd\u00ebrtimi mbi Progresin\u201d: Pun\u00ebtori dyditore p\u00ebr avancimin e Agjend\u00ebs p\u00ebr Grat\u00eb, Paqen dhe Sigurin\u00eb n\u00eb Kosov\u00eb - KW4W\" \/>\n<meta property=\"og:description\" content=\"Qendra Rajonale e Ekselenc\u00ebs p\u00ebr Grat\u00eb, Paqen dhe Sigurin\u00eb n\u00eb Kosov\u00eb mbajti pun\u00ebtorin\u00eb dy ditore me tem\u00eb \u201cNd\u00ebrtimi mbi Progresin: Ngritja e m\u00ebtejme e lidershipit t\u00eb Kosov\u00ebs n\u00eb Agjend\u00ebn p\u00ebr Grat\u00eb, Paqen dhe Sigurin\u00eb\u201d. Kjo pun\u00ebtori n\u00eb qend\u00ebr t\u00eb diskutimeve kishte ritheksimin e r\u00ebnd\u00ebsis\u00eb s\u00eb Planeve Komb\u00ebtare t\u00eb Veprimit (PKV) p\u00ebr Grat\u00eb, Paqen dhe Sigurin\u00eb [&hellip;]\" \/>\n<meta property=\"og:url\" content=\"https:\/\/www.k-w4w.org\/en\/ndertimi-mbi-progresin-punetori-dyditore-per-avancimin-e-agjendes-per-grate-paqen-dhe-sigurine-ne-kosove\/\" \/>\n<meta property=\"og:site_name\" content=\"KW4W\" \/>\n<meta property=\"article:publisher\" content=\"https:\/\/www.facebook.com\/KosovaWomen4Women\" \/>\n<meta property=\"article:published_time\" content=\"2025-01-30T14:44:57+00:00\" \/>\n<meta property=\"article:modified_time\" content=\"2026-01-01T14:48:32+00:00\" \/>\n<meta property=\"og:image\" content=\"https:\/\/www.k-w4w.org\/wp-content\/uploads\/2026\/01\/Screenshot-2026-01-01-154630.png\" \/>\n\t<meta property=\"og:image:width\" content=\"913\" \/>\n\t<meta property=\"og:image:height\" content=\"589\" \/>\n\t<meta property=\"og:image:type\" content=\"image\/png\" \/>\n<meta name=\"author\" content=\"kw4w\" \/>\n<meta name=\"twitter:card\" content=\"summary_large_image\" \/>\n<meta name=\"twitter:label1\" content=\"Written by\" \/>\n\t<meta name=\"twitter:data1\" content=\"kw4w\" \/>\n\t<meta name=\"twitter:label2\" content=\"Est. reading time\" \/>\n\t<meta name=\"twitter:data2\" content=\"1 minute\" \/>\n<script type=\"application\/ld+json\" class=\"yoast-schema-graph\">{\"@context\":\"https:\/\/schema.org\",\"@graph\":[{\"@type\":\"Article\",\"@id\":\"https:\/\/www.k-w4w.org\/ndertimi-mbi-progresin-punetori-dyditore-per-avancimin-e-agjendes-per-grate-paqen-dhe-sigurine-ne-kosove\/#article\",\"isPartOf\":{\"@id\":\"https:\/\/www.k-w4w.org\/ndertimi-mbi-progresin-punetori-dyditore-per-avancimin-e-agjendes-per-grate-paqen-dhe-sigurine-ne-kosove\/\"},\"author\":{\"name\":\"kw4w\",\"@id\":\"https:\/\/www.k-w4w.org\/en\/#\/schema\/person\/bea620f132061dd98aa21df3225035f4\"},\"headline\":\"\u201cNd\u00ebrtimi mbi Progresin\u201d: Pun\u00ebtori dyditore p\u00ebr avancimin e Agjend\u00ebs p\u00ebr Grat\u00eb, Paqen dhe Sigurin\u00eb n\u00eb Kosov\u00eb\",\"datePublished\":\"2025-01-30T14:44:57+00:00\",\"dateModified\":\"2026-01-01T14:48:32+00:00\",\"mainEntityOfPage\":{\"@id\":\"https:\/\/www.k-w4w.org\/ndertimi-mbi-progresin-punetori-dyditore-per-avancimin-e-agjendes-per-grate-paqen-dhe-sigurine-ne-kosove\/\"},\"wordCount\":225,\"commentCount\":0,\"publisher\":{\"@id\":\"https:\/\/www.k-w4w.org\/en\/#organization\"},\"image\":{\"@id\":\"https:\/\/www.k-w4w.org\/ndertimi-mbi-progresin-punetori-dyditore-per-avancimin-e-agjendes-per-grate-paqen-dhe-sigurine-ne-kosove\/#primaryimage\"},\"thumbnailUrl\":\"https:\/\/www.k-w4w.org\/wp-content\/uploads\/2026\/01\/Screenshot-2026-01-01-154630.png\",\"articleSection\":[\"Lajme\"],\"inLanguage\":\"en-US\",\"potentialAction\":[{\"@type\":\"CommentAction\",\"name\":\"Comment\",\"target\":[\"https:\/\/www.k-w4w.org\/ndertimi-mbi-progresin-punetori-dyditore-per-avancimin-e-agjendes-per-grate-paqen-dhe-sigurine-ne-kosove\/#respond\"]}]},{\"@type\":\"WebPage\",\"@id\":\"https:\/\/www.k-w4w.org\/ndertimi-mbi-progresin-punetori-dyditore-per-avancimin-e-agjendes-per-grate-paqen-dhe-sigurine-ne-kosove\/\",\"url\":\"https:\/\/www.k-w4w.org\/ndertimi-mbi-progresin-punetori-dyditore-per-avancimin-e-agjendes-per-grate-paqen-dhe-sigurine-ne-kosove\/\",\"name\":\"\u201cNd\u00ebrtimi mbi Progresin\u201d: Pun\u00ebtori dyditore p\u00ebr avancimin e Agjend\u00ebs p\u00ebr Grat\u00eb, Paqen dhe Sigurin\u00eb n\u00eb Kosov\u00eb - KW4W\",\"isPartOf\":{\"@id\":\"https:\/\/www.k-w4w.org\/en\/#website\"},\"primaryImageOfPage\":{\"@id\":\"https:\/\/www.k-w4w.org\/ndertimi-mbi-progresin-punetori-dyditore-per-avancimin-e-agjendes-per-grate-paqen-dhe-sigurine-ne-kosove\/#primaryimage\"},\"image\":{\"@id\":\"https:\/\/www.k-w4w.org\/ndertimi-mbi-progresin-punetori-dyditore-per-avancimin-e-agjendes-per-grate-paqen-dhe-sigurine-ne-kosove\/#primaryimage\"},\"thumbnailUrl\":\"https:\/\/www.k-w4w.org\/wp-content\/uploads\/2026\/01\/Screenshot-2026-01-01-154630.png\",\"datePublished\":\"2025-01-30T14:44:57+00:00\",\"dateModified\":\"2026-01-01T14:48:32+00:00\",\"breadcrumb\":{\"@id\":\"https:\/\/www.k-w4w.org\/ndertimi-mbi-progresin-punetori-dyditore-per-avancimin-e-agjendes-per-grate-paqen-dhe-sigurine-ne-kosove\/#breadcrumb\"},\"inLanguage\":\"en-US\",\"potentialAction\":[{\"@type\":\"ReadAction\",\"target\":[\"https:\/\/www.k-w4w.org\/ndertimi-mbi-progresin-punetori-dyditore-per-avancimin-e-agjendes-per-grate-paqen-dhe-sigurine-ne-kosove\/\"]}]},{\"@type\":\"ImageObject\",\"inLanguage\":\"en-US\",\"@id\":\"https:\/\/www.k-w4w.org\/ndertimi-mbi-progresin-punetori-dyditore-per-avancimin-e-agjendes-per-grate-paqen-dhe-sigurine-ne-kosove\/#primaryimage\",\"url\":\"https:\/\/www.k-w4w.org\/wp-content\/uploads\/2026\/01\/Screenshot-2026-01-01-154630.png\",\"contentUrl\":\"https:\/\/www.k-w4w.org\/wp-content\/uploads\/2026\/01\/Screenshot-2026-01-01-154630.png\",\"width\":913,\"height\":589},{\"@type\":\"BreadcrumbList\",\"@id\":\"https:\/\/www.k-w4w.org\/ndertimi-mbi-progresin-punetori-dyditore-per-avancimin-e-agjendes-per-grate-paqen-dhe-sigurine-ne-kosove\/#breadcrumb\",\"itemListElement\":[{\"@type\":\"ListItem\",\"position\":1,\"name\":\"Home\",\"item\":\"https:\/\/www.k-w4w.org\/\"},{\"@type\":\"ListItem\",\"position\":2,\"name\":\"\u201cNd\u00ebrtimi mbi Progresin\u201d: Pun\u00ebtori dyditore p\u00ebr avancimin e Agjend\u00ebs p\u00ebr Grat\u00eb, Paqen dhe Sigurin\u00eb n\u00eb Kosov\u00eb\"}]},{\"@type\":\"WebSite\",\"@id\":\"https:\/\/www.k-w4w.org\/en\/#website\",\"url\":\"https:\/\/www.k-w4w.org\/en\/\",\"name\":\"KW4W\",\"description\":\"\",\"publisher\":{\"@id\":\"https:\/\/www.k-w4w.org\/en\/#organization\"},\"potentialAction\":[{\"@type\":\"SearchAction\",\"target\":{\"@type\":\"EntryPoint\",\"urlTemplate\":\"https:\/\/www.k-w4w.org\/en\/?s={search_term_string}\"},\"query-input\":{\"@type\":\"PropertyValueSpecification\",\"valueRequired\":true,\"valueName\":\"search_term_string\"}}],\"inLanguage\":\"en-US\"},{\"@type\":\"Organization\",\"@id\":\"https:\/\/www.k-w4w.org\/en\/#organization\",\"name\":\"KW4W\",\"url\":\"https:\/\/www.k-w4w.org\/en\/\",\"logo\":{\"@type\":\"ImageObject\",\"inLanguage\":\"en-US\",\"@id\":\"https:\/\/www.k-w4w.org\/en\/#\/schema\/logo\/image\/\",\"url\":\"https:\/\/www.k-w4w.org\/wp-content\/uploads\/2023\/02\/cropped-wfwi_logo_color_gradient_cmyk.jpg\",\"contentUrl\":\"https:\/\/www.k-w4w.org\/wp-content\/uploads\/2023\/02\/cropped-wfwi_logo_color_gradient_cmyk.jpg\",\"width\":1243,\"height\":199,\"caption\":\"KW4W\"},\"image\":{\"@id\":\"https:\/\/www.k-w4w.org\/en\/#\/schema\/logo\/image\/\"},\"sameAs\":[\"https:\/\/www.facebook.com\/KosovaWomen4Women\",\"https:\/\/www.instagram.com\/womenforwomenkosova\/\"]},{\"@type\":\"Person\",\"@id\":\"https:\/\/www.k-w4w.org\/en\/#\/schema\/person\/bea620f132061dd98aa21df3225035f4\",\"name\":\"kw4w\",\"image\":{\"@type\":\"ImageObject\",\"inLanguage\":\"en-US\",\"@id\":\"https:\/\/www.k-w4w.org\/en\/#\/schema\/person\/image\/\",\"url\":\"https:\/\/secure.gravatar.com\/avatar\/35dca332a41f9d006f5b77ee9d9b90ed02181b4dcf7b166dcf848cb4e40abd74?s=96&d=mm&r=g\",\"contentUrl\":\"https:\/\/secure.gravatar.com\/avatar\/35dca332a41f9d006f5b77ee9d9b90ed02181b4dcf7b166dcf848cb4e40abd74?s=96&d=mm&r=g\",\"caption\":\"kw4w\"},\"sameAs\":[\"https:\/\/www.k-w4w.org\/\"],\"url\":\"https:\/\/www.k-w4w.org\/en\/author\/kw4w\/\"}]}<\/script>\n<!-- \/ Yoast SEO plugin. -->","yoast_head_json":{"title":"\u201cNd\u00ebrtimi mbi Progresin\u201d: Pun\u00ebtori dyditore p\u00ebr avancimin e Agjend\u00ebs p\u00ebr Grat\u00eb, Paqen dhe Sigurin\u00eb n\u00eb Kosov\u00eb - KW4W","robots":{"index":"index","follow":"follow","max-snippet":"max-snippet:-1","max-image-preview":"max-image-preview:large","max-video-preview":"max-video-preview:-1"},"canonical":"https:\/\/www.k-w4w.org\/en\/ndertimi-mbi-progresin-punetori-dyditore-per-avancimin-e-agjendes-per-grate-paqen-dhe-sigurine-ne-kosove\/","og_locale":"en_US","og_type":"article","og_title":"\u201cNd\u00ebrtimi mbi Progresin\u201d: Pun\u00ebtori dyditore p\u00ebr avancimin e Agjend\u00ebs p\u00ebr Grat\u00eb, Paqen dhe Sigurin\u00eb n\u00eb Kosov\u00eb - KW4W","og_description":"Qendra Rajonale e Ekselenc\u00ebs p\u00ebr Grat\u00eb, Paqen dhe Sigurin\u00eb n\u00eb Kosov\u00eb mbajti pun\u00ebtorin\u00eb dy ditore me tem\u00eb \u201cNd\u00ebrtimi mbi Progresin: Ngritja e m\u00ebtejme e lidershipit t\u00eb Kosov\u00ebs n\u00eb Agjend\u00ebn p\u00ebr Grat\u00eb, Paqen dhe Sigurin\u00eb\u201d. Kjo pun\u00ebtori n\u00eb qend\u00ebr t\u00eb diskutimeve kishte ritheksimin e r\u00ebnd\u00ebsis\u00eb s\u00eb Planeve Komb\u00ebtare t\u00eb Veprimit (PKV) p\u00ebr Grat\u00eb, Paqen dhe Sigurin\u00eb [&hellip;]","og_url":"https:\/\/www.k-w4w.org\/en\/ndertimi-mbi-progresin-punetori-dyditore-per-avancimin-e-agjendes-per-grate-paqen-dhe-sigurine-ne-kosove\/","og_site_name":"KW4W","article_publisher":"https:\/\/www.facebook.com\/KosovaWomen4Women","article_published_time":"2025-01-30T14:44:57+00:00","article_modified_time":"2026-01-01T14:48:32+00:00","og_image":[{"width":913,"height":589,"url":"https:\/\/www.k-w4w.org\/wp-content\/uploads\/2026\/01\/Screenshot-2026-01-01-154630.png","type":"image\/png"}],"author":"kw4w","twitter_card":"summary_large_image","twitter_misc":{"Written by":"kw4w","Est. reading time":"1 minute"},"schema":{"@context":"https:\/\/schema.org","@graph":[{"@type":"Article","@id":"https:\/\/www.k-w4w.org\/ndertimi-mbi-progresin-punetori-dyditore-per-avancimin-e-agjendes-per-grate-paqen-dhe-sigurine-ne-kosove\/#article","isPartOf":{"@id":"https:\/\/www.k-w4w.org\/ndertimi-mbi-progresin-punetori-dyditore-per-avancimin-e-agjendes-per-grate-paqen-dhe-sigurine-ne-kosove\/"},"author":{"name":"kw4w","@id":"https:\/\/www.k-w4w.org\/en\/#\/schema\/person\/bea620f132061dd98aa21df3225035f4"},"headline":"\u201cNd\u00ebrtimi mbi Progresin\u201d: Pun\u00ebtori dyditore p\u00ebr avancimin e Agjend\u00ebs p\u00ebr Grat\u00eb, Paqen dhe Sigurin\u00eb n\u00eb Kosov\u00eb","datePublished":"2025-01-30T14:44:57+00:00","dateModified":"2026-01-01T14:48:32+00:00","mainEntityOfPage":{"@id":"https:\/\/www.k-w4w.org\/ndertimi-mbi-progresin-punetori-dyditore-per-avancimin-e-agjendes-per-grate-paqen-dhe-sigurine-ne-kosove\/"},"wordCount":225,"commentCount":0,"publisher":{"@id":"https:\/\/www.k-w4w.org\/en\/#organization"},"image":{"@id":"https:\/\/www.k-w4w.org\/ndertimi-mbi-progresin-punetori-dyditore-per-avancimin-e-agjendes-per-grate-paqen-dhe-sigurine-ne-kosove\/#primaryimage"},"thumbnailUrl":"https:\/\/www.k-w4w.org\/wp-content\/uploads\/2026\/01\/Screenshot-2026-01-01-154630.png","articleSection":["Lajme"],"inLanguage":"en-US","potentialAction":[{"@type":"CommentAction","name":"Comment","target":["https:\/\/www.k-w4w.org\/ndertimi-mbi-progresin-punetori-dyditore-per-avancimin-e-agjendes-per-grate-paqen-dhe-sigurine-ne-kosove\/#respond"]}]},{"@type":"WebPage","@id":"https:\/\/www.k-w4w.org\/ndertimi-mbi-progresin-punetori-dyditore-per-avancimin-e-agjendes-per-grate-paqen-dhe-sigurine-ne-kosove\/","url":"https:\/\/www.k-w4w.org\/ndertimi-mbi-progresin-punetori-dyditore-per-avancimin-e-agjendes-per-grate-paqen-dhe-sigurine-ne-kosove\/","name":"\u201cNd\u00ebrtimi mbi Progresin\u201d: Pun\u00ebtori dyditore p\u00ebr avancimin e Agjend\u00ebs p\u00ebr Grat\u00eb, Paqen dhe Sigurin\u00eb n\u00eb Kosov\u00eb - KW4W","isPartOf":{"@id":"https:\/\/www.k-w4w.org\/en\/#website"},"primaryImageOfPage":{"@id":"https:\/\/www.k-w4w.org\/ndertimi-mbi-progresin-punetori-dyditore-per-avancimin-e-agjendes-per-grate-paqen-dhe-sigurine-ne-kosove\/#primaryimage"},"image":{"@id":"https:\/\/www.k-w4w.org\/ndertimi-mbi-progresin-punetori-dyditore-per-avancimin-e-agjendes-per-grate-paqen-dhe-sigurine-ne-kosove\/#primaryimage"},"thumbnailUrl":"https:\/\/www.k-w4w.org\/wp-content\/uploads\/2026\/01\/Screenshot-2026-01-01-154630.png","datePublished":"2025-01-30T14:44:57+00:00","dateModified":"2026-01-01T14:48:32+00:00","breadcrumb":{"@id":"https:\/\/www.k-w4w.org\/ndertimi-mbi-progresin-punetori-dyditore-per-avancimin-e-agjendes-per-grate-paqen-dhe-sigurine-ne-kosove\/#breadcrumb"},"inLanguage":"en-US","potentialAction":[{"@type":"ReadAction","target":["https:\/\/www.k-w4w.org\/ndertimi-mbi-progresin-punetori-dyditore-per-avancimin-e-agjendes-per-grate-paqen-dhe-sigurine-ne-kosove\/"]}]},{"@type":"ImageObject","inLanguage":"en-US","@id":"https:\/\/www.k-w4w.org\/ndertimi-mbi-progresin-punetori-dyditore-per-avancimin-e-agjendes-per-grate-paqen-dhe-sigurine-ne-kosove\/#primaryimage","url":"https:\/\/www.k-w4w.org\/wp-content\/uploads\/2026\/01\/Screenshot-2026-01-01-154630.png","contentUrl":"https:\/\/www.k-w4w.org\/wp-content\/uploads\/2026\/01\/Screenshot-2026-01-01-154630.png","width":913,"height":589},{"@type":"BreadcrumbList","@id":"https:\/\/www.k-w4w.org\/ndertimi-mbi-progresin-punetori-dyditore-per-avancimin-e-agjendes-per-grate-paqen-dhe-sigurine-ne-kosove\/#breadcrumb","itemListElement":[{"@type":"ListItem","position":1,"name":"Home","item":"https:\/\/www.k-w4w.org\/"},{"@type":"ListItem","position":2,"name":"\u201cNd\u00ebrtimi mbi Progresin\u201d: Pun\u00ebtori dyditore p\u00ebr avancimin e Agjend\u00ebs p\u00ebr Grat\u00eb, Paqen dhe Sigurin\u00eb n\u00eb Kosov\u00eb"}]},{"@type":"WebSite","@id":"https:\/\/www.k-w4w.org\/en\/#website","url":"https:\/\/www.k-w4w.org\/en\/","name":"KW4W","description":"","publisher":{"@id":"https:\/\/www.k-w4w.org\/en\/#organization"},"potentialAction":[{"@type":"SearchAction","target":{"@type":"EntryPoint","urlTemplate":"https:\/\/www.k-w4w.org\/en\/?s={search_term_string}"},"query-input":{"@type":"PropertyValueSpecification","valueRequired":true,"valueName":"search_term_string"}}],"inLanguage":"en-US"},{"@type":"Organization","@id":"https:\/\/www.k-w4w.org\/en\/#organization","name":"KW4W","url":"https:\/\/www.k-w4w.org\/en\/","logo":{"@type":"ImageObject","inLanguage":"en-US","@id":"https:\/\/www.k-w4w.org\/en\/#\/schema\/logo\/image\/","url":"https:\/\/www.k-w4w.org\/wp-content\/uploads\/2023\/02\/cropped-wfwi_logo_color_gradient_cmyk.jpg","contentUrl":"https:\/\/www.k-w4w.org\/wp-content\/uploads\/2023\/02\/cropped-wfwi_logo_color_gradient_cmyk.jpg","width":1243,"height":199,"caption":"KW4W"},"image":{"@id":"https:\/\/www.k-w4w.org\/en\/#\/schema\/logo\/image\/"},"sameAs":["https:\/\/www.facebook.com\/KosovaWomen4Women","https:\/\/www.instagram.com\/womenforwomenkosova\/"]},{"@type":"Person","@id":"https:\/\/www.k-w4w.org\/en\/#\/schema\/person\/bea620f132061dd98aa21df3225035f4","name":"kw4w","image":{"@type":"ImageObject","inLanguage":"en-US","@id":"https:\/\/www.k-w4w.org\/en\/#\/schema\/person\/image\/","url":"https:\/\/secure.gravatar.com\/avatar\/35dca332a41f9d006f5b77ee9d9b90ed02181b4dcf7b166dcf848cb4e40abd74?s=96&d=mm&r=g","contentUrl":"https:\/\/secure.gravatar.com\/avatar\/35dca332a41f9d006f5b77ee9d9b90ed02181b4dcf7b166dcf848cb4e40abd74?s=96&d=mm&r=g","caption":"kw4w"},"sameAs":["https:\/\/www.k-w4w.org\/"],"url":"https:\/\/www.k-w4w.org\/en\/author\/kw4w\/"}]}},"_links":{"self":[{"href":"https:\/\/www.k-w4w.org\/en\/wp-json\/wp\/v2\/posts\/16855","targetHints":{"allow":["GET"]}}],"collection":[{"href":"https:\/\/www.k-w4w.org\/en\/wp-json\/wp\/v2\/posts"}],"about":[{"href":"https:\/\/www.k-w4w.org\/en\/wp-json\/wp\/v2\/types\/post"}],"author":[{"embeddable":true,"href":"https:\/\/www.k-w4w.org\/en\/wp-json\/wp\/v2\/users\/2"}],"replies":[{"embeddable":true,"href":"https:\/\/www.k-w4w.org\/en\/wp-json\/wp\/v2\/comments?post=16855"}],"version-history":[{"count":1,"href":"https:\/\/www.k-w4w.org\/en\/wp-json\/wp\/v2\/posts\/16855\/revisions"}],"predecessor-version":[{"id":16857,"href":"https:\/\/www.k-w4w.org\/en\/wp-json\/wp\/v2\/posts\/16855\/revisions\/16857"}],"wp:featuredmedia":[{"embeddable":true,"href":"https:\/\/www.k-w4w.org\/en\/wp-json\/wp\/v2\/media\/16856"}],"wp:attachment":[{"href":"https:\/\/www.k-w4w.org\/en\/wp-json\/wp\/v2\/media?parent=16855"}],"wp:term":[{"taxonomy":"category","embeddable":true,"href":"https:\/\/www.k-w4w.org\/en\/wp-json\/wp\/v2\/categories?post=16855"},{"taxonomy":"post_tag","embeddable":true,"href":"https:\/\/www.k-w4w.org\/en\/wp-json\/wp\/v2\/tags?post=16855"}],"curies":[{"name":"wp","href":"https:\/\/api.w.org\/{rel}","templated":true}]}}